{"id":124651,"date":"2025-08-26T14:46:04","date_gmt":"2025-08-26T14:46:04","guid":{"rendered":"https:\/\/tvbrazilusa.com\/2025\/08\/26\/florida-reprimir-os-motoristas-de-caminhoes-imigrantes-na-fronteira-estadual-jacksonville-hoje\/"},"modified":"2025-08-26T14:47:20","modified_gmt":"2025-08-26T14:47:20","slug":"florida-reprimir-os-motoristas-de-caminhoes-imigrantes-na-fronteira-estadual-jacksonville-hoje","status":"publish","type":"post","link":"https:\/\/tvbrazilusa.com\/pt\/2025\/08\/26\/florida-reprimir-os-motoristas-de-caminhoes-imigrantes-na-fronteira-estadual-jacksonville-hoje\/","title":{"rendered":"Florida reprimir os motoristas de caminh\u00f5es imigrantes na fronteira estadual | Jacksonville hoje"},"content":{"rendered":"<p> <script async src=\"https:\/\/pagead2.googlesyndication.com\/pagead\/js\/adsbygoogle.js?client=ca-pub-8864793242727901\"\r\n     crossorigin=\"anonymous\"><\/script><br \/>\n<\/p>\n<div>\n<p>O procurador -geral da Fl\u00f3rida, James Uthmeier, est\u00e1 ampliando as tentativas de reprimir motoristas de caminh\u00f5es imigrantes sem status legal.<\/p>\n<p>Durante uma entrevista coletiva em Live Oak na segunda -feira, Uthmeier destacou a pris\u00e3o de um fim de semana de um motorista de caminh\u00e3o imigrante sem documentos em Bay County.<\/p>\n<p>&#8220;N\u00e3o h\u00e1 como dizer quantos estrangeiros ilegais est\u00e3o neste pa\u00eds, dirigindo grandes ve\u00edculos comerciais e colocando as fam\u00edlias americanas em um risco de seguran\u00e7a todos os dias&#8221;, disse ele.<\/p>\n<p><!-- This site is converting visitors into subscribers and customers with OptinMonster - https:\/\/api.omwpapi.com :: Campaign Title: ACTIVE after 8.13, 2025 Email Registration Wall Message --><\/p>\n<p><!-- \/ OptinMonster --><\/p>\n<p>Uthmeier e o governador Ron DeSantis t\u00eam levantado alarmes sobre o problema depois de um motorista de caminh\u00e3o sem documentos <a href=\"https:\/\/www.cbsnews.com\/miami\/news\/fatal-florida-crash-fuels-immigration-fight-between-desantis-and-newsom\/\" target=\"_blank\" rel=\"noopener nofollow\">causou uma colis\u00e3o fatal<\/a> No estado no in\u00edcio deste m\u00eas, que matou tr\u00eas pessoas.<\/p>\n<p>A Patrulha Rodovi\u00e1ria do Estado come\u00e7ou a procurar motoristas de caminh\u00e3o sem documentos nos pontos de verifica\u00e7\u00e3o quando os caminhoneiros entram no estado.<\/p>\n<p>O governo federal fez uma pausa emitindo vistos de motorista de caminh\u00e3o ap\u00f3s o incidente. Os cr\u00edticos est\u00e3o preocupados que a a\u00e7\u00e3o possa exacerbar a escassez de caminh\u00f5es no pa\u00eds.<\/p>\n<\/div>\n<p><br \/>\n<br \/><a href=\"https:\/\/jaxtoday.org\/2025\/08\/26\/florida-cracks-down-on-immigrant-truck-drivers-at-state-border\/\">Source link <\/a><\/p>","protected":false},"excerpt":{"rendered":"<p>O procurador -geral da Fl\u00f3rida, James Uthmeier, est\u00e1 ampliando as tentativas de reprimir motoristas de caminh\u00f5es imigrantes sem status legal. Durante uma entrevista coletiva em Live Oak na segunda -feira,&hellip;<\/p>","protected":false},"author":1,"featured_media":124652,"comment_status":"closed","ping_status":"open","sticky":false,"template":"","format":"standard","meta":{"content-type":"","footnotes":""},"categories":[1],"tags":[336,1836,34460,1267,1268,34458,34459],"class_list":["post-124651","post","type-post","status-publish","format-standard","has-post-thumbnail","hentry","category-uncategorized","tag-governo","tag-imigracao","tag-imigrantes-sem-documentos","tag-noticias","tag-noticias-do-estado","tag-procurador-geral-james-uthmeier","tag-reforma-da-imigracao"],"_links":{"self":[{"href":"https:\/\/tvbrazilusa.com\/pt\/wp-json\/wp\/v2\/posts\/124651","targetHints":{"allow":["GET"]}}],"collection":[{"href":"https:\/\/tvbrazilusa.com\/pt\/wp-json\/wp\/v2\/posts"}],"about":[{"href":"https:\/\/tvbrazilusa.com\/pt\/wp-json\/wp\/v2\/types\/post"}],"author":[{"embeddable":true,"href":"https:\/\/tvbrazilusa.com\/pt\/wp-json\/wp\/v2\/users\/1"}],"replies":[{"embeddable":true,"href":"https:\/\/tvbrazilusa.com\/pt\/wp-json\/wp\/v2\/comments?post=124651"}],"version-history":[{"count":1,"href":"https:\/\/tvbrazilusa.com\/pt\/wp-json\/wp\/v2\/posts\/124651\/revisions"}],"predecessor-version":[{"id":124653,"href":"https:\/\/tvbrazilusa.com\/pt\/wp-json\/wp\/v2\/posts\/124651\/revisions\/124653"}],"wp:featuredmedia":[{"embeddable":true,"href":"https:\/\/tvbrazilusa.com\/pt\/wp-json\/wp\/v2\/media\/124652"}],"wp:attachment":[{"href":"https:\/\/tvbrazilusa.com\/pt\/wp-json\/wp\/v2\/media?parent=124651"}],"wp:term":[{"taxonomy":"category","embeddable":true,"href":"https:\/\/tvbrazilusa.com\/pt\/wp-json\/wp\/v2\/categories?post=124651"},{"taxonomy":"post_tag","embeddable":true,"href":"https:\/\/tvbrazilusa.com\/pt\/wp-json\/wp\/v2\/tags?post=124651"}],"curies":[{"name":"wp","href":"https:\/\/api.w.org\/{rel}","templated":true}]}}