{"id":124697,"date":"2025-08-26T21:02:36","date_gmt":"2025-08-26T21:02:36","guid":{"rendered":"https:\/\/tvbrazilusa.com\/2025\/08\/26\/a-comemoracao-de-saturday-com-manuseio-de-ax-vem-em-meio-a-um-empurrao-para-remover-o-patrimonio-do-discurso-publico-jacksonville-hoje\/"},"modified":"2025-08-26T21:03:40","modified_gmt":"2025-08-26T21:03:40","slug":"a-comemoracao-de-saturday-com-manuseio-de-ax-vem-em-meio-a-um-empurrao-para-remover-o-patrimonio-do-discurso-publico-jacksonville-hoje","status":"publish","type":"post","link":"https:\/\/tvbrazilusa.com\/pt\/2025\/08\/26\/a-comemoracao-de-saturday-com-manuseio-de-ax-vem-em-meio-a-um-empurrao-para-remover-o-patrimonio-do-discurso-publico-jacksonville-hoje\/","title":{"rendered":"A comemora\u00e7\u00e3o de Saturday, com manuseio de Ax, vem em meio a um empurr\u00e3o para remover o patrim\u00f4nio do discurso p\u00fablico | Jacksonville hoje"},"content":{"rendered":"<p> <script async src=\"https:\/\/pagead2.googlesyndication.com\/pagead\/js\/adsbygoogle.js?client=ca-pub-8864793242727901\"\r\n     crossorigin=\"anonymous\"><\/script><br \/>\n<\/p>\n<div>\n<p data-beyondwords-marker=\"511be95c-148d-4cb0-8cc2-e184c67da685\">Wynetta Pearson Ussery diz que houve apenas duas vezes em sua vida que ela lembrou que seu pai chorou em sua presen\u00e7a.<\/p>\n<p data-beyondwords-marker=\"ce99e50d-814e-4ab1-8a56-ab4daf77c123\">O primeiro foi 27 de agosto de 1960, quando o tio de USsery, <a href=\"https:\/\/www.thejaxsonmag.com\/article\/the-pearson-brothers-a-jacksonville-civil-rights-story\/\" rel=\"nofollow noopener\" target=\"_blank\">Rutledge Pearson<\/a>estava ensanguentado &#8220;com (a) buraco na cabe\u00e7a, onde ele foi atingido&#8221;.<\/p>\n<p data-beyondwords-marker=\"f9a653f6-3faa-456c-9341-4fc8b7a35bb6\">Pearson era l\u00edder na NAACP de Jacksonville, que aconselhou os estudantes locais do ensino m\u00e9dio que participaram de sentar-se nos balc\u00f5es de almo\u00e7o no centro. A desobedi\u00eancia civil adolescente foi recebida com a viol\u00eancia de adultos.<\/p>\n<p><!-- This site is converting visitors into subscribers and customers with OptinMonster - https:\/\/api.omwpapi.com :: Campaign Title: ACTIVE after 8.13, 2025 Email Registration Wall Message --><\/p>\n<p><!-- \/ OptinMonster --><\/p>\n<p data-beyondwords-marker=\"fc270b6d-31d0-4231-8488-48239153735f\"><a href=\"https:\/\/www.thejaxsonmag.com\/article\/the-story-behind-ax-handle-saturdays-most-famous-photo\/\" rel=\"nofollow noopener\" target=\"_blank\">Macar no s\u00e1bado<\/a> Foi um dos momentos mais vergonhosos de Jacksonville.<\/p>\n<p data-beyondwords-marker=\"bea7ef40-a5b5-47d1-b34b-e0f349b1c70f\">Quarta -feira, a <a href=\"https:\/\/www.facebook.com\/events\/the-church-of-oakland-1025-jessie-st-32206\/65th-commemorative-anniversary-the-jacksonville-youth-council-naacp-sit-ins-and-\/2672184433116535\/\" rel=\"nofollow noopener\" target=\"_blank\">A comemora\u00e7\u00e3o ocorrer\u00e1 no Eastside<\/a> na Igreja de Oakland, na Jessie Street. O evento come\u00e7a \u00e0s 18h<\/p>\n<p data-beyondwords-marker=\"89dbd432-7e87-45a1-859e-577abfbf4116\">As reflex\u00f5es deste ano come\u00e7aram quando a Aurora Teatrical Company produziu <em>A experi\u00eancia de manifesta\u00e7\u00e3o:<\/em> <em>Macar no s\u00e1bado<\/em> no domingo<em>.<\/em><\/p>\n<figure data-beyondwords-marker=\"25970f2c-ca33-4725-95bf-48c6f03a46fc\" class=\"wp-block-image size-large\"><figcaption class=\"wp-element-caption\">A experi\u00eancia de manifesta\u00e7\u00e3o: Ax Handle no s\u00e1bado foi uma reencena\u00e7\u00e3o da demonstra\u00e7\u00e3o de Direitos Civis de 27 de agosto de 1960 que procurou interromper um balc\u00e3o de almo\u00e7o no centro de Jacksonville. Foi realizado por artistas, m\u00fasicos, ativistas e membros da comunidade de Jacksonville dentro do WJCT Soundstage no domingo, 24 de agosto de 2025. Will Brown, Jacksonville hoje<\/figcaption><\/figure>\n<p data-beyondwords-marker=\"d6634acf-9aed-4a74-b4bd-9a2aeebe09b8\">Ussery estava entre as quase 200 pessoas que assistiram a uma reencena\u00e7\u00e3o da viol\u00eancia de estado no MAX, manipulando no s\u00e1bado.<\/p>\n<figure data-beyondwords-marker=\"672abf22-94eb-4aad-9c51-c19431f04e13\" class=\"wp-block-image size-large\"><img loading=\"lazy\" data-dominant-color=\"8f6c6c\" data-has-transparency=\"false\" style=\"--dominant-color: #8f6c6c;\" decoding=\"async\" width=\"1024\" height=\"576\" src=\"https:\/\/jaxtoday.org\/wp-content\/uploads\/2025\/08\/Aug.-24-The-Sit-in-Experience_-Ax-Handle-Saturday-04-1024x576.jpg\" alt=\"\" class=\"wp-image-100609 not-transparent\" srcset=\"https:\/\/jaxtoday.org\/wp-content\/uploads\/2025\/08\/Aug.-24-The-Sit-in-Experience_-Ax-Handle-Saturday-04-1024x576.jpg 1024w, https:\/\/jaxtoday.org\/wp-content\/uploads\/2025\/08\/Aug.-24-The-Sit-in-Experience_-Ax-Handle-Saturday-04-300x169.jpg 300w, https:\/\/jaxtoday.org\/wp-content\/uploads\/2025\/08\/Aug.-24-The-Sit-in-Experience_-Ax-Handle-Saturday-04-768x432.jpg 768w, https:\/\/jaxtoday.org\/wp-content\/uploads\/2025\/08\/Aug.-24-The-Sit-in-Experience_-Ax-Handle-Saturday-04-1536x864.jpg 1536w, https:\/\/jaxtoday.org\/wp-content\/uploads\/2025\/08\/Aug.-24-The-Sit-in-Experience_-Ax-Handle-Saturday-04-2048x1152.jpg 2048w, https:\/\/jaxtoday.org\/wp-content\/uploads\/2025\/08\/Aug.-24-The-Sit-in-Experience_-Ax-Handle-Saturday-04-800x450.jpg 800w, https:\/\/jaxtoday.org\/wp-content\/uploads\/2025\/08\/Aug.-24-The-Sit-in-Experience_-Ax-Handle-Saturday-04-1200x675.jpg 1200w, https:\/\/jaxtoday.org\/wp-content\/uploads\/2025\/08\/Aug.-24-The-Sit-in-Experience_-Ax-Handle-Saturday-04-427x240.jpg 427w, https:\/\/jaxtoday.org\/wp-content\/uploads\/2025\/08\/Aug.-24-The-Sit-in-Experience_-Ax-Handle-Saturday-04-100x56.jpg 100w, https:\/\/jaxtoday.org\/wp-content\/uploads\/2025\/08\/Aug.-24-The-Sit-in-Experience_-Ax-Handle-Saturday-04-1650x928.jpg 1650w\" sizes=\"auto, (max-width: 1024px) 100vw, 1024px\"\/><figcaption class=\"wp-element-caption\">A experi\u00eancia de manifesta\u00e7\u00e3o: Ax Handle no s\u00e1bado foi uma reencena\u00e7\u00e3o da demonstra\u00e7\u00e3o de Direitos Civis de 27 de agosto de 1960 que procurou interromper um balc\u00e3o de almo\u00e7o no centro de Jacksonville. Foi realizado por artistas, m\u00fasicos, ativistas e membros da comunidade de Jacksonville dentro do WJCT Soundstage no domingo, 24 de agosto de 2025. Will Brown, Jacksonville hoje<\/figcaption><\/figure>\n<p data-beyondwords-marker=\"65fdd9ed-d066-44d8-9c82-fec0fb277146\">&#8220;Isso apenas traz de volta inunda\u00e7\u00f5es de lembran\u00e7as e est\u00e1 no fundo do meu cora\u00e7\u00e3o&#8221;, diz Ussery. &#8220;Est\u00e1 incorporado. (\u00c9 por isso que luto pela justi\u00e7a. Acredito nisso.<\/p>\n<p data-beyondwords-marker=\"a7262b1c-d218-4179-839c-3b8a7d4d07ae\">A USsery est\u00e1 ativa no ICARE, a Coaliz\u00e3o Inter -religiosa para reconcilia\u00e7\u00e3o e empoderamento da a\u00e7\u00e3o. A coaliz\u00e3o procurou encontrar solu\u00e7\u00f5es para a crise imobili\u00e1ria acess\u00edvel de Jacksonville e a taxa de assassinatos.<\/p>\n<p data-beyondwords-marker=\"9eacc880-9617-421a-a0ab-3069c4d91f7f\">Ussery diz que est\u00e1 comprometida em responsabilizar as autoridades eleitas pelas promessas que fazem na trilha da campanha.<\/p>\n<figure data-beyondwords-marker=\"e5670667-9752-448d-962b-fe93028178f8\" class=\"wp-block-image size-large is-resized\"><img loading=\"lazy\" data-dominant-color=\"62514b\" data-has-transparency=\"false\" decoding=\"async\" width=\"682\" height=\"1024\" src=\"https:\/\/jaxtoday.org\/wp-content\/uploads\/2025\/08\/Aug.-24-The-Sit-in-Experience_-Ax-Handle-Saturday-10-682x1024.jpg\" alt=\"\" class=\"wp-image-100607 not-transparent\" style=\"--dominant-color: #62514b; width:804px;height:auto\" srcset=\"https:\/\/jaxtoday.org\/wp-content\/uploads\/2025\/08\/Aug.-24-The-Sit-in-Experience_-Ax-Handle-Saturday-10-682x1024.jpg 682w, https:\/\/jaxtoday.org\/wp-content\/uploads\/2025\/08\/Aug.-24-The-Sit-in-Experience_-Ax-Handle-Saturday-10-200x300.jpg 200w, https:\/\/jaxtoday.org\/wp-content\/uploads\/2025\/08\/Aug.-24-The-Sit-in-Experience_-Ax-Handle-Saturday-10-768x1152.jpg 768w, https:\/\/jaxtoday.org\/wp-content\/uploads\/2025\/08\/Aug.-24-The-Sit-in-Experience_-Ax-Handle-Saturday-10-1024x1536.jpg 1024w, https:\/\/jaxtoday.org\/wp-content\/uploads\/2025\/08\/Aug.-24-The-Sit-in-Experience_-Ax-Handle-Saturday-10-160x240.jpg 160w, https:\/\/jaxtoday.org\/wp-content\/uploads\/2025\/08\/Aug.-24-The-Sit-in-Experience_-Ax-Handle-Saturday-10-100x150.jpg 100w, https:\/\/jaxtoday.org\/wp-content\/uploads\/2025\/08\/Aug.-24-The-Sit-in-Experience_-Ax-Handle-Saturday-10.jpg 1313w\" sizes=\"auto, (max-width: 682px) 100vw, 682px\"\/><figcaption class=\"wp-element-caption\">Wynetta Pearson Ussery disse que assistindo a experi\u00eancia de manifesta\u00e7\u00e3o: Ax Handle no s\u00e1bado, uma reencena\u00e7\u00e3o do Ax Handle no s\u00e1bado, trouxe de volta as mem\u00f3rias da tarde de agosto, onde seu tio foi espancado depois que a NAACP Activistis realizou uma manifesta\u00e7\u00e3o em um balc\u00e3o de almo\u00e7o no centro de Jacksonville. | Will Brown, Jacksonville hoje<\/figcaption><\/figure>\n<p data-beyondwords-marker=\"e828b985-ad40-4751-bc2c-232c1dff60a7\">A\u00e7\u00e3o direta com foco em Jacksonville, e as pessoas carentes aqui s\u00e3o algo que a fam\u00edlia Pearson faz h\u00e1 d\u00e9cadas. Enquanto isso, outros procuraram melhorar a cidade do rio atrav\u00e9s de seu apoio indireto dos ativistas que exigiram promessas feitas eram promessas.<\/p>\n<p data-beyondwords-marker=\"dcf8ebe4-e764-4951-9a95-f197f408ba3a\">Adam Dubois Jr. cresceu nas casas de Blodgett. Ele n\u00e3o foi inicialmente no centro da cidade com o Conselho da Juventude da NAACP no AX Handal no s\u00e1bado. Mas, quando os ativistas da juventude precisavam de refor\u00e7os quando se retiraram, Dubois e outros estavam l\u00e1.<\/p>\n<figure data-beyondwords-marker=\"1a66ee8c-e320-44aa-a8d2-fdc5c5e9dbeb\" class=\"wp-block-image size-large\"><img loading=\"lazy\" data-dominant-color=\"7e4123\" data-has-transparency=\"false\" style=\"--dominant-color: #7e4123;\" decoding=\"async\" width=\"1024\" height=\"576\" src=\"https:\/\/jaxtoday.org\/wp-content\/uploads\/2025\/08\/Aug.-24-The-Sit-in-Experience_-Ax-Handle-Saturday-08-1024x576.jpg\" alt=\"\" class=\"wp-image-100608 not-transparent\" srcset=\"https:\/\/jaxtoday.org\/wp-content\/uploads\/2025\/08\/Aug.-24-The-Sit-in-Experience_-Ax-Handle-Saturday-08-1024x576.jpg 1024w, https:\/\/jaxtoday.org\/wp-content\/uploads\/2025\/08\/Aug.-24-The-Sit-in-Experience_-Ax-Handle-Saturday-08-300x169.jpg 300w, https:\/\/jaxtoday.org\/wp-content\/uploads\/2025\/08\/Aug.-24-The-Sit-in-Experience_-Ax-Handle-Saturday-08-768x432.jpg 768w, https:\/\/jaxtoday.org\/wp-content\/uploads\/2025\/08\/Aug.-24-The-Sit-in-Experience_-Ax-Handle-Saturday-08-1536x864.jpg 1536w, https:\/\/jaxtoday.org\/wp-content\/uploads\/2025\/08\/Aug.-24-The-Sit-in-Experience_-Ax-Handle-Saturday-08-800x450.jpg 800w, https:\/\/jaxtoday.org\/wp-content\/uploads\/2025\/08\/Aug.-24-The-Sit-in-Experience_-Ax-Handle-Saturday-08-1200x675.jpg 1200w, https:\/\/jaxtoday.org\/wp-content\/uploads\/2025\/08\/Aug.-24-The-Sit-in-Experience_-Ax-Handle-Saturday-08-427x240.jpg 427w, https:\/\/jaxtoday.org\/wp-content\/uploads\/2025\/08\/Aug.-24-The-Sit-in-Experience_-Ax-Handle-Saturday-08-100x56.jpg 100w, https:\/\/jaxtoday.org\/wp-content\/uploads\/2025\/08\/Aug.-24-The-Sit-in-Experience_-Ax-Handle-Saturday-08-1650x928.jpg 1650w, https:\/\/jaxtoday.org\/wp-content\/uploads\/2025\/08\/Aug.-24-The-Sit-in-Experience_-Ax-Handle-Saturday-08.jpg 1986w\" sizes=\"auto, (max-width: 1024px) 100vw, 1024px\"\/><figcaption class=\"wp-element-caption\">Adam Dubois Jr. lembrou a assist\u00eancia que ele forneceu aos ativistas da NAACP no AX Handle no s\u00e1bado, durante um painel de discuss\u00e3o realizado no WJCT Studios no domingo, 24 de agosto de 2025. A experi\u00eancia de Sit-in: Ax Handle no s\u00e1bado foi uma reconstitui\u00e7\u00e3o da demonstra\u00e7\u00e3o de Direitos Civis de 27 de agosto. Foi realizado por artistas, m\u00fasicos, ativistas e membros da comunidade de Jacksonville. | Will Brown, Jacksonville hoje<\/figcaption><\/figure>\n<p data-beyondwords-marker=\"96d29c65-aeab-4598-89b8-91c46645ba09\">Dubois, agora com 81 anos, fazia parte de um painel de discuss\u00e3o que foi mantido depois <em>A experi\u00eancia de manifesta\u00e7\u00e3o:<\/em> <em>Macar no s\u00e1bado<\/em> conclu\u00eddo.<\/p>\n<p data-beyondwords-marker=\"d66b4c90-0971-404f-ad3d-233f246b0749\">&#8220;Todo mundo voltou aos projetos&#8221;, lembrou Dubois no domingo. &#8220;Quando nos reunimos l\u00e1. Havia um grande n\u00famero de n\u00f3s. Naquela \u00e9poca, a pol\u00edcia nos cercava. Pol\u00edcia negra. Eles queriam saber quais eram nossas inten\u00e7\u00f5es. Bem, dissemos a eles que est\u00e1vamos aqui para os Jogos Ol\u00edmpicos de Ver\u00e3o&#8221;.<\/p>\n<p data-beyondwords-marker=\"db8a2b7c-cd28-49eb-bd4b-cf3fe6fd0e76\">\u00c0 medida que os jovens que eram centrais para o protesto come\u00e7am a descansar eternos, n\u00e3o h\u00e1 garantia de que os anci\u00e3os que permanecem possam participar de comemora\u00e7\u00f5es futuras.<\/p>\n<p data-beyondwords-marker=\"bba46727-b1d2-424f-86a8-8d2b85596ca7\"><a href=\"https:\/\/digitalcommons.unf.edu\/hurst_images\/\" rel=\"nofollow noopener\" target=\"_blank\">Rodney L. Hurst Sr.<\/a> Espera -se que participe. O ativista e historiador local era um estudante de 16 anos quando ele e outros procuraram almo\u00e7ar no balc\u00e3o de um almo\u00e7o de Woolworth, no centro da cidade.<\/p>\n<p data-beyondwords-marker=\"43171b05-9108-42da-936a-9a6a07317379\">Hurst e outros foram ensanguentados, espancados e removidos com for\u00e7a do espa\u00e7o p\u00fablico porque sua pele melanizada foi percebida como perturbada.<\/p>\n<p data-beyondwords-marker=\"bf468249-cada-4b35-96e6-fa93130269bd\">No in\u00edcio deste ano, Hurst reconheceu que achava que sua cidade natal estaria mais adiante. Seus coment\u00e1rios vieram antes dos pol\u00edticos locais <a href=\"https:\/\/x.com\/RoryDiamond\/status\/1956043102629540296\" rel=\"nofollow\">Diversidade rotulada, equidade e inclus\u00e3o como racismo<\/a> e antes dos l\u00edderes em todo o estado renovarem seu antagonismo em rela\u00e7\u00e3o a qualquer coisa considerada acordada.<\/p>\n<p data-beyondwords-marker=\"83582c35-aa63-478f-9413-86a95b0dac92\">&#8220;Jogamos jogos quando se trata de igualdade e justi\u00e7a neste pa\u00eds&#8221;, disse Hurst \u00e0 <em>Jacksonville hoje<\/em> Na v\u00e9spera da segunda presid\u00eancia do presidente Donald Trump. \u201cEstamos em um lugar onde pessoas negras e brancas n\u00e3o querem dizer coisas que se sentem desconfort\u00e1veis. Ent\u00e3o, eles n\u00e3o falam sobre racismo. Eles n\u00e3o falam sobre quest\u00f5es no que se refere \u00e0 hist\u00f3ria negra e \u00e0 proibi\u00e7\u00e3o de livros.<\/p>\n<p data-beyondwords-marker=\"8eb63328-d861-45f4-8c35-929d4a9551af\">\u201cEles n\u00e3o falam sobre o que acontece e est\u00e1 acontecendo na arena educacional; o que acontece em empregos; o que acontece em um sistema universit\u00e1rio em que os professores universit\u00e1rios e professores t\u00eam medo de falar sobre hist\u00f3ria negra.\u2026<\/p>\n<p data-beyondwords-marker=\"cc4910b1-81bd-4372-b2f9-4e05de282e68\">\u201cN\u00e3o estamos interessados \u200b\u200bem nivelar o campo de jogo. N\u00e3o nos importamos com o campo de jogo estar nivelado. N\u00e3o nos importamos com o que acontece com as crian\u00e7as negras em uma sala de aula. N\u00e3o nos importamos com a hist\u00f3ria negra. N\u00e3o nos importamos com os livros negros que contam a hist\u00f3ria. Queremos nosso racismo como o tivemos ao longo dos anos.<\/p>\n<p data-beyondwords-marker=\"b4e784b4-4488-47b4-b0c1-b792a1777260\">&#8220;\u00c9 com isso que as pessoas lidam. Isso n\u00e3o mudou.&#8221;<\/p>\n<\/div>\n<p><br \/>\n<br \/><a href=\"https:\/\/jaxtoday.org\/2025\/08\/26\/ax-handle-saturday-commemoration-comes-amid-push-to-remove-equity-from-public-discourse\/\">Source link <\/a><\/p>","protected":false},"excerpt":{"rendered":"<p>Wynetta Pearson Ussery diz que houve apenas duas vezes em sua vida que ela lembrou que seu pai chorou em sua presen\u00e7a. O primeiro foi 27 de agosto de 1960,&hellip;<\/p>","protected":false},"author":1,"featured_media":124698,"comment_status":"closed","ping_status":"open","sticky":false,"template":"","format":"standard","meta":{"content-type":"","footnotes":""},"categories":[1],"tags":[],"class_list":["post-124697","post","type-post","status-publish","format-standard","has-post-thumbnail","hentry","category-uncategorized"],"_links":{"self":[{"href":"https:\/\/tvbrazilusa.com\/pt\/wp-json\/wp\/v2\/posts\/124697","targetHints":{"allow":["GET"]}}],"collection":[{"href":"https:\/\/tvbrazilusa.com\/pt\/wp-json\/wp\/v2\/posts"}],"about":[{"href":"https:\/\/tvbrazilusa.com\/pt\/wp-json\/wp\/v2\/types\/post"}],"author":[{"embeddable":true,"href":"https:\/\/tvbrazilusa.com\/pt\/wp-json\/wp\/v2\/users\/1"}],"replies":[{"embeddable":true,"href":"https:\/\/tvbrazilusa.com\/pt\/wp-json\/wp\/v2\/comments?post=124697"}],"version-history":[{"count":1,"href":"https:\/\/tvbrazilusa.com\/pt\/wp-json\/wp\/v2\/posts\/124697\/revisions"}],"predecessor-version":[{"id":124699,"href":"https:\/\/tvbrazilusa.com\/pt\/wp-json\/wp\/v2\/posts\/124697\/revisions\/124699"}],"wp:featuredmedia":[{"embeddable":true,"href":"https:\/\/tvbrazilusa.com\/pt\/wp-json\/wp\/v2\/media\/124698"}],"wp:attachment":[{"href":"https:\/\/tvbrazilusa.com\/pt\/wp-json\/wp\/v2\/media?parent=124697"}],"wp:term":[{"taxonomy":"category","embeddable":true,"href":"https:\/\/tvbrazilusa.com\/pt\/wp-json\/wp\/v2\/categories?post=124697"},{"taxonomy":"post_tag","embeddable":true,"href":"https:\/\/tvbrazilusa.com\/pt\/wp-json\/wp\/v2\/tags?post=124697"}],"curies":[{"name":"wp","href":"https:\/\/api.w.org\/{rel}","templated":true}]}}