{"id":124865,"date":"2025-08-28T18:33:23","date_gmt":"2025-08-28T18:33:23","guid":{"rendered":"https:\/\/tvbrazilusa.com\/2025\/08\/28\/novas-restricoes-de-vacinas-covid-19-o-que-isso-significa-para-os-residentes-da-fl\/"},"modified":"2025-08-28T20:01:58","modified_gmt":"2025-08-28T20:01:58","slug":"novas-restricoes-de-vacinas-covid-19-o-que-isso-significa-para-os-residentes-da-fl","status":"publish","type":"post","link":"https:\/\/tvbrazilusa.com\/pt\/2025\/08\/28\/novas-restricoes-de-vacinas-covid-19-o-que-isso-significa-para-os-residentes-da-fl\/","title":{"rendered":"Novas restri\u00e7\u00f5es de vacinas covid-19: o que isso significa para os residentes da FL"},"content":{"rendered":"<p> <script async src=\"https:\/\/pagead2.googlesyndication.com\/pagead\/js\/adsbygoogle.js?client=ca-pub-8864793242727901\"\r\n     crossorigin=\"anonymous\"><\/script><br \/>\n<\/p>\n<div>\n<p>Uma vers\u00e3o nova e atualizada da vacina Covid-19 foi aprovada para a pr\u00f3xima temporada de doen\u00e7as respirat\u00f3rias de outono e inverno, anunciou a Food and Drug Administration na quarta-feira, embora tenha revelado condi\u00e7\u00f5es controversas e rigorosas sobre quem pode acess\u00e1-lo na Fl\u00f3rida.<\/p>\n<\/div>\n<div>\n<p>A ag\u00eancia limitou a aprova\u00e7\u00e3o para as novas vacinas apenas para adultos com 65 anos ou mais. Para as pessoas entre 5 e 64, elas devem ter pelo menos uma condi\u00e7\u00e3o subjacente, como asma ou obesidade, que as coloca em risco de covid severo. Cr\u00edticos e muitos defensores da sa\u00fade dizem que isso desnecessariamente coloca a sa\u00fade dos pacientes em risco.<\/p>\n<p>A nova e aprimorada vacina pela Pfizer-Biontech corresponder\u00e1 mais de perto \u00e0s novas cepas que circulavam em todo o pa\u00eds, visando uma sub-linhagem JN.1 da doen\u00e7a conhecida como LP.8.1.<\/p>\n<\/div>\n<div>\n<p>A FDA aprovou novas vers\u00f5es das vacinas covid-19 de <a href=\"https:\/\/www.businesswire.com\/news\/home\/20250822994391\/en\/Pfizer-and-BioNTechs-COMIRNATY-Receives-U.S.-FDA-Approval-for-Adults-65-and-Older-and-Individuals-Ages-5-through-64-at-Increased-Risk-for-Severe-COVID-19\" target=\"_blank\" rel=\"nofollow\">Pfizer e Biontech<\/a> e de <a href=\"https:\/\/feeds.issuerdirect.com\/news-release.html?newsid=6729249760870595&#038;symbol=MRNA\" target=\"_blank\" rel=\"nofollow\">Moderna<\/a>as empresas anunciaram. As vers\u00f5es mais recentes s\u00e3o projetadas para atingir a sublineagem lp.8.1 <a href=\"https:\/\/patch.com\/florida\/southtampa\/razor-blade-covid-19-variant-stratus-spreads-u-s-see-fl-impacts\" target=\"_blank\">V\u00edrus SARS-CoV-2, a variante mais recente<\/a> Isso tem se espalhado na Fl\u00f3rida.<\/p>\n<p>No entanto, as novas vers\u00f5es n\u00e3o estar\u00e3o dispon\u00edveis para todos os residentes da Fl\u00f3rida que desejam um, de acordo com as aprova\u00e7\u00f5es da FDA.<\/p>\n<\/div>\n<div>\n<p>As vacinas atualizadas estar\u00e3o dispon\u00edveis apenas para pessoas com 65 anos ou mais, disse o FDA. Esses 64 ou menos s\u00f3 podem receber as vacinas se tiverem pelo menos uma condi\u00e7\u00e3o subjacente que as coloca em alto risco de resultados graves do Covid-19, informou o FDA. Cr\u00edticos e muitos defensores da sa\u00fade dizem que isso desnecessariamente coloca a sa\u00fade dos pacientes em risco.<\/p>\n<p>As restri\u00e7\u00f5es provocaram uma rea\u00e7\u00e3o acentuada de grupos como o <a href=\"https:\/\/www.aap.org\/\" target=\"_blank\" rel=\"nofollow\">Associa\u00e7\u00e3o Americana de Pediatria<\/a>que publicaram suas pr\u00f3prias diretrizes de vacinas que, pela primeira vez, divergem acentuadamente do CDC.<\/p>\n<\/div>\n<div>\n<p>De acordo com as \u00faltimas estat\u00edsticas do <a href=\"https:\/\/www.cdc.gov\/cfa-modeling-and-forecasting\/rt-estimates\/index.html\" target=\"_blank\" rel=\"nofollow\">CDC<\/a>a taxa do v\u00edrus est\u00e1 firmemente na categoria &#8220;em crescimento&#8221;, com uma probabilidade de 92,65 % de trajet\u00f3ria ascendente.<\/p>\n<p>A porcentagem geral de visitas ao departamento de emerg\u00eancia devido ao Covid-19 permanece baixa, no entanto, em 0,52 %.<\/p>\n<\/div>\n<div>\n<p>O CDC tamb\u00e9m estima uma taxa &#8220;R&#8221; de 1,07, ou entre 0,96 e 1,12, uma figura que estima quantas novas infec\u00e7\u00f5es s\u00e3o causadas por cada pessoa infectada. Qualquer &#8220;r&#8221; acima de 1 indica um crescimento no v\u00edrus.<\/p>\n<p>Um comit\u00ea consultivo dos Centros de Controle e Preven\u00e7\u00e3o de Doen\u00e7as deve seguir o voto para recomendar as vacinas. Desde que assumiu o cargo, o secret\u00e1rio de Sa\u00fade e Servi\u00e7os Humanos dos EUA, Robert F. Kennedy Jr.<\/p>\n<p>A nova vacina come\u00e7ar\u00e1 a enviar imediatamente e estar\u00e1 dispon\u00edvel em farm\u00e1cias, hospitais e cl\u00ednicas nos EUA nos pr\u00f3ximos dias, disseram autoridades.<\/p>\n<\/div>\n<p><br \/>\n<br \/><a href=\"http:\/\/patch.com\/florida\/southtampa\/new-covid-19-vaccine-restrictions-what-it-means-fl-residents?utm_source=article-mostrecent&#038;utm_medium=rss&#038;utm_term=health%20%26%20fitness&#038;utm_campaign=recirc&#038;utm_content=aol\">Source link <\/a><\/p>","protected":false},"excerpt":{"rendered":"<p>Uma vers\u00e3o nova e atualizada da vacina Covid-19 foi aprovada para a pr\u00f3xima temporada de doen\u00e7as respirat\u00f3rias de outono e inverno, anunciou a Food and Drug Administration na quarta-feira, embora&hellip;<\/p>","protected":false},"author":1,"featured_media":124866,"comment_status":"closed","ping_status":"open","sticky":false,"template":"","format":"standard","meta":{"content-type":"","footnotes":""},"categories":[1],"tags":[],"class_list":["post-124865","post","type-post","status-publish","format-standard","has-post-thumbnail","hentry","category-uncategorized"],"_links":{"self":[{"href":"https:\/\/tvbrazilusa.com\/pt\/wp-json\/wp\/v2\/posts\/124865","targetHints":{"allow":["GET"]}}],"collection":[{"href":"https:\/\/tvbrazilusa.com\/pt\/wp-json\/wp\/v2\/posts"}],"about":[{"href":"https:\/\/tvbrazilusa.com\/pt\/wp-json\/wp\/v2\/types\/post"}],"author":[{"embeddable":true,"href":"https:\/\/tvbrazilusa.com\/pt\/wp-json\/wp\/v2\/users\/1"}],"replies":[{"embeddable":true,"href":"https:\/\/tvbrazilusa.com\/pt\/wp-json\/wp\/v2\/comments?post=124865"}],"version-history":[{"count":1,"href":"https:\/\/tvbrazilusa.com\/pt\/wp-json\/wp\/v2\/posts\/124865\/revisions"}],"predecessor-version":[{"id":124867,"href":"https:\/\/tvbrazilusa.com\/pt\/wp-json\/wp\/v2\/posts\/124865\/revisions\/124867"}],"wp:featuredmedia":[{"embeddable":true,"href":"https:\/\/tvbrazilusa.com\/pt\/wp-json\/wp\/v2\/media\/124866"}],"wp:attachment":[{"href":"https:\/\/tvbrazilusa.com\/pt\/wp-json\/wp\/v2\/media?parent=124865"}],"wp:term":[{"taxonomy":"category","embeddable":true,"href":"https:\/\/tvbrazilusa.com\/pt\/wp-json\/wp\/v2\/categories?post=124865"},{"taxonomy":"post_tag","embeddable":true,"href":"https:\/\/tvbrazilusa.com\/pt\/wp-json\/wp\/v2\/tags?post=124865"}],"curies":[{"name":"wp","href":"https:\/\/api.w.org\/{rel}","templated":true}]}}