{"id":12521,"date":"2024-07-30T19:08:21","date_gmt":"2024-07-30T19:08:21","guid":{"rendered":"https:\/\/tvbrazilusa.com\/2024\/07\/30\/juiza-afirma-que-empresario-usou-porsche-como-arma-para-matar-motoboy\/"},"modified":"2024-07-30T19:11:38","modified_gmt":"2024-07-30T19:11:38","slug":"juiza-afirma-que-empresario-usou-porsche-como-arma-para-matar-motoboy","status":"publish","type":"post","link":"https:\/\/tvbrazilusa.com\/pt\/2024\/07\/30\/juiza-afirma-que-empresario-usou-porsche-como-arma-para-matar-motoboy\/","title":{"rendered":"Ju\u00edza afirma que empres\u00e1rio usou Porsche como \u201carma\u201d para matar motoboy"},"content":{"rendered":"<p> <script async src=\"https:\/\/pagead2.googlesyndication.com\/pagead\/js\/adsbygoogle.js?client=ca-pub-8864793242727901\"\r\n     crossorigin=\"anonymous\"><\/script><br \/>\n<\/p>\n<div>\n<p><em>Foto: Renan Porto\/Metr\u00f3poles<\/em><\/p>\n<p>Na \u00faltima segunda-feira (29\/7), a ju\u00edza Vivian Brenner de Oliveira determinou a pris\u00e3o preventiva do empres\u00e1rio Igor Ferreira Sauceda, ap\u00f3s audi\u00eancia de cust\u00f3dia. Sauceda \u00e9 acusado de usar seu Porsche Cayman amarelo como uma \u201carma\u201d para perseguir e matar o motoboy Pedro Kaique Ventura, de 21 anos. O jovem foi socorrido e levado ao Hospital do Graja\u00fa, mas infelizmente n\u00e3o resistiu aos ferimentos.<\/p>\n<p>Segundo a magistrada, a falta de ingest\u00e3o de bebidas alco\u00f3licas por parte de Sauceda n\u00e3o diminui a gravidade de suas a\u00e7\u00f5es. De acordo com a ju\u00edza, \u201cn\u00e3o estando alcoolizado, tomou a decis\u00e3o clara e consciente de perseguir um motoqueiro desconhecido ap\u00f3s este ter danificado o seu retrovisor\u201d. A decis\u00e3o destacou a necessidade da pris\u00e3o preventiva para proteger a ordem p\u00fablica.<\/p>\n<h2 class=\"wp-block-heading\">Persegui\u00e7\u00e3o Que Resultou em Trag\u00e9dia<\/h2>\n<p>As imagens de c\u00e2meras de seguran\u00e7a obtidas pela pol\u00edcia mostram o Porsche de Sauceda perseguindo a moto de Pedro Kaique em alta velocidade por cerca de 2 km. Em determinado momento, o Porsche colide com a traseira da moto de Pedro Kaique. O impacto fez com que o jovem se chocasse contra um poste, levando-o \u00e0 morte.<\/p>\n<h2 class=\"wp-block-heading\">Por Que Igor Ferreira Sauceda Foi Preso?<\/h2>\n<p>O acidente fatal ocorreu ap\u00f3s uma briga de tr\u00e2nsito, onde Pedro Kaique teria quebrado o retrovisor do Porsche de Sauceda. Mesmo n\u00e3o estando sob a influ\u00eancia de \u00e1lcool, Sauceda resolveu perseguir o motoqueiro, o que, segundo a ju\u00edza, \u201cdemonstra desprezo pela vida humana\u201d.<\/p>\n<p>O primeiro indiciamento de Sauceda foi por homic\u00eddio culposo, quando n\u00e3o h\u00e1 inten\u00e7\u00e3o de matar. No entanto, com a an\u00e1lise das imagens de seguran\u00e7a, o delegado Edilzo Lima alterou a tipifica\u00e7\u00e3o para homic\u00eddio doloso com dolo eventual, caracterizando que Sauceda assumiu o risco de matar.<\/p>\n<h2 class=\"wp-block-heading\">Sem Alcool, com Inten\u00e7\u00e3o de Matar?<\/h2>\n<p>Em casos de tr\u00e2nsito com fatalidades, muitas vezes presume-se que o acusado estava sob o efeito de \u00e1lcool. No entanto, o teste de baf\u00f4metro realizado por Sauceda n\u00e3o indicou a presen\u00e7a de \u00e1lcool em seu sangue. Isso, de acordo com a ju\u00edza Oliveira, agrava a situa\u00e7\u00e3o, pois demonstra uma decis\u00e3o consciente e deliberada de perseguir o motoqueiro.<\/p>\n<p>Para a ju\u00edza, a decis\u00e3o de Sauceda em continuar a persegui\u00e7\u00e3o evidencia um perigo inerente ao seu estado de liberdade, justificando assim a pris\u00e3o preventiva para prevenir novos perigos \u00e0 sociedade.<\/p>\n<h2 class=\"wp-block-heading\">Como a Justi\u00e7a Deve Lidar com Crimes de Tr\u00e2nsito?<\/h2>\n<p>A atitude de Sauceda levanta um importante questionamento sobre como a justi\u00e7a deve lidar com crimes de tr\u00e2nsito graves. Em sua decis\u00e3o, a ju\u00edza ressaltou que a vida humana \u00e9 o bem mais precioso do ordenamento jur\u00eddico. Deixar em liberdade algu\u00e9m que demonstrou tal desprezo pela vida seria um risco inaceit\u00e1vel para a ordem p\u00fablica.<\/p>\n<p>H\u00e1 cr\u00edticas \u00e0 flexibilidade das penas para crimes de tr\u00e2nsito no Brasil, e casos como o de Sauceda podem servir como precedentes para uma abordagem mais rigorosa. Especialistas sugerem que a justi\u00e7a deve tratar com severidade casos em que h\u00e1 clara inten\u00e7\u00e3o ou risco consciente de causar morte.<\/p>\n<p>A escalada de viol\u00eancia no tr\u00e2nsito \u00e9 uma preocupa\u00e7\u00e3o crescente, e exemplos como o de Sauceda mostram a necessidade de puni\u00e7\u00f5es mais severas para desencorajar comportamentos perigosos e proteger a vida.<\/p>\n<ul class=\"wp-block-list\">\n<li>N\u00e3o ingerir \u00e1lcool n\u00e3o diminui a gravidade da a\u00e7\u00e3o<\/li>\n<li>Decis\u00e3o clara e consciente de perseguir<\/li>\n<li>Impacto fatal resultando em morte<\/li>\n<li>Revis\u00e3o do indiciamento para dolo eventual<\/li>\n<\/ul>\n<p>\u00a0<\/p>\n<p>A magistrada, baseando-se nas imagens e nos fatos apresentados, concluiu que Sauceda utilizou seu ve\u00edculo como uma arma e decidiu pela convers\u00e3o da pris\u00e3o em flagrante em pris\u00e3o preventiva. Este caso continuar\u00e1 sendo observado de perto, enquanto a sociedade espera por justi\u00e7a para Pedro Kaique Ventura.<\/p>\n<\/p><\/div>\n<p><br \/>\n<br \/><a href=\"https:\/\/terrabrasilnoticias.com\/2024\/07\/juiza-afirma-que-empresario-usou-porsche-como-arma-para-matar-motoboy\/\">Source link <\/a><\/p>","protected":false},"excerpt":{"rendered":"<p>Foto: Renan Porto\/Metr\u00f3poles Na \u00faltima segunda-feira (29\/7), a ju\u00edza Vivian Brenner de Oliveira determinou a pris\u00e3o preventiva do empres\u00e1rio Igor Ferreira Sauceda, ap\u00f3s audi\u00eancia de cust\u00f3dia. Sauceda \u00e9 acusado de&hellip;<\/p>","protected":false},"author":1,"featured_media":12522,"comment_status":"closed","ping_status":"open","sticky":false,"template":"","format":"standard","meta":{"content-type":"","footnotes":""},"categories":[16],"tags":[],"class_list":["post-12521","post","type-post","status-publish","format-standard","has-post-thumbnail","hentry","category-noticias"],"_links":{"self":[{"href":"https:\/\/tvbrazilusa.com\/pt\/wp-json\/wp\/v2\/posts\/12521","targetHints":{"allow":["GET"]}}],"collection":[{"href":"https:\/\/tvbrazilusa.com\/pt\/wp-json\/wp\/v2\/posts"}],"about":[{"href":"https:\/\/tvbrazilusa.com\/pt\/wp-json\/wp\/v2\/types\/post"}],"author":[{"embeddable":true,"href":"https:\/\/tvbrazilusa.com\/pt\/wp-json\/wp\/v2\/users\/1"}],"replies":[{"embeddable":true,"href":"https:\/\/tvbrazilusa.com\/pt\/wp-json\/wp\/v2\/comments?post=12521"}],"version-history":[{"count":1,"href":"https:\/\/tvbrazilusa.com\/pt\/wp-json\/wp\/v2\/posts\/12521\/revisions"}],"predecessor-version":[{"id":12523,"href":"https:\/\/tvbrazilusa.com\/pt\/wp-json\/wp\/v2\/posts\/12521\/revisions\/12523"}],"wp:featuredmedia":[{"embeddable":true,"href":"https:\/\/tvbrazilusa.com\/pt\/wp-json\/wp\/v2\/media\/12522"}],"wp:attachment":[{"href":"https:\/\/tvbrazilusa.com\/pt\/wp-json\/wp\/v2\/media?parent=12521"}],"wp:term":[{"taxonomy":"category","embeddable":true,"href":"https:\/\/tvbrazilusa.com\/pt\/wp-json\/wp\/v2\/categories?post=12521"},{"taxonomy":"post_tag","embeddable":true,"href":"https:\/\/tvbrazilusa.com\/pt\/wp-json\/wp\/v2\/tags?post=12521"}],"curies":[{"name":"wp","href":"https:\/\/api.w.org\/{rel}","templated":true}]}}