{"id":125240,"date":"2025-09-03T16:56:49","date_gmt":"2025-09-03T16:56:49","guid":{"rendered":"https:\/\/tvbrazilusa.com\/2025\/09\/03\/o-lendario-treinador-do-raines-introduzido-no-hall-da-fama-jacksonville-hoje\/"},"modified":"2025-09-03T17:13:00","modified_gmt":"2025-09-03T17:13:00","slug":"o-lendario-treinador-do-raines-introduzido-no-hall-da-fama-jacksonville-hoje","status":"publish","type":"post","link":"https:\/\/tvbrazilusa.com\/pt\/2025\/09\/03\/o-lendario-treinador-do-raines-introduzido-no-hall-da-fama-jacksonville-hoje\/","title":{"rendered":"O lend\u00e1rio treinador do Raines introduzido no Hall da Fama | Jacksonville hoje"},"content":{"rendered":"<p> <script async src=\"https:\/\/pagead2.googlesyndication.com\/pagead\/js\/adsbygoogle.js?client=ca-pub-8864793242727901\"\r\n     crossorigin=\"anonymous\"><\/script><br \/>\n<\/p>\n<div>\n<p data-beyondwords-marker=\"24be6ed6-39e7-4500-bbef-05144d4a9f7a\">O falecido James Day, treinador de futebol da Raines High School de 1965 a 1997, \u00e9 um dos oito novos membros do Hall da Fama da Associa\u00e7\u00e3o Atl\u00e9tica da Florida High School.<\/p>\n<p data-beyondwords-marker=\"2ea69729-a8db-4a6c-b7bf-6dd564b54d94\">A associa\u00e7\u00e3o anunciou sua 35\u00aa aula de indu\u00e7\u00e3o nesta semana, dizendo que est\u00e1 honrado em celebrar indiv\u00edduos not\u00e1veis \u200b\u200bcujas contribui\u00e7\u00f5es deixaram uma marca duradoura no atletismo interschol\u00e1stico no estado.<\/p>\n<p data-beyondwords-marker=\"2d6700f8-4679-40f9-b36a-3bcc092b392b\">Day, que faleceu em 26 de fevereiro de 2022, aos 78 anos, orientou gera\u00e7\u00f5es de estudantes-atletas e os levou a campeonatos, bolsas de estudo e sucesso ao longo da vida, diz a associa\u00e7\u00e3o.    <\/p>\n<p data-beyondwords-marker=\"1192d103-3162-42e8-9e00-566fb52d0384\">Sob a lideran\u00e7a de Day, Raines compilou um recorde de 612 vit\u00f3rias, 82 derrotas e nove la\u00e7os, capturando dois campeonatos estaduais, seis terminados estaduais e 36 campeonatos distritais.<\/p>\n<p data-beyondwords-marker=\"d135c607-28f6-4227-9bce-b405805d5e9e\">Day tamb\u00e9m atuou como diretor atl\u00e9tico da Raines por 20 anos, foi homenageado como treinador do ano 10 vezes e foi reconhecido como treinador do ano em 1976 pelo Jacksonville Track Club e pela Florida Athletic Coaches Association.<\/p>\n<p data-beyondwords-marker=\"115926f5-9a63-4087-b869-a57b65fa5a87\">Day tamb\u00e9m foi a for\u00e7a motriz por tr\u00e1s do encontro de atletismo Bob Hayes Invitational, que ele come\u00e7ou a liderar em 1967, \u00e0 medida que cresceu no maior encontro de pista do ensino m\u00e9dio do pa\u00eds. Ele tamb\u00e9m introduziu uma divis\u00e3o do ensino m\u00e9dio em 1996, desenvolvendo o evento em um campo de treinamento e cl\u00ednica para jovens atletas, disse a FHSAA.<\/p>\n<p data-beyondwords-marker=\"9adb5019-e69f-46c0-b3bd-2da84f7c8a72\">Ap\u00f3s sua aposentadoria de 1997 de Raines, ele continuou atuando como diretor de encontros em eventos que inclu\u00edam 215 escolas e 4.500 atletas.<\/p>\n<p data-beyondwords-marker=\"3b871761-031a-4e10-8be0-23e0427aec3b\">Outros indicados ao Hall da Fama do High School da Fl\u00f3rida este ano:<\/p>\n<ul data-beyondwords-marker=\"3f5006b9-4d3a-4580-bf8d-4607cd1c7e2c\" class=\"wp-block-list\">\n<li data-beyondwords-marker=\"99b7101f-93cd-4e04-a4e7-24ee23c7bed0\">Craig Curry, que atravessou a divis\u00e3o racial para se matricular em 1965 na Historicamente White White Coral Gables Senior High School como seu primeiro quarterback preto, quando a desagrega\u00e7\u00e3o federal fechou a George Washington Carver High School.<\/li>\n<li data-beyondwords-marker=\"47b40dea-c948-4b8a-8be2-a82c749b3b87\">Nickolas Grasso, um administrador que dedicou mais de 35 anos a moldar o atletismo do ensino m\u00e9dio na Fl\u00f3rida como administrador, treinador e mentor, al\u00e9m de servir como presidente do Conselho de Administra\u00e7\u00e3o da Associa\u00e7\u00e3o Atl\u00e9tica da Florida High School e presidente da Associa\u00e7\u00e3o de Diretores do ensino m\u00e9dio.<\/li>\n<li data-beyondwords-marker=\"05774d55-70ff-4f91-aa6c-40cab4d27174\">Paul Green, que estabeleceu o terceiro maior programa de esportes do ensino m\u00e9dio nos Estados Unidos. <\/li>\n<li data-beyondwords-marker=\"789476c2-41ac-45b7-8153-4d7fad257959\">Arman Hall, um velocista da St. Thomas Aquinas High School (2008\u20132012), reconhecido como um dos atletas de atletismo mais talentosos da hist\u00f3ria da Florida High School.<\/li>\n<li data-beyondwords-marker=\"790e95d9-0da3-49ff-bf91-f310ddb57b29\">Alan Keen, que dedicou mais de tr\u00eas d\u00e9cadas a moldar a vida de estudantes-atletas e promover o crescimento de esportes interschol\u00e1sticos em todo o condado de Miami-Dade. <\/li>\n<li data-beyondwords-marker=\"f95d21ad-ac6c-4c41-a446-28f4a4813847\">Terry E. Lee Sr., que dedicou 45 anos ao avan\u00e7o do atletismo do ensino m\u00e9dio na Fl\u00f3rida como membro de longa data da Associa\u00e7\u00e3o de Funcion\u00e1rios Mid-Florida.<\/li>\n<li data-beyondwords-marker=\"a4fd78e0-c6cd-485c-a02e-386ed9479b76\">Dwight Thomas, que dedicou mais de tr\u00eas d\u00e9cadas ao futebol como professor, treinador, mentor e advogado com um recorde de 102-66-2 em seu tempo como treinador na Escambia High School.<\/li>\n<\/ul>\n<\/div>\n<p><br \/>\n<br \/><a href=\"https:\/\/jaxtoday.org\/2025\/09\/03\/legendary-raines-coach-inducted-into-fhsaa-hall-of-fame\/\">Source link <\/a><\/p>","protected":false},"excerpt":{"rendered":"<p>O falecido James Day, treinador de futebol da Raines High School de 1965 a 1997, \u00e9 um dos oito novos membros do Hall da Fama da Associa\u00e7\u00e3o Atl\u00e9tica da Florida&hellip;<\/p>","protected":false},"author":1,"featured_media":125241,"comment_status":"closed","ping_status":"open","sticky":false,"template":"","format":"standard","meta":{"content-type":"","footnotes":""},"categories":[1],"tags":[],"class_list":["post-125240","post","type-post","status-publish","format-standard","has-post-thumbnail","hentry","category-uncategorized"],"_links":{"self":[{"href":"https:\/\/tvbrazilusa.com\/pt\/wp-json\/wp\/v2\/posts\/125240","targetHints":{"allow":["GET"]}}],"collection":[{"href":"https:\/\/tvbrazilusa.com\/pt\/wp-json\/wp\/v2\/posts"}],"about":[{"href":"https:\/\/tvbrazilusa.com\/pt\/wp-json\/wp\/v2\/types\/post"}],"author":[{"embeddable":true,"href":"https:\/\/tvbrazilusa.com\/pt\/wp-json\/wp\/v2\/users\/1"}],"replies":[{"embeddable":true,"href":"https:\/\/tvbrazilusa.com\/pt\/wp-json\/wp\/v2\/comments?post=125240"}],"version-history":[{"count":1,"href":"https:\/\/tvbrazilusa.com\/pt\/wp-json\/wp\/v2\/posts\/125240\/revisions"}],"predecessor-version":[{"id":125242,"href":"https:\/\/tvbrazilusa.com\/pt\/wp-json\/wp\/v2\/posts\/125240\/revisions\/125242"}],"wp:featuredmedia":[{"embeddable":true,"href":"https:\/\/tvbrazilusa.com\/pt\/wp-json\/wp\/v2\/media\/125241"}],"wp:attachment":[{"href":"https:\/\/tvbrazilusa.com\/pt\/wp-json\/wp\/v2\/media?parent=125240"}],"wp:term":[{"taxonomy":"category","embeddable":true,"href":"https:\/\/tvbrazilusa.com\/pt\/wp-json\/wp\/v2\/categories?post=125240"},{"taxonomy":"post_tag","embeddable":true,"href":"https:\/\/tvbrazilusa.com\/pt\/wp-json\/wp\/v2\/tags?post=125240"}],"curies":[{"name":"wp","href":"https:\/\/api.w.org\/{rel}","templated":true}]}}