{"id":125252,"date":"2025-09-03T18:28:56","date_gmt":"2025-09-03T18:28:56","guid":{"rendered":"https:\/\/tvbrazilusa.com\/2025\/09\/03\/a-florida-planeja-acabar-com-os-mandatos-da-vacina-infantil-jacksonville-hoje\/"},"modified":"2025-09-03T18:29:53","modified_gmt":"2025-09-03T18:29:53","slug":"a-florida-planeja-acabar-com-os-mandatos-da-vacina-infantil-jacksonville-hoje","status":"publish","type":"post","link":"https:\/\/tvbrazilusa.com\/pt\/2025\/09\/03\/a-florida-planeja-acabar-com-os-mandatos-da-vacina-infantil-jacksonville-hoje\/","title":{"rendered":"A Fl\u00f3rida planeja acabar com os mandatos da vacina infantil | Jacksonville hoje"},"content":{"rendered":"<p> <script async src=\"https:\/\/pagead2.googlesyndication.com\/pagead\/js\/adsbygoogle.js?client=ca-pub-8864793242727901\"\r\n     crossorigin=\"anonymous\"><\/script><br \/>\n<\/p>\n<div>\n<p>A Fl\u00f3rida trabalhar\u00e1 para eliminar todos os mandatos de vacinas na inf\u00e2ncia no estado, com base no esfor\u00e7o do governador republicano Ron DeSantis para <a href=\"https:\/\/apnews.com\/article\/covid-desantis-florida-cdc-fda-4c903eae40ef2d9012fef6f6cfa7062e\" rel=\"nofollow noopener\" target=\"_blank\">Requisitos de vacina contra o restri\u00e7\u00e3o<\/a> e outros mandatos de sa\u00fade durante a pandemia covid-19.<\/p>\n<p>DeSantis tamb\u00e9m anunciou quarta-feira a cria\u00e7\u00e3o de uma comiss\u00e3o de n\u00edvel estadual \u201cMake America Healthy Again\u201d modelada ap\u00f3s <a href=\"https:\/\/apnews.com\/article\/maha-report-children-health-food-rfk-f0c624d30da939fc9cca09687f8a4273\" rel=\"nofollow noopener\" target=\"_blank\">iniciativas semelhantes<\/a> Empurrado no n\u00edvel federal pelo secret\u00e1rio de Sa\u00fade e Servi\u00e7os Humanos Robert F. Kennedy Jr.<\/p>\n<p>Sobre as vacinas, o cirurgi\u00e3o do estado, Dr. Joseph Ladapo, lan\u00e7ou os requisitos atuais nas escolas e em outros lugares como uma intrus\u00e3o &#8220;imoral&#8221; nos direitos das pessoas que faz a fronteira com a &#8220;escravid\u00e3o&#8221;. Eles dificultam a capacidade dos pais de tomar decis\u00f5es de sa\u00fade para seus filhos, disse ele.<\/p>\n<p>&#8220;As pessoas t\u00eam o direito de tomar suas pr\u00f3prias decis\u00f5es, decis\u00f5es informadas&#8221;, Ladapo, que tem frequentemente <a href=\"https:\/\/apnews.com\/article\/coronavirus-pandemic-health-florida-ron-desantis-ccea6d2ca421f837257b08cb0efe7b4c\" rel=\"nofollow noopener\" target=\"_blank\">confrontado com o estabelecimento m\u00e9dico<\/a>disse em uma entrevista coletiva em Valrico, na \u00e1rea de Tampa. &#8220;Eles n\u00e3o t\u00eam o direito de dizer o que colocar em seu corpo. Tire -o deles.&#8221;<\/p>\n<p>O Departamento de Sa\u00fade do Estado, disse Ladapo, pode abandonar suas pr\u00f3prias regras para alguns mandatos da vacina, mas outros exigiriam a\u00e7\u00e3o do Legislativo da Fl\u00f3rida. Ele n\u00e3o especificou nenhuma vacina em particular, mas repetiu v\u00e1rias vezes o esfor\u00e7o acabaria com &#8220;todos eles. Todo um deles&#8221;.<\/p>\n<p>A Fl\u00f3rida seria o primeiro estado a eliminar tantos mandatos de vacinas, acrescentou Ladapo.<\/p>\n<p>A deputada estatal democrata Anna Eskamani, que est\u00e1 concorrendo a prefeita de Orlando, disse em um post de m\u00eddia social que a elimina\u00e7\u00e3o de vacinas &#8220;\u00e9 imprudente e perigosa&#8221; e pode causar surtos de doen\u00e7as evit\u00e1veis.<\/p>\n<p>&#8220;Este \u00e9 um desastre de sa\u00fade p\u00fablica na cria\u00e7\u00e3o do estado do sol&#8221;, disse ela na plataforma social X.<\/p>\n<p>Enquanto isso, os governadores democratas de Washington, Oregon e Calif\u00f3rnia anunciaram quarta -feira que <a href=\"https:\/\/apnews.com\/article\/cdc-west-coast-vaccines-trump-fd5ce557532a3c9f37b77ff9f14b07b9\" rel=\"nofollow noopener\" target=\"_blank\">Eles criaram uma alian\u00e7a<\/a> Para proteger as pol\u00edticas de sa\u00fade, alegando que a administra\u00e7\u00e3o do presidente Donald Trump est\u00e1 politizando as decis\u00f5es de sa\u00fade p\u00fablica.<\/p>\n<p>A parceria planeja coordenar as diretrizes de sa\u00fade, alinhando os planos de imuniza\u00e7\u00e3o com base em recomenda\u00e7\u00f5es de respeitadas organiza\u00e7\u00f5es m\u00e9dicas nacionais, de acordo com uma declara\u00e7\u00e3o conjunta do governador Bob Ferguson de Washington, governadora Tina Kotek, do Oregon, e o governador Gavin Newsom, da Calif\u00f3rnia.<\/p>\n<p>Na Fl\u00f3rida, os mandatos da vacina para creches infantis e escolas p\u00fablicas incluem fotos para sarampo, varicela, hepatite B, difteria-tetanus-acelular pertussis (DTAP), poliomielite e outras doen\u00e7as, de acordo com o estado <a href=\"https:\/\/www.floridahealth.gov\/programs-and-services\/immunization\/children-and-adolescents\/school-immunization-requirements\/index.html\" rel=\"nofollow noopener\" target=\"_blank\">Site do Departamento de Sa\u00fade.<\/a><\/p>\n<p>Sob DeSantis, a Fl\u00f3rida resistiu a impor vacinas covid \u00e0s crian\u00e7as em idade escolar, exigindo &#8220;passaportes&#8221; para lugares que atraem multid\u00f5es, fechamentos de escolas e exige que os trabalhadores recebam os tiros para manter seus empregos.<\/p>\n<p>&#8220;Acho que n\u00e3o h\u00e1 outro estado que seja feito tanto quanto na Fl\u00f3rida. Queremos ficar \u00e0 frente da curva&#8221;, disse o governador.<\/p>\n<p>A Comiss\u00e3o &#8220;Maha&#8221; do estado investigaria coisas como permitir o consentimento informado em quest\u00f5es m\u00e9dicas, promovendo alimentos seguros e nutritivos, aumentando os direitos dos pais em rela\u00e7\u00e3o \u00e0s decis\u00f5es m\u00e9dicas sobre seus filhos e eliminando &#8220;a ortodoxia m\u00e9dica que n\u00e3o \u00e9 apoiada pelos dados&#8221;, disse DeSantis. A Comiss\u00e3o ser\u00e1 presidida pelo tenente -governador Jay Collins e pela primeira -dama da Fl\u00f3rida Casey DeSantis.<\/p>\n<p>&#8220;Estamos tirando o governo do caminho, tirando o governo de suas vidas&#8221;, disse Collins.<\/p>\n<p>O trabalho da Comiss\u00e3o ajudar\u00e1 a informar um grande &#8220;pacote de liberdade m\u00e9dica&#8221; a ser introduzido no Legislativo na pr\u00f3xima sess\u00e3o, o que abordaria os mandatos da vacina exigidos pela lei estadual e tornaria permanente as recentes decis\u00f5es estaduais do estado restri\u00e7\u00f5es relaxantes, disse DeSantis.<\/p>\n<p>&#8220;Haver\u00e1 um pacote amplo&#8221;, disse o governador.<\/p>\n<\/div>\n<p><br \/>\n<br \/><a href=\"https:\/\/jaxtoday.org\/2025\/09\/03\/florida-plans-to-end-child-vaccine-mandates\/\">Source link <\/a><\/p>","protected":false},"excerpt":{"rendered":"<p>A Fl\u00f3rida trabalhar\u00e1 para eliminar todos os mandatos de vacinas na inf\u00e2ncia no estado, com base no esfor\u00e7o do governador republicano Ron DeSantis para Requisitos de vacina contra o restri\u00e7\u00e3o&hellip;<\/p>","protected":false},"author":1,"featured_media":125253,"comment_status":"closed","ping_status":"open","sticky":false,"template":"","format":"standard","meta":{"content-type":"","footnotes":""},"categories":[1],"tags":[],"class_list":["post-125252","post","type-post","status-publish","format-standard","has-post-thumbnail","hentry","category-uncategorized"],"_links":{"self":[{"href":"https:\/\/tvbrazilusa.com\/pt\/wp-json\/wp\/v2\/posts\/125252","targetHints":{"allow":["GET"]}}],"collection":[{"href":"https:\/\/tvbrazilusa.com\/pt\/wp-json\/wp\/v2\/posts"}],"about":[{"href":"https:\/\/tvbrazilusa.com\/pt\/wp-json\/wp\/v2\/types\/post"}],"author":[{"embeddable":true,"href":"https:\/\/tvbrazilusa.com\/pt\/wp-json\/wp\/v2\/users\/1"}],"replies":[{"embeddable":true,"href":"https:\/\/tvbrazilusa.com\/pt\/wp-json\/wp\/v2\/comments?post=125252"}],"version-history":[{"count":1,"href":"https:\/\/tvbrazilusa.com\/pt\/wp-json\/wp\/v2\/posts\/125252\/revisions"}],"predecessor-version":[{"id":125254,"href":"https:\/\/tvbrazilusa.com\/pt\/wp-json\/wp\/v2\/posts\/125252\/revisions\/125254"}],"wp:featuredmedia":[{"embeddable":true,"href":"https:\/\/tvbrazilusa.com\/pt\/wp-json\/wp\/v2\/media\/125253"}],"wp:attachment":[{"href":"https:\/\/tvbrazilusa.com\/pt\/wp-json\/wp\/v2\/media?parent=125252"}],"wp:term":[{"taxonomy":"category","embeddable":true,"href":"https:\/\/tvbrazilusa.com\/pt\/wp-json\/wp\/v2\/categories?post=125252"},{"taxonomy":"post_tag","embeddable":true,"href":"https:\/\/tvbrazilusa.com\/pt\/wp-json\/wp\/v2\/tags?post=125252"}],"curies":[{"name":"wp","href":"https:\/\/api.w.org\/{rel}","templated":true}]}}