{"id":125258,"date":"2025-09-03T19:27:33","date_gmt":"2025-09-03T19:27:33","guid":{"rendered":"https:\/\/tvbrazilusa.com\/2025\/09\/03\/o-jaxson-black-jacksonville-collective-estreia-o-projeto-oral-de-historia-da-varanda-em-ritz-jacksonville-hoje\/"},"modified":"2025-09-03T19:31:50","modified_gmt":"2025-09-03T19:31:50","slug":"o-jaxson-black-jacksonville-collective-estreia-o-projeto-oral-de-historia-da-varanda-em-ritz-jacksonville-hoje","status":"publish","type":"post","link":"https:\/\/tvbrazilusa.com\/pt\/2025\/09\/03\/o-jaxson-black-jacksonville-collective-estreia-o-projeto-oral-de-historia-da-varanda-em-ritz-jacksonville-hoje\/","title":{"rendered":"O Jaxson | Black Jacksonville Collective estreia o projeto oral de &#8216;Hist\u00f3ria da varanda&#8217; em Ritz | Jacksonville hoje"},"content":{"rendered":"<p> <script async src=\"https:\/\/pagead2.googlesyndication.com\/pagead\/js\/adsbygoogle.js?client=ca-pub-8864793242727901\"\r\n     crossorigin=\"anonymous\"><\/script><br \/>\n<\/p>\n<div>\n<p><em>Hist\u00f3ria da varanda da frente: mapeando hist\u00f3rias n\u00e3o descobertas de Black Jacksonville<\/em>lan\u00e7ado em 4 de setembro no Ritz Theatre &#038; Museum, \u00e9 uma intera\u00e7\u00e3o interdisciplinar entre pesquisa hist\u00f3rica, narrativa e arte visual. O esfor\u00e7o, destilado de horas de entrevistas, representa uma fra\u00e7\u00e3o das hist\u00f3rias que coletamos daqueles que estavam simplesmente vivendo suas vidas da melhor maneira poss\u00edvel. Eles n\u00e3o s\u00e3o hist\u00f3rias tristes e n\u00e3o evocam pena. S\u00e3o simplesmente hist\u00f3rias de pessoas comuns que influenciaram muito as escolas, a pol\u00edtica e o tecido social de Jacksonville. <\/p>\n<p>Formamos o Black Jacksonville Collective para reunir essas hist\u00f3rias locais que n\u00e3o estavam bem documentadas. Enquanto muitas pessoas ouviram seus av\u00f3s, pais, tias e tios falam sobre o passado, nem sempre acham que as hist\u00f3rias s\u00e3o especiais. O coletivo est\u00e1 mudando essa narrativa pesquisando hist\u00f3rias ocultas sobre a experi\u00eancia negra em Jacksonville. Os membros s\u00e3o: <\/p>\n<figure class=\"wp-block-image size-large\"><\/figure>\n<p>Dana e eu nos conhecemos no in\u00edcio do ano em reuni\u00f5es da comunidade para os residentes de Durkeeville. Durante essas reuni\u00f5es, os moradores compartilharam hist\u00f3rias do bairro, e ela e eu e eu ficamos impressionados com a forma como os indiv\u00edduos defendem suas comunidades h\u00e1 d\u00e9cadas, apenas para serem ignoradas. Esses moradores viram bairros como Sugar Hill desaparecerem, ou I-95 constru\u00eddos atrav\u00e9s de seus quintais; Eles viveram em desertos alimentares e experimentaram a gentrifica\u00e7\u00e3o enquanto eram silenciados pela redina\u00e7\u00e3o e redistribui\u00e7\u00e3o. <\/p>\n<p>A raiva deles era poderosa e seu amor por suas comunidades palp\u00e1veis. Sab\u00edamos que havia mais hist\u00f3rias por a\u00ed e que, se trabalh\u00e1ssemos juntos, poder\u00edamos compartilhar n\u00e3o apenas essas hist\u00f3rias, mas a hist\u00f3ria em torno de suas vidas. <\/p>\n<p>Larry, Vic e Sam se juntaram a n\u00f3s, compartilhando seus talentos como artistas, vide\u00f3grafos e criadores de conte\u00fado para produzir v\u00eddeos envolventes e relevantes de nossas entrevistas. <\/p>\n<figure class=\"wp-block-image size-large\"><img loading=\"lazy\" data-dominant-color=\"87766b\" data-has-transparency=\"false\" style=\"--dominant-color: #87766b;\" decoding=\"async\" width=\"1024\" height=\"576\" src=\"https:\/\/jaxtoday.org\/wp-content\/uploads\/2025\/09\/PXL_20250501_170059377-1024x576.jpg\" alt=\"\" class=\"wp-image-101091 not-transparent\" srcset=\"https:\/\/jaxtoday.org\/wp-content\/uploads\/2025\/09\/PXL_20250501_170059377-1024x576.jpg 1024w, https:\/\/jaxtoday.org\/wp-content\/uploads\/2025\/09\/PXL_20250501_170059377-300x169.jpg 300w, https:\/\/jaxtoday.org\/wp-content\/uploads\/2025\/09\/PXL_20250501_170059377-768x432.jpg 768w, https:\/\/jaxtoday.org\/wp-content\/uploads\/2025\/09\/PXL_20250501_170059377-1536x864.jpg 1536w, https:\/\/jaxtoday.org\/wp-content\/uploads\/2025\/09\/PXL_20250501_170059377-2048x1152.jpg 2048w, https:\/\/jaxtoday.org\/wp-content\/uploads\/2025\/09\/PXL_20250501_170059377-800x450.jpg 800w, https:\/\/jaxtoday.org\/wp-content\/uploads\/2025\/09\/PXL_20250501_170059377-1200x675.jpg 1200w, https:\/\/jaxtoday.org\/wp-content\/uploads\/2025\/09\/PXL_20250501_170059377-427x240.jpg 427w, https:\/\/jaxtoday.org\/wp-content\/uploads\/2025\/09\/PXL_20250501_170059377-100x56.jpg 100w, https:\/\/jaxtoday.org\/wp-content\/uploads\/2025\/09\/PXL_20250501_170059377-1650x928.jpg 1650w\" sizes=\"auto, (max-width: 1024px) 100vw, 1024px\"\/><\/figure>\n<p>Com seu trabalho defendendo o bairro de Northside e atrav\u00e9s de seu document\u00e1rio, <em>Moncrief Springs<\/em>Dana conhece todo mundo, ent\u00e3o ela conseguiu nos conectar com pessoas que est\u00e3o dispostas a ser entrevistadas. <\/p>\n<p>Ao gravar anci\u00e3os comunit\u00e1rios e membros da fam\u00edlia de figuras ic\u00f4nicas de Jacksonville, todos podem apreciar seu legado: o sacrif\u00edcio e o trabalho \u00e1rduo de fam\u00edlias e ancestrais para o progresso cont\u00ednuo.<\/p>\n<p>___ <\/p>\n<div class=\"wp-block-image\">\n<figure class=\"aligncenter size-full is-resized\"><img loading=\"lazy\" data-dominant-color=\"b19d8c\" data-has-transparency=\"false\" decoding=\"async\" width=\"754\" height=\"419\" src=\"https:\/\/jaxtoday.org\/wp-content\/uploads\/2025\/09\/FrontPorchHistory-edited.png\" alt=\"\" class=\"wp-image-101094 not-transparent\" style=\"--dominant-color: #b19d8c; width:840px;height:auto\" srcset=\"https:\/\/jaxtoday.org\/wp-content\/uploads\/2025\/09\/FrontPorchHistory-edited.png 754w, https:\/\/jaxtoday.org\/wp-content\/uploads\/2025\/09\/FrontPorchHistory-edited-300x167.png 300w, https:\/\/jaxtoday.org\/wp-content\/uploads\/2025\/09\/FrontPorchHistory-edited-432x240.png 432w, https:\/\/jaxtoday.org\/wp-content\/uploads\/2025\/09\/FrontPorchHistory-edited-100x56.png 100w\" sizes=\"auto, (max-width: 754px) 100vw, 754px\"\/><\/figure>\n<\/div>\n<p><em>Hist\u00f3ria da varanda da frente<\/em> abre no Ritz, 829 N. Davis St., na quinta -feira, 4 de setembro, <a href=\"https:\/\/hoorayfor904day.com\/\" rel=\"nofollow noopener\" target=\"_blank\">904 dias<\/a>\u00e0s 16h <\/p>\n<p>O coletivo tamb\u00e9m estar\u00e1 dando uma palestra de artistas no domingo, 21 de setembro, \u00e0s 14h, durante o Ritz&#8217;s <a href=\"https:\/\/theritz.jaxevents.com\/event\/the-playground%3a-community-appreciation-day-at-the-ritz\/297\/\" rel=\"nofollow noopener\" target=\"_blank\">Dia de Aprecia\u00e7\u00e3o da Comunidade<\/a>. <a href=\"https:\/\/www.eventbrite.com\/e\/front-porch-history-mapping-undiscovered-stories-of-black-jacksonville-tickets-1640765526859?aff=oddtdtcreator\" rel=\"nofollow noopener\" target=\"_blank\">Registre -se gratuitamente para participar<\/a>.<\/p>\n<\/div>\n<p><br \/>\n<br \/><a href=\"https:\/\/jaxtoday.org\/2025\/09\/03\/the-jaxson-black-jacksonville-collective-debuts-oral-front-porch-history-project-at-ritz\/\">Source link <\/a><\/p>","protected":false},"excerpt":{"rendered":"<p>Hist\u00f3ria da varanda da frente: mapeando hist\u00f3rias n\u00e3o descobertas de Black Jacksonvillelan\u00e7ado em 4 de setembro no Ritz Theatre &#038; Museum, \u00e9 uma intera\u00e7\u00e3o interdisciplinar entre pesquisa hist\u00f3rica, narrativa e&hellip;<\/p>","protected":false},"author":1,"featured_media":125259,"comment_status":"closed","ping_status":"open","sticky":false,"template":"","format":"standard","meta":{"content-type":"","footnotes":""},"categories":[1],"tags":[],"class_list":["post-125258","post","type-post","status-publish","format-standard","has-post-thumbnail","hentry","category-uncategorized"],"_links":{"self":[{"href":"https:\/\/tvbrazilusa.com\/pt\/wp-json\/wp\/v2\/posts\/125258","targetHints":{"allow":["GET"]}}],"collection":[{"href":"https:\/\/tvbrazilusa.com\/pt\/wp-json\/wp\/v2\/posts"}],"about":[{"href":"https:\/\/tvbrazilusa.com\/pt\/wp-json\/wp\/v2\/types\/post"}],"author":[{"embeddable":true,"href":"https:\/\/tvbrazilusa.com\/pt\/wp-json\/wp\/v2\/users\/1"}],"replies":[{"embeddable":true,"href":"https:\/\/tvbrazilusa.com\/pt\/wp-json\/wp\/v2\/comments?post=125258"}],"version-history":[{"count":1,"href":"https:\/\/tvbrazilusa.com\/pt\/wp-json\/wp\/v2\/posts\/125258\/revisions"}],"predecessor-version":[{"id":125260,"href":"https:\/\/tvbrazilusa.com\/pt\/wp-json\/wp\/v2\/posts\/125258\/revisions\/125260"}],"wp:featuredmedia":[{"embeddable":true,"href":"https:\/\/tvbrazilusa.com\/pt\/wp-json\/wp\/v2\/media\/125259"}],"wp:attachment":[{"href":"https:\/\/tvbrazilusa.com\/pt\/wp-json\/wp\/v2\/media?parent=125258"}],"wp:term":[{"taxonomy":"category","embeddable":true,"href":"https:\/\/tvbrazilusa.com\/pt\/wp-json\/wp\/v2\/categories?post=125258"},{"taxonomy":"post_tag","embeddable":true,"href":"https:\/\/tvbrazilusa.com\/pt\/wp-json\/wp\/v2\/tags?post=125258"}],"curies":[{"name":"wp","href":"https:\/\/api.w.org\/{rel}","templated":true}]}}