{"id":125288,"date":"2025-09-04T01:43:41","date_gmt":"2025-09-04T01:43:41","guid":{"rendered":"https:\/\/tvbrazilusa.com\/2025\/09\/04\/o-que-fazer-matematica-de-croche-aviles-street-fest-jardim-da-reading-festit-fest-jacksonville-hoje\/"},"modified":"2025-09-04T01:48:27","modified_gmt":"2025-09-04T01:48:27","slug":"o-que-fazer-matematica-de-croche-aviles-street-fest-jardim-da-reading-festit-fest-jacksonville-hoje","status":"publish","type":"post","link":"https:\/\/tvbrazilusa.com\/pt\/2025\/09\/04\/o-que-fazer-matematica-de-croche-aviles-street-fest-jardim-da-reading-festit-fest-jacksonville-hoje\/","title":{"rendered":"O que fazer | &#8216;Matem\u00e1tica de croch\u00ea&#8217;; Aviles Street Fest; Jardim da Reading Festit Fest | Jacksonville hoje"},"content":{"rendered":"<p> <script async src=\"https:\/\/pagead2.googlesyndication.com\/pagead\/js\/adsbygoogle.js?client=ca-pub-8864793242727901\"\r\n     crossorigin=\"anonymous\"><\/script><br \/>\n<\/p>\n<div>\n<div class=\"wp-block-group\">\n<div class=\"wp-block-group__inner-container is-layout-constrained wp-block-group-is-layout-constrained\">\n<div class=\"wp-block-image\">\n<figure class=\"aligncenter size-full\"><\/figure>\n<\/div>\n<p><strong>Sexta-feira<\/strong><\/p>\n<p><strong><em>Matem\u00e1tica de croch\u00ea<\/em><\/strong><\/p>\n<p><strong>O Jessie | Downtown Jacksonville<\/strong><\/p>\n<p>Quem sabia que a matem\u00e1tica poderia ser t\u00e3o aconchegante? A exposi\u00e7\u00e3o de bordados <em>Matem\u00e1tica de croch\u00ea<\/em> Tira equa\u00e7\u00f5es e teorias do livro e entra nas artes de fios, com geometria hiperb\u00f3lica, fractais e outras grandes id\u00e9ias costuradas em belas obras de arte. Com obras de Beyza Aslan, professora associada de matem\u00e1tica da Universidade do Norte da Fl\u00f3rida, a mostra de arte \u00e9 um deleite para nerds matem\u00e1ticos, fabricantes e qualquer pessoa que adora arte \u00fanica. A recep\u00e7\u00e3o de abertura ter\u00e1 picadas leves e bebidas. Parece uma noite de sexta -feira perfeita para mim.<\/p>\n<p><em>40 E. Adams St.; Livre e aberto ao p\u00fablico; <a href=\"https:\/\/www.thejessie.org\/events\/art-exhibit-crocheting-mathematics\" rel=\"nofollow noopener\" target=\"_blank\">Mais informa\u00e7\u00f5es.<\/a><\/em><\/p>\n<hr class=\"wp-block-separator has-alpha-channel-opacity\"\/>\n<\/div>\n<\/div>\n<div class=\"wp-block-image\">\n<figure class=\"aligncenter size-full\"><img loading=\"lazy\" data-dominant-color=\"747668\" data-has-transparency=\"false\" style=\"--dominant-color: #747668;\" decoding=\"async\" width=\"1000\" height=\"600\" src=\"https:\/\/jaxtoday.org\/wp-content\/uploads\/2025\/09\/aviles-festival-dancers-street-25x15-WEB.jpg\" alt=\"\" class=\"wp-image-101111 not-transparent\" srcset=\"https:\/\/jaxtoday.org\/wp-content\/uploads\/2025\/09\/aviles-festival-dancers-street-25x15-WEB.jpg 1000w, https:\/\/jaxtoday.org\/wp-content\/uploads\/2025\/09\/aviles-festival-dancers-street-25x15-WEB-300x180.jpg 300w, https:\/\/jaxtoday.org\/wp-content\/uploads\/2025\/09\/aviles-festival-dancers-street-25x15-WEB-768x461.jpg 768w, https:\/\/jaxtoday.org\/wp-content\/uploads\/2025\/09\/aviles-festival-dancers-street-25x15-WEB-400x240.jpg 400w, https:\/\/jaxtoday.org\/wp-content\/uploads\/2025\/09\/aviles-festival-dancers-street-25x15-WEB-100x60.jpg 100w\" sizes=\"auto, (max-width: 1000px) 100vw, 1000px\"\/><\/figure>\n<\/div>\n<p><strong>Sexta -feira e<\/strong> <strong>S\u00e1bado<\/strong><\/p>\n<p><strong><strong><strong>Festival da rua Aviles<\/strong><\/strong><\/strong><\/p>\n<p><strong><strong><strong>V\u00e1rios locais | Historic Downtown St. Augustine<\/strong><\/strong><\/strong><\/p>\n<p>Volte no tempo para o s\u00e9culo XVIII Santo Agostinho no Segundo Festival Anual de Aviles Street, uma celebra\u00e7\u00e3o do m\u00eas do patrim\u00f4nio espanhol na rua mais antiga do pa\u00eds. Desfrute da dan\u00e7a de flamenco, m\u00fasica ao vivo, pintura de ar Plein e at\u00e9 duelo de espada (!) Enquanto voc\u00ea serpenteia pelas antigas ruas de paralelep\u00edpedos. Explore os museus, casas hist\u00f3ricas e o p\u00e1tio da Sociedade Hist\u00f3rica de Santo Agostinho, enquanto saboreia sabores espanh\u00f3is dos favoritos locais ao longo do caminho.<\/p>\n<p><em>Livre e aberto ao p\u00fablico; <a href=\"https:\/\/www.visitstaugustine.com\/event\/aviles-street-festival\" rel=\"nofollow noopener\" target=\"_blank\">Mais informa\u00e7\u00f5es<\/a><a href=\"https:\/\/youthcrisiscenter.ejoinme.org\/ScavengerHunt2025\" rel=\"nofollow noopener\" target=\"_blank\">.<\/a><\/em><\/p>\n<hr class=\"wp-block-separator has-alpha-channel-opacity\"\/>\n<div class=\"wp-block-group\">\n<div class=\"wp-block-group__inner-container is-layout-constrained wp-block-group-is-layout-constrained\">\n<div class=\"wp-block-image\">\n<figure class=\"aligncenter size-full is-resized\"><img loading=\"lazy\" data-dominant-color=\"6f7031\" data-has-transparency=\"false\" decoding=\"async\" width=\"1325\" height=\"2048\" src=\"https:\/\/jaxtoday.org\/wp-content\/uploads\/2025\/09\/536359018_10233924424966525_7658745469204575277_n.jpg\" alt=\"\" class=\"wp-image-101108 not-transparent\" style=\"--dominant-color: #6f7031; width:577px;height:auto\" srcset=\"https:\/\/jaxtoday.org\/wp-content\/uploads\/2025\/09\/536359018_10233924424966525_7658745469204575277_n.jpg 1325w, https:\/\/jaxtoday.org\/wp-content\/uploads\/2025\/09\/536359018_10233924424966525_7658745469204575277_n-194x300.jpg 194w, https:\/\/jaxtoday.org\/wp-content\/uploads\/2025\/09\/536359018_10233924424966525_7658745469204575277_n-663x1024.jpg 663w, https:\/\/jaxtoday.org\/wp-content\/uploads\/2025\/09\/536359018_10233924424966525_7658745469204575277_n-768x1187.jpg 768w, https:\/\/jaxtoday.org\/wp-content\/uploads\/2025\/09\/536359018_10233924424966525_7658745469204575277_n-994x1536.jpg 994w, https:\/\/jaxtoday.org\/wp-content\/uploads\/2025\/09\/536359018_10233924424966525_7658745469204575277_n-155x240.jpg 155w, https:\/\/jaxtoday.org\/wp-content\/uploads\/2025\/09\/536359018_10233924424966525_7658745469204575277_n-100x155.jpg 100w\" sizes=\"auto, (max-width: 1325px) 100vw, 1325px\"\/><\/figure>\n<\/div>\n<p><strong><strong>S\u00e1bado<\/strong><\/strong><\/p>\n<p><strong><strong><strong>Festival Liter\u00e1rio do Jardim da Reading<\/strong><\/strong><\/strong><\/p>\n<p><strong><strong><strong>Ravine Gardens State Park | Palatka<\/strong><\/strong><\/strong><\/p>\n<p>Estou especialmente empolgado com este &#8211; livros? Na natureza? Fique ainda meu cora\u00e7\u00e3o! O Festival Liter\u00e1rio do Jardim da Reading est\u00e1 fazendo sua estr\u00e9ia no belo Ravine Gardens State Park de Palatka. Leitores de todas as idades podem desfrutar de palestras de autor, leituras ao vivo, workshops e at\u00e9 a primeira poesia do parque. As crian\u00e7as ter\u00e3o muito o que fazer na zona infantil dedicada com artesanato, shows de marionetes, fabrica\u00e7\u00e3o de livros e encontros com autores infantis. Os caminh\u00f5es de alimentos estar\u00e3o no local e voc\u00ea pode navegar em cabines de fornecedores cheios de livros e muito mais.<\/p>\n<p><em>1600 Twigg St.; A entrada para o festival \u00e9 gratuita com admiss\u00e3o no parque; Admiss\u00e3o: US $ 2 por pedestre (6 anos ou mais), US $ 5 por ve\u00edculo (at\u00e9 oito pessoas) ou US $ 4 para um ve\u00edculo de um \u00fanico ocupante. Os passes anuais do Parque Estadual do Florida aceitos; <\/em><a href=\"https:\/\/www.floridastateparks.org\/events\/garden-reading-literary-festival\" rel=\"nofollow noopener\" target=\"_blank\"><em>Mais informa\u00e7\u00f5es.<\/em><\/a><\/p>\n<\/div>\n<\/div>\n<\/div>\n<p><br \/>\n<br \/><a href=\"https:\/\/jaxtoday.org\/2025\/09\/03\/what-to-do-crocheting-mathematics-aviles-street-fest-garden-of-reading-lit-fest\/\">Source link <\/a><\/p>","protected":false},"excerpt":{"rendered":"<p>Sexta-feira Matem\u00e1tica de croch\u00ea O Jessie | Downtown Jacksonville Quem sabia que a matem\u00e1tica poderia ser t\u00e3o aconchegante? A exposi\u00e7\u00e3o de bordados Matem\u00e1tica de croch\u00ea Tira equa\u00e7\u00f5es e teorias do&hellip;<\/p>","protected":false},"author":1,"featured_media":125289,"comment_status":"closed","ping_status":"open","sticky":false,"template":"","format":"standard","meta":{"content-type":"","footnotes":""},"categories":[1],"tags":[],"class_list":["post-125288","post","type-post","status-publish","format-standard","has-post-thumbnail","hentry","category-uncategorized"],"_links":{"self":[{"href":"https:\/\/tvbrazilusa.com\/pt\/wp-json\/wp\/v2\/posts\/125288","targetHints":{"allow":["GET"]}}],"collection":[{"href":"https:\/\/tvbrazilusa.com\/pt\/wp-json\/wp\/v2\/posts"}],"about":[{"href":"https:\/\/tvbrazilusa.com\/pt\/wp-json\/wp\/v2\/types\/post"}],"author":[{"embeddable":true,"href":"https:\/\/tvbrazilusa.com\/pt\/wp-json\/wp\/v2\/users\/1"}],"replies":[{"embeddable":true,"href":"https:\/\/tvbrazilusa.com\/pt\/wp-json\/wp\/v2\/comments?post=125288"}],"version-history":[{"count":1,"href":"https:\/\/tvbrazilusa.com\/pt\/wp-json\/wp\/v2\/posts\/125288\/revisions"}],"predecessor-version":[{"id":125290,"href":"https:\/\/tvbrazilusa.com\/pt\/wp-json\/wp\/v2\/posts\/125288\/revisions\/125290"}],"wp:featuredmedia":[{"embeddable":true,"href":"https:\/\/tvbrazilusa.com\/pt\/wp-json\/wp\/v2\/media\/125289"}],"wp:attachment":[{"href":"https:\/\/tvbrazilusa.com\/pt\/wp-json\/wp\/v2\/media?parent=125288"}],"wp:term":[{"taxonomy":"category","embeddable":true,"href":"https:\/\/tvbrazilusa.com\/pt\/wp-json\/wp\/v2\/categories?post=125288"},{"taxonomy":"post_tag","embeddable":true,"href":"https:\/\/tvbrazilusa.com\/pt\/wp-json\/wp\/v2\/tags?post=125288"}],"curies":[{"name":"wp","href":"https:\/\/api.w.org\/{rel}","templated":true}]}}