{"id":125349,"date":"2025-09-04T19:23:42","date_gmt":"2025-09-04T19:23:42","guid":{"rendered":"https:\/\/tvbrazilusa.com\/2025\/09\/04\/preocupacoes-monte-o-plano-de-vacina-da-florida-jacksonville-hoje\/"},"modified":"2025-09-04T19:27:00","modified_gmt":"2025-09-04T19:27:00","slug":"preocupacoes-monte-o-plano-de-vacina-da-florida-jacksonville-hoje","status":"publish","type":"post","link":"https:\/\/tvbrazilusa.com\/pt\/2025\/09\/04\/preocupacoes-monte-o-plano-de-vacina-da-florida-jacksonville-hoje\/","title":{"rendered":"Preocupa\u00e7\u00f5es Monte o plano de vacina da Fl\u00f3rida | Jacksonville hoje"},"content":{"rendered":"<p> <script async src=\"https:\/\/pagead2.googlesyndication.com\/pagead\/js\/adsbygoogle.js?client=ca-pub-8864793242727901\"\r\n     crossorigin=\"anonymous\"><\/script><br \/>\n<\/p>\n<div>\n<p>Enquanto a administra\u00e7\u00e3o do governador Ron DeSantis se prepara para fazer da Fl\u00f3rida o primeiro estado <a href=\"https:\/\/jaxtoday.org\/2025\/09\/03\/florida-plans-to-end-child-vaccine-mandates\/\">Remova os mandatos da vacina escolar<\/a>A profunda preocupa\u00e7\u00e3o est\u00e1 se espalhando entre m\u00e9dicos, pais e profissionais de sa\u00fade p\u00fablica para a seguran\u00e7a das crian\u00e7as, suas fam\u00edlias e outras pessoas que podem ser vulner\u00e1veis \u200b\u200bem um surto de doen\u00e7a.<\/p>\n<p>Eles temem que as temidas doen\u00e7as, mantidas sob controle por d\u00e9cadas por vacinas, possam surgir novamente se muitas pessoas na Fl\u00f3rida n\u00e3o forem imunizadas. Aqui est\u00e1 o que saber sobre o plano da Fl\u00f3rida:<\/p>\n<h3 class=\"wp-block-heading\">DeSantis chama isso de &#8216;liberdade m\u00e9dica&#8217;<\/h3>\n<p>Embora os estados tradicionalmente sigam orienta\u00e7\u00f5es federais quando se trata de vacinas, os mandatos da escola s\u00e3o definidos pelos departamentos estaduais de sa\u00fade. O cirurgi\u00e3o -geral da Fl\u00f3rida, Dr. Joseph Ladapo, anunciou quarta -feira que o departamento de sa\u00fade come\u00e7aria a tomar medidas imediatamente para eliminar esses mandatos, chamando -os de intrus\u00f5es &#8220;imorais&#8221; sobre os direitos das pessoas que dificultam a capacidade dos pais de tomar decis\u00f5es de sa\u00fade para seus filhos.<\/p>\n<p>&#8220;Vamos terminar&#8221;, disse Ladapo, sem fornecer detalhes ou uma linha do tempo.<\/p>\n<p>O departamento de sa\u00fade tamb\u00e9m n\u00e3o respondeu imediatamente a perguntas sobre outros requisitos de vacinas, como para certos locais de trabalho. Muitos desses requisitos est\u00e3o consagrados na lei estadual e exigiriam aprova\u00e7\u00e3o legislativa. DeSantis nomeou Ladapo e sua esposa, Casey DeSantis, para uma comiss\u00e3o que est\u00e1 elaborando uma medida mais ampla de &#8220;liberdade m\u00e9dica&#8221; que deve ser introduzida na pr\u00f3xima sess\u00e3o legislativa.<\/p>\n<h3 class=\"wp-block-heading\">Enfermeiras de enfermagem de escola alarme<\/h3>\n<p>&#8220;Se puderem continuar com isso, eles est\u00e3o apenas abrindo uma porta para uma crise de sa\u00fade 100% evit\u00e1vel&#8221;, disse Lynn Nelson, presidente da Associa\u00e7\u00e3o Nacional de Enfermeiras da Escola.<\/p>\n<p>As escolas s\u00e3o um microcosmo da sociedade e, quando os alunos v\u00e3o para casa, podem trazer doen\u00e7as a pessoas vulner\u00e1veis, como beb\u00eas e idosos, disse Nelson.<\/p>\n<p>Sarampo, caxumba e coqueluche &#8211; tamb\u00e9m conhecidos como tosse convulsa &#8211; est\u00e3o entre as doen\u00e7as evit\u00e1veis \u200b\u200bque Nelson est\u00e1 mais preocupado se o plano da Fl\u00f3rida for bem -sucedido. Sarampo, uma doen\u00e7a altamente contagiosa, pode criar situa\u00e7\u00f5es com risco de vida para beb\u00eas e crian\u00e7as pequenas, disse ela.<\/p>\n<p>&#8220;Existem surtos em todo o pa\u00eds agora e eles se espalhar\u00e3o em qualquer estado ou comunidade onde a taxa de vacinas cai&#8221;, disse ela.<\/p>\n<h3 class=\"wp-block-heading\">A Fl\u00f3rida j\u00e1 fica na na\u00e7\u00e3o em taxas de vacina\u00e7\u00e3o<\/h3>\n<p>Mesmo antes do an\u00fancio de quarta -feira, a Fl\u00f3rida ficou para o restante dos Estados Unidos quando se tratava de imuniza\u00e7\u00e3o dos jardins de inf\u00e2ncia para doen\u00e7as como sarampo, caxumba e rub\u00e9ola, com 88,7% imunizados em 2025, em compara\u00e7\u00e3o com mais de 92% em todo o pa\u00eds, de acordo com estat\u00edsticas de sa\u00fade estaduais e federais.<\/p>\n<p>Novas isen\u00e7\u00f5es religiosas para vacinas tamb\u00e9m aumentaram, para 6,4% entre as crian\u00e7as de 5 a 17 anos e at\u00e9 15% em alguns munic\u00edpios, em abril de 2025.<\/p>\n<p>Isso \u00e9 de acordo com o mensal on-line do Departamento de Sa\u00fade da Fl\u00f3rida, &#8220;Relat\u00f3rio de vigil\u00e2ncia de doen\u00e7as prevent\u00e1veis \u200b\u200bpor vacinas&#8221;, que foi atualizado pela \u00faltima vez em 29 de maio. Na \u00e9poca, mostrou que os casos de hepatite A, tosse convulsa e varicela estavam aumentando na Fl\u00f3rida.<\/p>\n<h3 class=\"wp-block-heading\">Por que as vacinas s\u00e3o necess\u00e1rias?<\/h3>\n<p>Desde que a primeira vacina contra a poliomielite segura e eficaz foi lan\u00e7ada para uso nos Estados Unidos em 1955, as vacinas se tornaram uma pedra angular da sa\u00fade p\u00fablica, mantendo crian\u00e7as em idade escolar e adultos a salvo de doen\u00e7as infecciosas que tiveram <a href=\"https:\/\/apnews.com\/article\/vaccines-measles-polio-whooping-cough-rubella-af4cd1aef8f408a960601df6372f9c32\" rel=\"nofollow noopener\" target=\"_blank\">popula\u00e7\u00f5es aflitadas por s\u00e9culos<\/a>.<\/p>\n<p>As vacinas exigidas em tempo h\u00e1bil e atualizadas \u201cs\u00e3o essenciais para proteger crian\u00e7as em idade escolar, jovens e o p\u00fablico de doen\u00e7as infecciosas evit\u00e1veis \u200b\u200be graves\u201d, de acordo com um documento recente da Associa\u00e7\u00e3o Nacional de Enfermeiras.<\/p>\n<p>&#8220;As isen\u00e7\u00f5es de vacinas devem ser eliminadas, exceto quando necess\u00e1rio para contra -indica\u00e7\u00f5es m\u00e9dicas validadas&#8221;, afirmou o grupo.<\/p>\n<h3 class=\"wp-block-heading\">Como isso poderia afetar a ind\u00fastria do turismo da Fl\u00f3rida?<\/h3>\n<p>N\u00e3o est\u00e1 claro como um decl\u00ednio nas vacinas pode afetar os principais neg\u00f3cios da Fl\u00f3rida &#8211; sua ind\u00fastria de turismo de US $ 128 bilh\u00f5es. A Fl\u00f3rida est\u00e1 entre os principais destinos dos EUA, com 143 milh\u00f5es de visitantes no ano passado.<\/p>\n<p>O Walt Disney World, o Universal Orlando e outros parques tem\u00e1ticos de Orlando n\u00e3o exigem mais provas de vacinas para os funcion\u00e1rios, devido \u00e0s leis da Fl\u00f3rida aprovadas em 2021 durante a altura da pandemia da Covid-19 que limita o poder dos empregadores para exigir essa prote\u00e7\u00e3o.<\/p>\n<p>Os representantes da Disney e da Universal n\u00e3o responderam \u00e0s perguntas quinta -feira perguntando sobre o impacto potencial de crian\u00e7as mais n\u00e3o vacinadas.<\/p>\n<p>A Fl\u00f3rida tamb\u00e9m abriga uma ind\u00fastria de linhas de cruzeiro com um impacto econ\u00f4mico de US $ 24 bilh\u00f5es, de acordo com a Associa\u00e7\u00e3o Internacional de Cruise Lines. A maioria das linhas de cruzeiro n\u00e3o possui requisitos de vacina. Mas os Centros de Controle e Preven\u00e7\u00e3o de Doen\u00e7as recomendaram que os passageiros fossem vacinados contra a Covid e a Gripe, e que verifiquem quais outras vacinas podem ser recomendadas com base nos pa\u00edses que est\u00e3o visitando.<\/p>\n<\/div>\n<p><br \/>\n<br \/><a href=\"https:\/\/jaxtoday.org\/2025\/09\/04\/concerns-mount-over-floridas-vaccine-plan\/\">Source link <\/a><\/p>","protected":false},"excerpt":{"rendered":"<p>Enquanto a administra\u00e7\u00e3o do governador Ron DeSantis se prepara para fazer da Fl\u00f3rida o primeiro estado Remova os mandatos da vacina escolarA profunda preocupa\u00e7\u00e3o est\u00e1 se espalhando entre m\u00e9dicos, pais&hellip;<\/p>","protected":false},"author":1,"featured_media":125350,"comment_status":"closed","ping_status":"open","sticky":false,"template":"","format":"standard","meta":{"content-type":"","footnotes":""},"categories":[1],"tags":[],"class_list":["post-125349","post","type-post","status-publish","format-standard","has-post-thumbnail","hentry","category-uncategorized"],"_links":{"self":[{"href":"https:\/\/tvbrazilusa.com\/pt\/wp-json\/wp\/v2\/posts\/125349","targetHints":{"allow":["GET"]}}],"collection":[{"href":"https:\/\/tvbrazilusa.com\/pt\/wp-json\/wp\/v2\/posts"}],"about":[{"href":"https:\/\/tvbrazilusa.com\/pt\/wp-json\/wp\/v2\/types\/post"}],"author":[{"embeddable":true,"href":"https:\/\/tvbrazilusa.com\/pt\/wp-json\/wp\/v2\/users\/1"}],"replies":[{"embeddable":true,"href":"https:\/\/tvbrazilusa.com\/pt\/wp-json\/wp\/v2\/comments?post=125349"}],"version-history":[{"count":1,"href":"https:\/\/tvbrazilusa.com\/pt\/wp-json\/wp\/v2\/posts\/125349\/revisions"}],"predecessor-version":[{"id":125351,"href":"https:\/\/tvbrazilusa.com\/pt\/wp-json\/wp\/v2\/posts\/125349\/revisions\/125351"}],"wp:featuredmedia":[{"embeddable":true,"href":"https:\/\/tvbrazilusa.com\/pt\/wp-json\/wp\/v2\/media\/125350"}],"wp:attachment":[{"href":"https:\/\/tvbrazilusa.com\/pt\/wp-json\/wp\/v2\/media?parent=125349"}],"wp:term":[{"taxonomy":"category","embeddable":true,"href":"https:\/\/tvbrazilusa.com\/pt\/wp-json\/wp\/v2\/categories?post=125349"},{"taxonomy":"post_tag","embeddable":true,"href":"https:\/\/tvbrazilusa.com\/pt\/wp-json\/wp\/v2\/tags?post=125349"}],"curies":[{"name":"wp","href":"https:\/\/api.w.org\/{rel}","templated":true}]}}