{"id":12543,"date":"2024-07-30T19:28:10","date_gmt":"2024-07-30T19:28:10","guid":{"rendered":"https:\/\/tvbrazilusa.com\/2024\/07\/30\/aqui-esta-um-resumo-de-refeicoes-gratuitas-e-com-desconto-oferecidas-nos-distritos-escolares-da-florida-central\/"},"modified":"2024-07-30T19:31:03","modified_gmt":"2024-07-30T19:31:03","slug":"aqui-esta-um-resumo-de-refeicoes-gratuitas-e-com-desconto-oferecidas-nos-distritos-escolares-da-florida-central","status":"publish","type":"post","link":"https:\/\/tvbrazilusa.com\/pt\/2024\/07\/30\/aqui-esta-um-resumo-de-refeicoes-gratuitas-e-com-desconto-oferecidas-nos-distritos-escolares-da-florida-central\/","title":{"rendered":"Aqui est\u00e1 um resumo de refei\u00e7\u00f5es gratuitas e com desconto oferecidas nos distritos escolares da Fl\u00f3rida Central"},"content":{"rendered":"<script async src=\"https:\/\/pagead2.googlesyndication.com\/pagead\/js\/adsbygoogle.js?client=ca-pub-8864793242727901\"\r\n     crossorigin=\"anonymous\"><\/script>\n<div id=\"\">\n<p class=\"dist__Box-sc-1fnzlkn-0 dist__TextBase-sc-1fnzlkn-3 CGHCP htMUPQ article-text\"><strong>ORLANDO, Fl\u00f3rida.<\/strong> \u2013 \u00c9 amplamente aceito que se um aluno estiver com o est\u00f4mago cheio durante o dia escolar, isso o ajudar\u00e1 a ter um melhor desempenho na sala de aula.<\/p>\n<p class=\"dist__Box-sc-1fnzlkn-0 dist__TextBase-sc-1fnzlkn-3 CGHCP htMUPQ article-text\">Centenas de milhares de estudantes da Fl\u00f3rida Central poder\u00e3o receber refei\u00e7\u00f5es gratuitas no ano letivo de 2024-2025.<\/p>\n<p class=\"dist__Box-sc-1fnzlkn-0 dist__TextBase-sc-1fnzlkn-3 CGHCP htMUPQ article-text\">O News 6 entrou em contato com os distritos locais sobre sua pol\u00edtica de alimenta\u00e7\u00e3o escolar.<\/p>\n<p class=\"dist__Box-sc-1fnzlkn-0 dist__TextBase-sc-1fnzlkn-3 CGHCP htMUPQ article-text\"><b>Condado de Brevard<\/b><\/p>\n<ul class=\"dist__Box-sc-1fnzlkn-0 hkSbnt font_openSans articleList\">\n<li class=\"dist__Box-sc-1fnzlkn-0 dist__StackBase-sc-1fnzlkn-7 kuCSlp dgEFEb\">\n<div class=\"dist__Box-sc-1fnzlkn-0 dist__StackBase-sc-1fnzlkn-7 eGXyEZ fCPBHr\"><svg xmlns=\"http:\/\/www.w3.org\/2000\/svg\" width=\"6\" height=\"6\" viewbox=\"0 0 6 6\" fill=\"none\" style=\"transform:translateY(-3px);min-height:6px;min-width:6px\"><circle cx=\"3\" cy=\"3\" r=\"3\" fill=\"#212121\"\/><\/svg><span class=\"dist__Box-sc-1fnzlkn-0 dist__TextBase-sc-1fnzlkn-3 dqUGTw\">O News 6 n\u00e3o obteve resposta do distrito, mas de acordo com o site do distrito, as Escolas P\u00fablicas de Brevard oferecem caf\u00e9 da manh\u00e3 gratuito a todos os alunos durante o <a href=\"https:\/\/www.brevardschools.org\/page\/free-and-reduced-lunch-overview\" target=\"_blank\" rel=\"noopener\">Ano letivo de 2024\u20132025<\/a>independentemente do seu status.<\/span><\/div>\n<\/li>\n<\/ul>\n<p class=\"dist__Box-sc-1fnzlkn-0 dist__TextBase-sc-1fnzlkn-3 CGHCP htMUPQ article-text\"><b>Condado de Flagler<\/b><\/p>\n<ul class=\"dist__Box-sc-1fnzlkn-0 hkSbnt font_openSans articleList\">\n<li class=\"dist__Box-sc-1fnzlkn-0 dist__StackBase-sc-1fnzlkn-7 kuCSlp dgEFEb\"\/><\/ul>\n<p class=\"dist__Box-sc-1fnzlkn-0 dist__TextBase-sc-1fnzlkn-3 CGHCP htMUPQ article-text\"><b>Condado de Orange<\/b><\/p>\n<ul class=\"dist__Box-sc-1fnzlkn-0 hkSbnt font_openSans articleList\">\n<li class=\"dist__Box-sc-1fnzlkn-0 dist__StackBase-sc-1fnzlkn-7 kuCSlp dgEFEb\">\n<div class=\"dist__Box-sc-1fnzlkn-0 dist__StackBase-sc-1fnzlkn-7 eGXyEZ fCPBHr\"><svg xmlns=\"http:\/\/www.w3.org\/2000\/svg\" width=\"6\" height=\"6\" viewbox=\"0 0 6 6\" fill=\"none\" style=\"transform:translateY(-3px);min-height:6px;min-width:6px\"><circle cx=\"3\" cy=\"3\" r=\"3\" fill=\"#212121\"\/><\/svg><span class=\"dist__Box-sc-1fnzlkn-0 dist__TextBase-sc-1fnzlkn-3 dqUGTw\">Pelo segundo ano consecutivo, o OCPS oferecer\u00e1 refei\u00e7\u00f5es gratuitas para todos os alunos do <a href=\"https:\/\/www.ocps.net\/departments\/food_and_nutrition_services\/meal_benefits_\" target=\"_blank\" rel=\"noopener\">Ano letivo 2024-2025<\/a> atrav\u00e9s da Community Eligibility Provision (CEP). N\u00e3o h\u00e1 necessidade de as fam\u00edlias enviarem quaisquer formul\u00e1rios ou requerimentos para se qualificarem para este benef\u00edcio, a menos que tenham filhos matriculados em um dos<a href=\"https:\/\/www.clickorlando.com\/news\/local\/2024\/07\/30\/3-new-schools-set-to-open-in-orange-county-heres-when-you-can-get-a-sneak-peek\/\" target=\"_blank\" rel=\"noopener\"> tr\u00eas novas escolas abrindo este ano<\/a>.<\/span><\/div>\n<\/li>\n<\/ul>\n<p class=\"dist__Box-sc-1fnzlkn-0 dist__TextBase-sc-1fnzlkn-3 CGHCP htMUPQ article-text\"><b>Condado de Osceola<\/b><\/p>\n<ul class=\"dist__Box-sc-1fnzlkn-0 hkSbnt font_openSans articleList\">\n<li class=\"dist__Box-sc-1fnzlkn-0 dist__StackBase-sc-1fnzlkn-7 kuCSlp dgEFEb\">\n<div class=\"dist__Box-sc-1fnzlkn-0 dist__StackBase-sc-1fnzlkn-7 eGXyEZ fCPBHr\"><svg xmlns=\"http:\/\/www.w3.org\/2000\/svg\" width=\"6\" height=\"6\" viewbox=\"0 0 6 6\" fill=\"none\" style=\"transform:translateY(-3px);min-height:6px;min-width:6px\"><circle cx=\"3\" cy=\"3\" r=\"3\" fill=\"#212121\"\/><\/svg><span class=\"dist__Box-sc-1fnzlkn-0 dist__TextBase-sc-1fnzlkn-3 dqUGTw\">O Distrito Escolar do Condado de Osceola oferece refei\u00e7\u00f5es saud\u00e1veis \u200b\u200bdiariamente a um pre\u00e7o razo\u00e1vel. Nas escolas de ensino fundamental, o pre\u00e7o do caf\u00e9 da manh\u00e3 \u00e9 gratuito (atualmente participando do Programa Universal de Caf\u00e9 da Manh\u00e3 Gratuito) e o almo\u00e7o \u00e9 de US$ 2,40. Fam\u00edlias qualificadas podem se inscrever para um <a href=\"https:\/\/www.osceolaschools.net\/Page\/2169\" target=\"_blank\" rel=\"noopener\">solicita\u00e7\u00e3o de refei\u00e7\u00e3o gratuita ou com desconto.<\/a><\/span><\/div>\n<\/li>\n<\/ul>\n<p class=\"dist__Box-sc-1fnzlkn-0 dist__TextBase-sc-1fnzlkn-3 CGHCP htMUPQ article-text\"><b>Condado de Lake<\/b><\/p>\n<ul class=\"dist__Box-sc-1fnzlkn-0 hkSbnt font_openSans articleList\">\n<li class=\"dist__Box-sc-1fnzlkn-0 dist__StackBase-sc-1fnzlkn-7 kuCSlp dgEFEb\"\/><\/ul>\n<p class=\"dist__Box-sc-1fnzlkn-0 dist__TextBase-sc-1fnzlkn-3 CGHCP htMUPQ article-text\"><b>Condado de Marion<\/b><\/p>\n<ul class=\"dist__Box-sc-1fnzlkn-0 hkSbnt font_openSans articleList\">\n<li class=\"dist__Box-sc-1fnzlkn-0 dist__StackBase-sc-1fnzlkn-7 kuCSlp dgEFEb\">\n<p><svg xmlns=\"http:\/\/www.w3.org\/2000\/svg\" width=\"6\" height=\"6\" viewbox=\"0 0 6 6\" fill=\"none\" style=\"transform:translateY(-3px);min-height:6px;min-width:6px\"><circle cx=\"3\" cy=\"3\" r=\"3\" fill=\"#212121\"\/><\/svg><span class=\"dist__Box-sc-1fnzlkn-0 dist__TextBase-sc-1fnzlkn-3 dqUGTw\">As Escolas P\u00fablicas do Condado de Marion continuar\u00e3o oferecendo refei\u00e7\u00f5es gratuitas a todos os alunos gra\u00e7as \u00e0 iniciativa Community Eligibility Provision (CEP).<\/span><\/p>\n<\/li>\n<\/ul>\n<p class=\"dist__Box-sc-1fnzlkn-0 dist__TextBase-sc-1fnzlkn-3 CGHCP htMUPQ article-text\"><b>Condado de Seminole<\/b><\/p>\n<ul class=\"dist__Box-sc-1fnzlkn-0 hkSbnt font_openSans articleList\">\n<li class=\"dist__Box-sc-1fnzlkn-0 dist__StackBase-sc-1fnzlkn-7 kuCSlp dgEFEb\"\/><\/ul>\n<p class=\"dist__Box-sc-1fnzlkn-0 dist__TextBase-sc-1fnzlkn-3 CGHCP htMUPQ article-text\"><b>Condado de Sumter<\/b><\/p>\n<ul class=\"dist__Box-sc-1fnzlkn-0 hkSbnt font_openSans articleList\">\n<li class=\"dist__Box-sc-1fnzlkn-0 dist__StackBase-sc-1fnzlkn-7 kuCSlp dgEFEb\">\n<div class=\"dist__Box-sc-1fnzlkn-0 dist__StackBase-sc-1fnzlkn-7 eGXyEZ fCPBHr\"><svg xmlns=\"http:\/\/www.w3.org\/2000\/svg\" width=\"6\" height=\"6\" viewbox=\"0 0 6 6\" fill=\"none\" style=\"transform:translateY(-3px);min-height:6px;min-width:6px\"><circle cx=\"3\" cy=\"3\" r=\"3\" fill=\"#212121\"\/><\/svg><span class=\"dist__Box-sc-1fnzlkn-0 dist__TextBase-sc-1fnzlkn-3 dqUGTw\">As escolas do Condado de Sumter na Fl\u00f3rida oferecem <a href=\"https:\/\/www.sumter.k12.fl.us\/Page\/6607\" target=\"_blank\" rel=\"noopener\">caf\u00e9 da manh\u00e3 e almo\u00e7o gr\u00e1tis<\/a> a todos os alunos por meio da Provis\u00e3o de Elegibilidade Comunit\u00e1ria (CEP) da Lei de Crian\u00e7as Saud\u00e1veis \u200b\u200be Sem Fome de 2010.<\/span><\/div>\n<\/li>\n<\/ul>\n<p class=\"dist__Box-sc-1fnzlkn-0 dist__TextBase-sc-1fnzlkn-3 CGHCP htMUPQ article-text\"><b>Condado de Volusia<\/b><\/p>\n<ul class=\"dist__Box-sc-1fnzlkn-0 hkSbnt font_openSans articleList\">\n<li class=\"dist__Box-sc-1fnzlkn-0 dist__StackBase-sc-1fnzlkn-7 kuCSlp dgEFEb\">\n<div class=\"dist__Box-sc-1fnzlkn-0 dist__StackBase-sc-1fnzlkn-7 eGXyEZ fCPBHr\"><svg xmlns=\"http:\/\/www.w3.org\/2000\/svg\" width=\"6\" height=\"6\" viewbox=\"0 0 6 6\" fill=\"none\" style=\"transform:translateY(-3px);min-height:6px;min-width:6px\"><circle cx=\"3\" cy=\"3\" r=\"3\" fill=\"#212121\"\/><\/svg><span class=\"dist__Box-sc-1fnzlkn-0 dist__TextBase-sc-1fnzlkn-3 dqUGTw\">As escolas do Condado de Volusia continuar\u00e3o a operar a Provis\u00e3o de Elegibilidade Comunit\u00e1ria (CEP) sob o Programa Nacional de Merenda Escolar e o Programa de Caf\u00e9 da Manh\u00e3 Escolar para o<a href=\"https:\/\/www.vcsedu.org\/news\/~board\/district-news\/post\/vcs-to-offer-free-breakfast-and-lunch-for-2024-25-school-year\" target=\"_blank\" rel=\"noopener\"> Ano letivo 2024-2025<\/a>.<\/span><\/div>\n<\/li>\n<\/ul>\n<p class=\"dist__Box-sc-1fnzlkn-0 dist__TextBase-sc-1fnzlkn-3 CGHCP htMUPQ article-text\">Durante a sess\u00e3o legislativa de 2024, os legisladores da Fl\u00f3rida apresentaram um projeto de lei que levaria caf\u00e9 da manh\u00e3 e almo\u00e7o gratuitos para estudantes em todo o estado. O Universal Free School Breakfast and Lunch Program n\u00e3o foi aprovado.<\/p>\n<p class=\"dist__Box-sc-1fnzlkn-0 dist__TextBase-sc-1fnzlkn-3 CGHCP htMUPQ article-text\">A maioria dos distritos escolares da Fl\u00f3rida Central <a href=\"https:\/\/www.clickorlando.com\/news\/local\/2024\/07\/17\/summer-break-is-almost-over-heres-when-each-of-these-central-florida-counties-go-back-to-school\/\" target=\"_blank\" rel=\"noopener\">recome\u00e7ar em 12 de agosto<\/a>. No entanto, alguns t\u00eam datas diferentes de volta \u00e0s aulas, ent\u00e3o os dias exatos em que as aulas voltam variam de acordo com o condado.<\/p>\n<p class=\"dist__Box-sc-1fnzlkn-0 dist__TextBase-sc-1fnzlkn-3 CGHCP htMUPQ article-text\"><b>Confira a <\/b><a href=\"https:\/\/www.clickorlando.com\/topic\/Florida_Foodie\/\"><b>Florida Foodie<\/b><\/a><b>  podcast. Voc\u00ea pode encontrar todos os epis\u00f3dios no media player abaixo:<\/b><\/p>\n<\/div>\n<p>Copyright 2024 por WKMG ClickOrlando &#8211; Todos os direitos reservados.<\/p>\n<p><br \/>\n<br \/><a href=\"https:\/\/www.clickorlando.com\/news\/local\/2024\/07\/30\/heres-a-round-up-of-free-and-reduced-meals-being-offered-at-central-florida-school-districts\/\">Source link <\/a><\/p>","protected":false},"excerpt":{"rendered":"<p>ORLANDO, Fl\u00f3rida. \u2013 \u00c9 amplamente aceito que se um aluno estiver com o est\u00f4mago cheio durante o dia escolar, isso o ajudar\u00e1 a ter um melhor desempenho na sala de&hellip;<\/p>","protected":false},"author":1,"featured_media":12544,"comment_status":"closed","ping_status":"open","sticky":false,"template":"","format":"standard","meta":{"content-type":"","footnotes":""},"categories":[1],"tags":[1518,1523,1521,1520,1442,1517,1516,1522,1519,1515],"class_list":["post-12543","post","type-post","status-publish","format-standard","has-post-thumbnail","hentry","category-uncategorized","tag-condado-de-brevard","tag-condado-de-flagler","tag-condado-de-lake","tag-condado-de-marion","tag-condado-de-orange","tag-condado-de-osceola","tag-condado-de-seminole","tag-condado-de-sumter","tag-condado-de-volusia","tag-de-volta-a-escola"],"_links":{"self":[{"href":"https:\/\/tvbrazilusa.com\/pt\/wp-json\/wp\/v2\/posts\/12543","targetHints":{"allow":["GET"]}}],"collection":[{"href":"https:\/\/tvbrazilusa.com\/pt\/wp-json\/wp\/v2\/posts"}],"about":[{"href":"https:\/\/tvbrazilusa.com\/pt\/wp-json\/wp\/v2\/types\/post"}],"author":[{"embeddable":true,"href":"https:\/\/tvbrazilusa.com\/pt\/wp-json\/wp\/v2\/users\/1"}],"replies":[{"embeddable":true,"href":"https:\/\/tvbrazilusa.com\/pt\/wp-json\/wp\/v2\/comments?post=12543"}],"version-history":[{"count":1,"href":"https:\/\/tvbrazilusa.com\/pt\/wp-json\/wp\/v2\/posts\/12543\/revisions"}],"predecessor-version":[{"id":12545,"href":"https:\/\/tvbrazilusa.com\/pt\/wp-json\/wp\/v2\/posts\/12543\/revisions\/12545"}],"wp:featuredmedia":[{"embeddable":true,"href":"https:\/\/tvbrazilusa.com\/pt\/wp-json\/wp\/v2\/media\/12544"}],"wp:attachment":[{"href":"https:\/\/tvbrazilusa.com\/pt\/wp-json\/wp\/v2\/media?parent=12543"}],"wp:term":[{"taxonomy":"category","embeddable":true,"href":"https:\/\/tvbrazilusa.com\/pt\/wp-json\/wp\/v2\/categories?post=12543"},{"taxonomy":"post_tag","embeddable":true,"href":"https:\/\/tvbrazilusa.com\/pt\/wp-json\/wp\/v2\/tags?post=12543"}],"curies":[{"name":"wp","href":"https:\/\/api.w.org\/{rel}","templated":true}]}}