{"id":125433,"date":"2025-09-05T19:16:31","date_gmt":"2025-09-05T19:16:31","guid":{"rendered":"https:\/\/tvbrazilusa.com\/2025\/09\/05\/os-lideres-de-saude-de-jacksonville-repreendem-desantis-nos-mandatos-da-vacina-jacksonville-hoje\/"},"modified":"2025-09-05T19:21:27","modified_gmt":"2025-09-05T19:21:27","slug":"os-lideres-de-saude-de-jacksonville-repreendem-desantis-nos-mandatos-da-vacina-jacksonville-hoje","status":"publish","type":"post","link":"https:\/\/tvbrazilusa.com\/pt\/2025\/09\/05\/os-lideres-de-saude-de-jacksonville-repreendem-desantis-nos-mandatos-da-vacina-jacksonville-hoje\/","title":{"rendered":"Os l\u00edderes de sa\u00fade de Jacksonville repreendem desantis nos mandatos da vacina | Jacksonville hoje"},"content":{"rendered":"<p> <script async src=\"https:\/\/pagead2.googlesyndication.com\/pagead\/js\/adsbygoogle.js?client=ca-pub-8864793242727901\"\r\n     crossorigin=\"anonymous\"><\/script><br \/>\n<\/p>\n<div>\n<p data-beyondwords-marker=\"9be4d709-d988-4c94-9964-9d16b91f3e8a\">O diretor de sa\u00fade da cidade de Jacksonville e o presidente da Sociedade M\u00e9dica do Condado de Duval emitiram repreens\u00f5es escritas da inten\u00e7\u00e3o do governo DeSantis de eliminar os mandatos da vacina de inf\u00e2ncia da Fl\u00f3rida. <\/p>\n<p data-beyondwords-marker=\"9d61f945-9a96-4482-9591-c24e435b1ea0\">O Dr. Sunil Joshi anunciou sua oposi\u00e7\u00e3o \u00e0 proposta na sexta -feira em um comunicado \u00e0 imprensa do escrit\u00f3rio da prefeita Donna Deegan. <\/p>\n<p data-beyondwords-marker=\"434fb7c6-8bf4-42f8-8f6d-8efd91c91330\">Joshi disse que o esfor\u00e7o para acabar com os mandatos da vacina para crian\u00e7as da Fl\u00f3rida, <a href=\"https:\/\/jaxtoday.org\/2025\/09\/03\/florida-plans-to-end-child-vaccine-mandates\/#most-read-ad-unit\">descrito pelo governador Ron DeSantis e pelo cirurgi\u00e3o estadual Joseph Ladapo<\/a> Na quarta -feira, reduziria as taxas de imuniza\u00e7\u00e3o e colocaria crian\u00e7as, atendimentos de adultos e pessoal das escolas da Fl\u00f3rida em risco de doen\u00e7as evit\u00e1veis.<\/p>\n<p data-beyondwords-marker=\"73cf1546-8ee2-420e-9dcb-4139f02b571c\">&#8220;A elimina\u00e7\u00e3o de mandatos de vacinas para crian\u00e7as em idade escolar na Fl\u00f3rida n\u00e3o \u00e9 apenas uma revers\u00e3o de gera\u00e7\u00f5es de pol\u00edtica de sa\u00fade preventiva &#8211; \u00e9 uma amea\u00e7a profunda \u00e0 seguran\u00e7a p\u00fablica&#8221;, disse Joshi no comunicado. <\/p>\n<p data-beyondwords-marker=\"61ef3d84-9a8c-4be1-a08b-7748812c004d\">Ele ressaltou que a Academia Americana de Pediatria, a Associa\u00e7\u00e3o M\u00e9dica Americana, a Associa\u00e7\u00e3o M\u00e9dica da Fl\u00f3rida e a Associa\u00e7\u00e3o Nacional de Enfermeiras Escolares alertam que a medida corroa d\u00e9cadas de progresso no controle de doen\u00e7as altamente contagiosas e evit\u00e1veis, como sarampo, caxumba, tosse convulsa, polio, hepatite e pox de frango.<\/p>\n<p data-beyondwords-marker=\"1aa243f7-96f2-4df6-8ef0-aba746567129\">&#8220;As vacinas t\u00eam sido uma das defesas mais eficazes da sa\u00fade p\u00fablica na preven\u00e7\u00e3o de doen\u00e7as transmiss\u00edveis&#8221;, disse Joshi.<\/p>\n<p data-beyondwords-marker=\"145cb89a-d7c7-48ab-8864-1a20d83bb935\">A declara\u00e7\u00e3o da cidade seguiu um aviso semelhante na quinta -feira do Dr. Ali Kasraeian, presidente da Sociedade M\u00e9dica do Condado de Duval. <\/p>\n<p data-beyondwords-marker=\"8748fa31-e6ff-4fcc-a6c4-3c2d8c1b25b3\">&#8220;Estamos profundamente preocupados com os esfor\u00e7os para desmantelar os requisitos de vacinas infantis de longa data na Fl\u00f3rida&#8221;, disse Kasraeian. &#8220;No momento em que devemos fortalecer a sa\u00fade de nossas comunidades, remover essas salvaguardas amea\u00e7a reverter d\u00e9cadas de progresso contra doen\u00e7as evit\u00e1veis&#8221;.<\/p>\n<p data-beyondwords-marker=\"b1a99b31-51b4-4459-b785-15b6c5452d91\">Leia a declara\u00e7\u00e3o completa de Kasraeian <a href=\"https:\/\/www.dcmsonline.org\/news\/709453\/Protecting-Children-Protecting-Florida-The-Case-for-Vaccination.htm\" rel=\"nofollow noopener\" target=\"_blank\">aqui<\/a>. <\/p>\n<p data-beyondwords-marker=\"954cac79-a8a8-4ca3-b143-b2c274e43024\">A oposi\u00e7\u00e3o local ocorre em meio \u00e0 crescente incerteza no n\u00edvel federal sobre o futuro dos Centros de Controle de Doen\u00e7as e Diretrizes de Vacinas da Preven\u00e7\u00e3o. <\/p>\n<p data-beyondwords-marker=\"518badfa-6af6-488d-a3fd-f73cc90d77c2\">Durante uma entrevista coletiva em Valrico, perto de Tampa, a DeSantis tamb\u00e9m anunciou a cria\u00e7\u00e3o de uma comiss\u00e3o de n\u00edvel estadual \u201cMake America Health Again\u201d modelada ap\u00f3s iniciativas semelhantes endossadas pelo secret\u00e1rio de Sa\u00fade e Servi\u00e7os Humanos dos EUA, Robert F. Kennedy Jr., de acordo com um relat\u00f3rio da Associated Press.<\/p>\n<p data-beyondwords-marker=\"2d7546a7-9d98-474e-880d-fd58ca273aa7\">Kennedy enfrentou <a href=\"https:\/\/www.pbs.org\/newshour\/politics\/watch-rfk-jr-taking-away-vaccines-from-people-who-want-them-warren-says\" rel=\"nofollow noopener\" target=\"_blank\">Perguntas dif\u00edceis na quinta -feira<\/a> Do Comit\u00ea de Finan\u00e7as do Senado sobre mudan\u00e7as no CDC e esfor\u00e7os para limitar o acesso aos mais recentes impulsionadores de vacinas covid-19 a pessoas com mais de 65 anos e pessoas que t\u00eam condi\u00e7\u00f5es de sa\u00fade subjacentes. <\/p>\n<p data-beyondwords-marker=\"8e8ea4db-8ed2-49c3-8f63-3fe10b52370f\">De acordo com a Sociedade M\u00e9dica do Condado de Duval, mais de 1.400 casos de sarampo e 10.000 casos de coqueluche foram relatados este ano nos EUA, quase o dobro do que foi relatado em 2024. Ambas as doen\u00e7as s\u00e3o abordadas em imunatiza\u00e7\u00f5es b\u00e1sicas da inf\u00e2ncia. <\/p>\n<p data-beyondwords-marker=\"cb7e5a0a-5a65-47b6-9cc0-a8bfb68a2f11\">&#8220;Tragicamente, a maioria ocorreu em indiv\u00edduos que n\u00e3o eram vacinados ou cujo status de vacina\u00e7\u00e3o era desconhecido. Aqui em Jacksonville, vimos em primeira m\u00e3o o retorno das doen\u00e7as uma vez consideradas controladas&#8221;, disse Kasraeian. &#8220;Esses surtos nos lembram que a imunidade n\u00e3o \u00e9 um dado; \u00e9 uma responsabilidade que compartilhamos&#8221;.<\/p>\n<p data-beyondwords-marker=\"8625bd2e-f975-4478-9131-e1dcf26f5919\">A Sociedade M\u00e9dica \u00e9 uma organiza\u00e7\u00e3o liderada por m\u00e9dicos de 172 anos que fornece educa\u00e7\u00e3o a m\u00e9dicos e hospitais e se envolve em defesa dos cuidados de sa\u00fade nos n\u00edveis local, estadual e federal.<\/p>\n<p data-beyondwords-marker=\"81307176-2e05-45e0-9776-5c88a525dd88\">Kasraeian tamb\u00e9m estendeu um ramo de azeitona em sua carta para trabalhar com autoridades estaduais para preservar as prote\u00e7\u00f5es de vacinas.<\/p>\n<p data-beyondwords-marker=\"73fd959b-0b41-41e8-8211-dd71f50663c2\">&#8220;Para nossos l\u00edderes estaduais, dizemos o seguinte: a liberdade m\u00e9dica nunca deve vir \u00e0 custa da seguran\u00e7a p\u00fablica&#8221;, disse ele. &#8220;A verdadeira liberdade significa garantir que toda crian\u00e7a possa frequentar a escola com seguran\u00e7a; todos os pais podem confiar que sua comunidade est\u00e1 protegida; e toda fam\u00edlia pode prosperar sem medo de doen\u00e7as que j\u00e1 sabemos como impedir&#8221;.<\/p>\n<p data-beyondwords-marker=\"d403bd86-0211-4fd7-8e18-f4b6a9c7e51b\">Joshi, um alergista, imunologista e ex -presidente da Duval Medical Society, fez um argumento econ\u00f4mico para manter os mandatos da vacina. Sua carta tamb\u00e9m criticou a caracteriza\u00e7\u00e3o de DeSantis e Ladapo de que a mudan\u00e7a foi sobre liberdade m\u00e9dica.<\/p>\n<p data-beyondwords-marker=\"49137932-94a8-4c3c-8026-5d350728de57\">&#8220;A doen\u00e7a leva ao absente\u00edsmo escolar entre os alunos, o que se traduz nos pais que faltavam no trabalho, colocando mais tens\u00e3o sobre fam\u00edlias, pequenas empresas e comunidades&#8221;, disse Joshi. <\/p>\n<p data-beyondwords-marker=\"6478c185-04eb-4b26-add9-9154ad50a332\">&#8220;Vamos ficar claros, essa pol\u00edtica proposta n\u00e3o \u00e9 sobre liberdade &#8211; trata -se de renunciar \u00e0s salvaguardas vitais que protegem nossos filhos, nossas escolas e nossas comunidades. Os riscos s\u00e3o reais, evit\u00e1veis \u200b\u200be podem ser evitados mantendo os requisitos de vacina\u00e7\u00e3o. Caso contr\u00e1rio, estamos tocando com fogo \u00e0s despesas de sa\u00fade p\u00fablica&#8221;, disse ele.<\/p>\n<p data-beyondwords-marker=\"c824d6d5-8457-4070-b3dd-570f3013ed75\">De acordo com o relat\u00f3rio da AP, Ladapo disse que o Departamento de Sa\u00fade do Estado pode eliminar suas pr\u00f3prias regras para alguns mandatos da vacina, mas outros exigiriam a\u00e7\u00e3o pelo Legislativo da Fl\u00f3rida. Ele n\u00e3o especificou nenhuma vacina em particular, mas repetiu v\u00e1rias vezes o esfor\u00e7o acabaria com &#8220;todos eles. Todo um deles&#8221;.<\/p>\n<\/div>\n<p><br \/>\n<br \/><a href=\"https:\/\/jaxtoday.org\/2025\/09\/05\/jacksonville-health-leaders-rebuke-desantis-on-vaccine-mandates\/\">Source link <\/a><\/p>","protected":false},"excerpt":{"rendered":"<p>O diretor de sa\u00fade da cidade de Jacksonville e o presidente da Sociedade M\u00e9dica do Condado de Duval emitiram repreens\u00f5es escritas da inten\u00e7\u00e3o do governo DeSantis de eliminar os mandatos&hellip;<\/p>","protected":false},"author":1,"featured_media":125434,"comment_status":"closed","ping_status":"open","sticky":false,"template":"","format":"standard","meta":{"content-type":"","footnotes":""},"categories":[1],"tags":[],"class_list":["post-125433","post","type-post","status-publish","format-standard","has-post-thumbnail","hentry","category-uncategorized"],"_links":{"self":[{"href":"https:\/\/tvbrazilusa.com\/pt\/wp-json\/wp\/v2\/posts\/125433","targetHints":{"allow":["GET"]}}],"collection":[{"href":"https:\/\/tvbrazilusa.com\/pt\/wp-json\/wp\/v2\/posts"}],"about":[{"href":"https:\/\/tvbrazilusa.com\/pt\/wp-json\/wp\/v2\/types\/post"}],"author":[{"embeddable":true,"href":"https:\/\/tvbrazilusa.com\/pt\/wp-json\/wp\/v2\/users\/1"}],"replies":[{"embeddable":true,"href":"https:\/\/tvbrazilusa.com\/pt\/wp-json\/wp\/v2\/comments?post=125433"}],"version-history":[{"count":1,"href":"https:\/\/tvbrazilusa.com\/pt\/wp-json\/wp\/v2\/posts\/125433\/revisions"}],"predecessor-version":[{"id":125435,"href":"https:\/\/tvbrazilusa.com\/pt\/wp-json\/wp\/v2\/posts\/125433\/revisions\/125435"}],"wp:featuredmedia":[{"embeddable":true,"href":"https:\/\/tvbrazilusa.com\/pt\/wp-json\/wp\/v2\/media\/125434"}],"wp:attachment":[{"href":"https:\/\/tvbrazilusa.com\/pt\/wp-json\/wp\/v2\/media?parent=125433"}],"wp:term":[{"taxonomy":"category","embeddable":true,"href":"https:\/\/tvbrazilusa.com\/pt\/wp-json\/wp\/v2\/categories?post=125433"},{"taxonomy":"post_tag","embeddable":true,"href":"https:\/\/tvbrazilusa.com\/pt\/wp-json\/wp\/v2\/tags?post=125433"}],"curies":[{"name":"wp","href":"https:\/\/api.w.org\/{rel}","templated":true}]}}