{"id":12561,"date":"2024-07-30T19:45:37","date_gmt":"2024-07-30T19:45:37","guid":{"rendered":"https:\/\/tvbrazilusa.com\/2024\/07\/30\/assessor-de-lula-se-pronuncia-pela-primeira-vez-sobre-maduro\/"},"modified":"2024-07-30T19:49:23","modified_gmt":"2024-07-30T19:49:23","slug":"assessor-de-lula-se-pronuncia-pela-primeira-vez-sobre-maduro","status":"publish","type":"post","link":"https:\/\/tvbrazilusa.com\/pt\/2024\/07\/30\/assessor-de-lula-se-pronuncia-pela-primeira-vez-sobre-maduro\/","title":{"rendered":"Assessor de Lula se pronuncia pela primeira vez sobre Maduro"},"content":{"rendered":"<p> <script async src=\"https:\/\/pagead2.googlesyndication.com\/pagead\/js\/adsbygoogle.js?client=ca-pub-8864793242727901\"\r\n     crossorigin=\"anonymous\"><\/script><br \/>\n<\/p>\n<div>\n<p><em>Foto: EFE\/PRENSA MIRAFLORES<\/em><\/p>\n<p>O assessor especial para assuntos internacionais da Presid\u00eancia da Rep\u00fablica, Celso Amorim, disse que \u201cainda \u00e9 cedo\u201d para que o Brasil reconhe\u00e7a a legitimidade do resultado da elei\u00e7\u00e3o na Venezuela. Nesta segunda-feira (29), ele se reuniu com o ditador Nicol\u00e1s Maduro e com o candidato da oposi\u00e7\u00e3o Edmundo Gonz\u00e1lez.<\/p>\n<p>Amorim deixou claro que o governo brasileiro optou por uma abordagem mais prudente. Segundo ele, o Brasil aguarda as atas das se\u00e7\u00f5es eleitorais para tomar uma posi\u00e7\u00e3o definitiva sobre o resultado da elei\u00e7\u00e3o no pa\u00eds vizinho.<\/p>\n<h2 class=\"wp-block-heading\">Celso Amorim e a Elei\u00e7\u00e3o na Venezuela<\/h2>\n<p>O Conselho Nacional Eleitoral da Venezuela, \u00f3rg\u00e3o equivalente ao Tribunal Superior Eleitoral (TSE) do Brasil, anunciou a vit\u00f3ria de Nicol\u00e1s Maduro com 51% dos votos contra 44% de Edmundo Gonz\u00e1lez. O resultado contraria as pesquisas de inten\u00e7\u00e3o de voto, que indicavam uma vit\u00f3ria s\u00f3lida da oposi\u00e7\u00e3o, com uma m\u00e9dia de 70% dos votos.<\/p>\n<h2 class=\"wp-block-heading\">Por que Celso Amorim Adotou uma Postura Cautelosa?<\/h2>\n<p>Durante reuni\u00e3o com Nicol\u00e1s Maduro, o assessor especial Celso Amorim enfatizou a necessidade de cautela antes de reconhecer a legitimidade do resultado eleitoral. Segundo Amorim, a decis\u00e3o ser\u00e1 tomada com base em avalia\u00e7\u00f5es criteriosas das atas das se\u00e7\u00f5es eleitorais.<\/p>\n<h2 class=\"wp-block-heading\">O Que Disse Nicol\u00e1s Maduro?<\/h2>\n<p>Em suas redes sociais, Maduro compartilhou um trecho da conversa que teve com Celso Amorim. Maduro afirmou que um grupo de opositores, liderado por Mar\u00eda Corina Machado e Edmundo Gonz\u00e1lez, \u00e9 radical e fascista, n\u00e3o sendo uma op\u00e7\u00e3o democr\u00e1tica vi\u00e1vel. Essa declara\u00e7\u00e3o refor\u00e7a a narrativa do governo venezuelano de deslegitimar uma parcela da oposi\u00e7\u00e3o.<\/p>\n<h3 class=\"wp-block-heading\">Rea\u00e7\u00f5es no Brasil<\/h3>\n<p>O Partido dos Trabalhadores (PT), liderado pela deputada federal Gleisi Hoffmann (RS), reconheceu oficialmente a reelei\u00e7\u00e3o de Nicol\u00e1s Maduro. Em um comunicado, a legenda afirmou ser fundamental que Maduro continue o di\u00e1logo com a oposi\u00e7\u00e3o para enfrentar os graves problemas da Venezuela, que seriam, em grande parte, provocados por san\u00e7\u00f5es ilegais.<\/p>\n<ul class=\"wp-block-list\">\n<li>OEA diz n\u00e3o reconhecer a vit\u00f3ria de Maduro nas elei\u00e7\u00f5es.<\/li>\n<li>Secret\u00e1rio-geral da OEA pede que Maduro aceite derrota na elei\u00e7\u00e3o.<\/li>\n<li>Oposi\u00e7\u00e3o denuncia sequestro de l\u00edder na Venezuela.<\/li>\n<li>Itamaraty faz alerta de seguran\u00e7a para brasileiros na Venezuela.<\/li>\n<li>Deputado do PT diz que postura de Maduro \u00e9 de um \u201cditador\u201d.<\/li>\n<\/ul>\n<p>\u00a0<\/p>\n<h2 class=\"wp-block-heading\">Perspectivas Futuras<\/h2>\n<p>Enquanto a comunidade internacional observa, o governo brasileiro adota uma abordagem cuidadosa. A decis\u00e3o final sobre a legitimidade do resultado eleitoral na Venezuela pode impactar significativamente as rela\u00e7\u00f5es diplom\u00e1ticas entre os dois pa\u00edses e influenciar a posi\u00e7\u00e3o do Brasil no cen\u00e1rio internacional.<\/p>\n<p>Ainda restam d\u00favidas sobre o futuro pol\u00edtico da Venezuela e como o Brasil ir\u00e1 atuar nesse contexto tumultuado. Com a situa\u00e7\u00e3o ainda incerta, \u00e9 crucial continuar acompanhando os desdobramentos e as decis\u00f5es tomadas pelas autoridades brasileiras e internacionais.<\/p>\n<\/p><\/div>\n<p><br \/>\n<br \/><a href=\"https:\/\/terrabrasilnoticias.com\/2024\/07\/assessor-de-lula-se-pronuncia-pela-primeira-vez-sobre-maduro\/\">Source link <\/a><\/p>","protected":false},"excerpt":{"rendered":"<p>Foto: EFE\/PRENSA MIRAFLORES O assessor especial para assuntos internacionais da Presid\u00eancia da Rep\u00fablica, Celso Amorim, disse que \u201cainda \u00e9 cedo\u201d para que o Brasil reconhe\u00e7a a legitimidade do resultado da&hellip;<\/p>","protected":false},"author":1,"featured_media":12562,"comment_status":"closed","ping_status":"open","sticky":false,"template":"","format":"standard","meta":{"content-type":"","footnotes":""},"categories":[16],"tags":[],"class_list":["post-12561","post","type-post","status-publish","format-standard","has-post-thumbnail","hentry","category-noticias"],"_links":{"self":[{"href":"https:\/\/tvbrazilusa.com\/pt\/wp-json\/wp\/v2\/posts\/12561","targetHints":{"allow":["GET"]}}],"collection":[{"href":"https:\/\/tvbrazilusa.com\/pt\/wp-json\/wp\/v2\/posts"}],"about":[{"href":"https:\/\/tvbrazilusa.com\/pt\/wp-json\/wp\/v2\/types\/post"}],"author":[{"embeddable":true,"href":"https:\/\/tvbrazilusa.com\/pt\/wp-json\/wp\/v2\/users\/1"}],"replies":[{"embeddable":true,"href":"https:\/\/tvbrazilusa.com\/pt\/wp-json\/wp\/v2\/comments?post=12561"}],"version-history":[{"count":1,"href":"https:\/\/tvbrazilusa.com\/pt\/wp-json\/wp\/v2\/posts\/12561\/revisions"}],"predecessor-version":[{"id":12563,"href":"https:\/\/tvbrazilusa.com\/pt\/wp-json\/wp\/v2\/posts\/12561\/revisions\/12563"}],"wp:featuredmedia":[{"embeddable":true,"href":"https:\/\/tvbrazilusa.com\/pt\/wp-json\/wp\/v2\/media\/12562"}],"wp:attachment":[{"href":"https:\/\/tvbrazilusa.com\/pt\/wp-json\/wp\/v2\/media?parent=12561"}],"wp:term":[{"taxonomy":"category","embeddable":true,"href":"https:\/\/tvbrazilusa.com\/pt\/wp-json\/wp\/v2\/categories?post=12561"},{"taxonomy":"post_tag","embeddable":true,"href":"https:\/\/tvbrazilusa.com\/pt\/wp-json\/wp\/v2\/tags?post=12561"}],"curies":[{"name":"wp","href":"https:\/\/api.w.org\/{rel}","templated":true}]}}