{"id":125717,"date":"2025-09-10T13:46:27","date_gmt":"2025-09-10T13:46:27","guid":{"rendered":"https:\/\/tvbrazilusa.com\/2025\/09\/10\/hoje-marca-um-pico-estranhamente-tranquilo-para-a-temporada-de-furacoes-jacksonville-hoje\/"},"modified":"2025-09-10T13:58:16","modified_gmt":"2025-09-10T13:58:16","slug":"hoje-marca-um-pico-estranhamente-tranquilo-para-a-temporada-de-furacoes-jacksonville-hoje","status":"publish","type":"post","link":"https:\/\/tvbrazilusa.com\/pt\/2025\/09\/10\/hoje-marca-um-pico-estranhamente-tranquilo-para-a-temporada-de-furacoes-jacksonville-hoje\/","title":{"rendered":"Hoje marca um pico estranhamente tranquilo para a temporada de furac\u00f5es | Jacksonville hoje"},"content":{"rendered":"<p> <script async src=\"https:\/\/pagead2.googlesyndication.com\/pagead\/js\/adsbygoogle.js?client=ca-pub-8864793242727901\"\r\n     crossorigin=\"anonymous\"><\/script><br \/>\n<\/p>\n<div>\n<p>O 2025 <a href=\"https:\/\/jaxtoday.org\/2025\/05\/22\/hurricane-center-forecasts-above-average-year\/\">Temporada de furac\u00f5es do Atl\u00e2ntico<\/a> Atingiu o pico estat\u00edstico com pouco para rastrear, marcando um dos septembers mais silenciosos em mais de tr\u00eas d\u00e9cadas.<\/p>\n<p>Normalmente, o per\u00edodo em torno de 10 de setembro \u00e9 o mais movimentado de toda a temporada de furac\u00f5es, com tempestades e furac\u00f5es tropicais girando no Atl\u00e2ntico, Caribe e Golfo.<\/p>\n<p>At\u00e9 agora, a temporada produziu seis tempestades nomeadas, com Erin se tornando <a href=\"https:\/\/jaxtoday.org\/2025\/08\/20\/hurricane-erin-could-bring-danger-to-coastline\/\">o \u00fanico furac\u00e3o<\/a> com ventos m\u00e1ximos sustentados de pelo menos 74 mph.<\/p>\n<figure class=\"wp-block-image size-large\"><figcaption>2025 Faixas da temporada de furac\u00f5es da bacia do Atl\u00e2ntico <cite> (Centro Nacional de Furac\u00e3o)<\/cite><\/figcaption><\/figure>\n<p>Uma an\u00e1lise dos dados hist\u00f3ricos do furac\u00e3o conduzidos pelo <a href=\"https:\/\/floridastorms.org\/\" rel=\"nofollow noopener\" target=\"_blank\">Rede de Emerg\u00eancia de R\u00e1dio P\u00fablica da Fl\u00f3rida<\/a> Descobriu a \u00faltima vez que n\u00e3o havia um ciclone ou onda tropical significativa para rastrear durante a semana de pico em 1992, ap\u00f3s o aterrissagem do furac\u00e3o Andrew e antes da forma\u00e7\u00e3o do furac\u00e3o Bonnie.<\/p>\n<p>A temporada de furac\u00f5es de 1992 foi considerada um ano &#8220;neutro&#8221; na oscila\u00e7\u00e3o El Ni\u00f1o -Sul, o que significa que nem La Ni\u00f1a nem El Ni\u00f1o estavam no controle.<\/p>\n<p>Este ano tamb\u00e9m se enquadra em um status neutro, mas h\u00e1 diferen\u00e7as importantes que se destacam, incluindo temperaturas mais quentes da superf\u00edcie do mar e cisalhamento de vento reduzido, que s\u00e3o <a href=\"https:\/\/jaxtoday.org\/2025\/04\/03\/hurricane-forecast-colorado-state\/\">mais favor\u00e1vel<\/a> para o desenvolvimento de ciclones tropicais em compara\u00e7\u00e3o com outros padr\u00f5es clim\u00e1ticos neutros.<\/p>\n<figure class=\"wp-block-image size-large\"><img decoding=\"async\" src=\"https:\/\/npr.brightspotcdn.com\/dims3\/default\/strip\/false\/crop\/867x532+0+0\/resize\/1200\/quality\/75\/format\/webp\/?url=http%3A%2F%2Fnpr-brightspot.s3.amazonaws.com%2F97%2Fc3%2F27f661df4f3481d7b246d90b617c%2Fbanner1.png\" alt=\"Gr\u00e1fico de atividade tropical da bacia do Atl\u00e2ntico\"\/><figcaption>Gr\u00e1fico de atividade tropical da bacia do Atl\u00e2ntico<\/figcaption><\/figure>\n<h3>O que \u00e9 limitar a atividade do furac\u00e3o?<\/h3>\n<p>Existem v\u00e1rios fatores que podem estar levando ao desenvolvimento de tempestades suprimidos e, portanto, um vazio de atividade tropical durante o que geralmente \u00e9 o trecho mais movimentado.<\/p>\n<p>Os dados de sat\u00e9lite indicam que uma abund\u00e2ncia de ar seco interrompeu o desenvolvimento de ondas tropicais significativas na principal regi\u00e3o de desenvolvimento, onde a maioria das grandes tempestades se originam.<\/p>\n<p>Outro fator \u00e9 a estabilidade da pr\u00f3pria atmosfera.<\/p>\n<p>Um ambiente mais est\u00e1vel impede o ar de produzir nuvens para tempestades, que s\u00e3o essenciais para a forma\u00e7\u00e3o de ciclones.<\/p>\n<p>Pedindo significativamente no leste da Am\u00e9rica do Norte, bem como a localiza\u00e7\u00e3o do que \u00e9 conhecido como uma calha tropical troposf\u00e9rica na parte ocidental da bacia, impediram qualquer ondas tropicais que sobrevivem ao Atl\u00e2ntico Oriental de se desenvolver ou se tornar uma amea\u00e7a para os EUA<\/p>\n<figure class=\"wp-block-image size-large\"><img decoding=\"async\" src=\"https:\/\/npr.brightspotcdn.com\/dims3\/default\/strip\/false\/crop\/672x617+0+0\/resize\/1200\/quality\/75\/format\/webp\/?url=http%3A%2F%2Fnpr-brightspot.s3.amazonaws.com%2F34%2F1c%2F864db27b40bd8a1a61102f88fbb6%2Finstabi.png\" alt=\"Instabilidade vertical do Atl\u00e2ntico tropical (linha azul) em compara\u00e7\u00e3o com a m\u00e9dia de longo prazo (linha preta).\"\/><figcaption>Instabilidade vertical do Atl\u00e2ntico tropical (linha azul) em compara\u00e7\u00e3o com a m\u00e9dia de longo prazo (linha preta). <cite> (<i>Instituto Cooperativo de Pesquisa na Atmosfera<\/i>)<\/cite><\/figcaption><\/figure>\n<h3>A temporada de 2025 acabou?<\/h3>\n<p>Apesar do come\u00e7o tranquilo de setembro, os meteorologistas no <a href=\"https:\/\/www.nhc.noaa.gov\/\" rel=\"nofollow noopener\" target=\"_blank\">Centro Nacional de Furac\u00e3o<\/a> Cuidado de que a temporada est\u00e1 longe de terminar.<\/p>\n<p>Climatologicamente, cerca de 60% da atividade tropical significativa ocorre ap\u00f3s o pico at\u00e9 o final da temporada em 30 de novembro.<\/p>\n<p>Em m\u00e9dia, tr\u00eas tempestades nomeadas se formam em outubro e um recurso adicional em novembro. Desses, dois geralmente se fortalecem em furac\u00f5es, e um se torna um grande furac\u00e3o com ventos de pelo menos 115 mph.<\/p>\n<p>Os analistas dizem que a combina\u00e7\u00e3o de \u00e1gua morna e o status da oscila\u00e7\u00e3o de Madden-Julian devem ser suficientes para levar a uma atividade adicional de ciclone tropical durante a temporada de 2025.<\/p>\n<p>A oscila\u00e7\u00e3o de Madden-Julian \u00e9 um pulso que viaja para o leste de ondas de umidade aprimorada e ar seco que afetam as \u00e1reas ao longo do equador e dos subtr\u00f3picos.<\/p>\n<p>Com o pulso ascendente que se espera estar no Golfo, Caribe e Atl\u00e2ntico durante o segundo semestre de setembro e in\u00edcio de outubro, espera -se que as condi\u00e7\u00f5es sejam amplamente favor\u00e1veis \u200b\u200b\u00e0 atividade de ciclone tropical.<\/p>\n<p>Outubro tamb\u00e9m \u00e9 o segundo m\u00eas mais ativo para os impactos no Sunshine State e inclui furac\u00f5es como Milton (2024), Michael (2018), Wilma (2005) e Opal (1995).<\/p>\n<p>Se a Bacia do Atl\u00e2ntico n\u00e3o puder aproveitar o que deve ser condi\u00e7\u00f5es mais favor\u00e1veis, setembro de 2025 entrar\u00e1 nos livros de hist\u00f3ria como o m\u00eas de pico mais silencioso de todos os tempos para a atividade tropical.<\/p>\n<p>De acordo com registros hist\u00f3ricos confi\u00e1veis, nunca houve um setembro sem um ciclone tropical para rastrear.<\/p>\n<p>A \u00faltima vez que houve apenas um ciclone tropical relatado durante o m\u00eas de setembro foi de 1939, que poderia ser uma sub -contagem devido \u00e0 falta de tecnologia, incluindo sat\u00e9lites, usados \u200b\u200bpara rastrear os recursos da bacia.<\/p>\n<\/div>\n<p><br \/>\n<br \/><a href=\"https:\/\/jaxtoday.org\/2025\/09\/10\/peak-hurricane-season-quiet\/\">Source link <\/a><\/p>","protected":false},"excerpt":{"rendered":"<p>O 2025 Temporada de furac\u00f5es do Atl\u00e2ntico Atingiu o pico estat\u00edstico com pouco para rastrear, marcando um dos septembers mais silenciosos em mais de tr\u00eas d\u00e9cadas. Normalmente, o per\u00edodo em&hellip;<\/p>","protected":false},"author":1,"featured_media":125718,"comment_status":"closed","ping_status":"open","sticky":false,"template":"","format":"standard","meta":{"content-type":"","footnotes":""},"categories":[1],"tags":[1360,33730,34367,1267,1268,1580],"class_list":["post-125717","post","type-post","status-publish","format-standard","has-post-thumbnail","hentry","category-uncategorized","tag-clima","tag-fpren","tag-furacao-erin","tag-noticias","tag-noticias-do-estado","tag-temporada-de-furacoes"],"_links":{"self":[{"href":"https:\/\/tvbrazilusa.com\/pt\/wp-json\/wp\/v2\/posts\/125717","targetHints":{"allow":["GET"]}}],"collection":[{"href":"https:\/\/tvbrazilusa.com\/pt\/wp-json\/wp\/v2\/posts"}],"about":[{"href":"https:\/\/tvbrazilusa.com\/pt\/wp-json\/wp\/v2\/types\/post"}],"author":[{"embeddable":true,"href":"https:\/\/tvbrazilusa.com\/pt\/wp-json\/wp\/v2\/users\/1"}],"replies":[{"embeddable":true,"href":"https:\/\/tvbrazilusa.com\/pt\/wp-json\/wp\/v2\/comments?post=125717"}],"version-history":[{"count":1,"href":"https:\/\/tvbrazilusa.com\/pt\/wp-json\/wp\/v2\/posts\/125717\/revisions"}],"predecessor-version":[{"id":125719,"href":"https:\/\/tvbrazilusa.com\/pt\/wp-json\/wp\/v2\/posts\/125717\/revisions\/125719"}],"wp:featuredmedia":[{"embeddable":true,"href":"https:\/\/tvbrazilusa.com\/pt\/wp-json\/wp\/v2\/media\/125718"}],"wp:attachment":[{"href":"https:\/\/tvbrazilusa.com\/pt\/wp-json\/wp\/v2\/media?parent=125717"}],"wp:term":[{"taxonomy":"category","embeddable":true,"href":"https:\/\/tvbrazilusa.com\/pt\/wp-json\/wp\/v2\/categories?post=125717"},{"taxonomy":"post_tag","embeddable":true,"href":"https:\/\/tvbrazilusa.com\/pt\/wp-json\/wp\/v2\/tags?post=125717"}],"curies":[{"name":"wp","href":"https:\/\/api.w.org\/{rel}","templated":true}]}}