{"id":125740,"date":"2025-09-10T18:48:59","date_gmt":"2025-09-10T18:48:59","guid":{"rendered":"https:\/\/tvbrazilusa.com\/2025\/09\/10\/o-open-carry-ban-ocorreu-no-tribunal-de-apelacao-jacksonville-hoje\/"},"modified":"2025-09-10T18:52:16","modified_gmt":"2025-09-10T18:52:16","slug":"o-open-carry-ban-ocorreu-no-tribunal-de-apelacao-jacksonville-hoje","status":"publish","type":"post","link":"https:\/\/tvbrazilusa.com\/pt\/2025\/09\/10\/o-open-carry-ban-ocorreu-no-tribunal-de-apelacao-jacksonville-hoje\/","title":{"rendered":"O Open Carry Ban ocorreu no tribunal de apela\u00e7\u00e3o | Jacksonville hoje"},"content":{"rendered":"<p> <script async src=\"https:\/\/pagead2.googlesyndication.com\/pagead\/js\/adsbygoogle.js?client=ca-pub-8864793242727901\"\r\n     crossorigin=\"anonymous\"><\/script><br \/>\n<\/p>\n<div>\n<p>Em uma decis\u00e3o importante, um tribunal de apela\u00e7\u00f5es do estado decidiu na quarta -feira que a proibi\u00e7\u00e3o da Fl\u00f3rida <a href=\"https:\/\/jaxtoday.org\/2024\/11\/25\/open-carry-law-florida\/\">carregando armas abertamente<\/a> \u00e9 inconstitucional.<\/p>\n<p>Um painel de tr\u00eas ju\u00edzes do 1\u00ba Tribunal de Apela\u00e7\u00e3o do 1\u00ba Distrito, apontando para as decis\u00f5es da Suprema Corte dos EUA sobre quest\u00f5es da Segunda Emenda, disse que a proibi\u00e7\u00e3o de transporte aberta \u00e9 incompat\u00edvel com a &#8220;tradi\u00e7\u00e3o hist\u00f3rica da regulamenta\u00e7\u00e3o de armas de fogo&#8221; do pa\u00eds.<\/p>\n<p>&#8220;Nenhuma tradi\u00e7\u00e3o hist\u00f3rica ap\u00f3ia a proibi\u00e7\u00e3o de transporte aberto da Fl\u00f3rida&#8221;, escreveu a ju\u00edza Stephanie Ray em uma opini\u00e3o de 20 p\u00e1ginas, juntada pelos ju\u00edzes Lori Rowe e M. Kemmerly Thomas. &#8220;Pelo contr\u00e1rio, a hist\u00f3ria confirma que o direito de portar armas em p\u00fablico necessariamente inclui o direito de faz\u00ea-lo abertamente. Isso n\u00e3o quer dizer que o transporte aberto seja absoluto ou imune a uma regulamenta\u00e7\u00e3o razo\u00e1vel. Mas o que o Estado n\u00e3o pode fazer \u00e9 extinguir o direito de cidad\u00e3os adultos comuns, adquiridos pela lei.&#8221;<\/p>\n<p>A decis\u00e3o ocorreu em um desafio apresentado por Stanley Victor McDaniels, que foi condenado por carregar abertamente uma arma no quarto de julho de 2022 em Pensacola. Tamb\u00e9m veio ap\u00f3s anos de debate legislativo sobre a potencial de revoga\u00e7\u00e3o da proibi\u00e7\u00e3o de transporte aberto &#8211; uma posi\u00e7\u00e3o <a href=\"https:\/\/jaxtoday.org\/2025\/09\/09\/florida-open-carry-guns\/\">apoiado esta semana<\/a> pelo governador Ron DeSantis.<\/p>\n<p>A Suprema Corte da Fl\u00f3rida, em 2015, confirmou a constitucionalidade da proibi\u00e7\u00e3o de transporte aberto. Mas, na opini\u00e3o de quarta -feira, Ray disse que uma decis\u00e3o da Suprema Corte dos EUA em um caso conhecido como Associa\u00e7\u00e3o de Rifle &#038; Pistol do Estado de Nova York v. Bruen governa a quest\u00e3o. Essa decis\u00e3o se concentrou em analisar a &#8220;tradi\u00e7\u00e3o hist\u00f3rica&#8221; \u200b\u200bda regulamenta\u00e7\u00e3o de armas de fogo.<\/p>\n<p>Ray escreveu que a decis\u00e3o da Suprema Corte da Fl\u00f3rida, que surgiu de uma pris\u00e3o de 2012 no Condado de St. Lucie, &#8220;n\u00e3o fornece precedentes controladores, e este Tribunal deve avaliar a reivindica\u00e7\u00e3o de McDaniels sob o texto, hist\u00f3ria e tradi\u00e7\u00e3o da Suprema Corte dos EUA&#8221;.<\/p>\n<p>&#8220;Como o texto simples da Segunda Emenda abrange o carregamento aberto de armas de fogo em p\u00fablico, essa conduta \u00e9 presumivelmente protegida pela Constitui\u00e7\u00e3o&#8221;, disse a opini\u00e3o de quarta -feira. \u201cO Estado, portanto, suporta o pesado \u00f4nus de estabelecer uma tradi\u00e7\u00e3o hist\u00f3rica relevante da regulamenta\u00e7\u00e3o de armas de fogo que justifica sua proibi\u00e7\u00e3o. O Estado n\u00e3o cumpriu esse fardo. N\u00e3o \u00e9 suficiente confiar em uma tradi\u00e7\u00e3o generalizada de regulamenta\u00e7\u00e3o de armas de fogo, pois nesse n\u00edvel de abstra\u00e7\u00e3o quase qualquer lei poderia ser sustentada.\u201d<\/p>\n<h3 class=\"wp-block-heading\">Hist\u00f3ria de transporte aberto<\/h3>\n<p>A Fl\u00f3rida permitiu que as pessoas carregassem armas ocultas por d\u00e9cadas, mas barrou com armas de fogo abertamente. DeSantis disse na segunda-feira que renovaria um esfor\u00e7o para os legisladores encerrarem a proibi\u00e7\u00e3o de transporte aberto.<\/p>\n<p>Mas o problema tem <a href=\"https:\/\/jaxtoday.org\/2024\/01\/17\/open-carry-gun-bill-unlikely-to-pass-this-session\/\">n\u00e3o conseguiu atrav\u00e9s da legislatura<\/a> no passado. Por exemplo, o presidente do Senado, Ben Albritton, R-Wauchula, apontou para a oposi\u00e7\u00e3o expressa pelos policiais.<\/p>\n<p>\u201cDeixe -me esclarecer isso, apoiei a aplica\u00e7\u00e3o da lei a vida toda,\u201d <a href=\"https:\/\/www.flsenate.gov\/Senators\/s27?pref=full\" rel=\"nofollow noopener\" target=\"_blank\">Albritton<\/a> disse a rep\u00f3rteres em novembro. \u201cFoi a maneira como fui criado e fui super consistente como legislador para apoiar a aplica\u00e7\u00e3o da lei na Fl\u00f3rida. E hoje estou com eles em oposi\u00e7\u00e3o (de permitir que as pessoas carregassem armas abertamente). Eles se op\u00f5em a isso. Confio em meus policiais e \u00e9 onde estou.<\/p>\n<p>Nos postos de m\u00eddia social na quarta -feira, DeSantis e o procurador -geral James Uthmeier elogiaram a opini\u00e3o do Tribunal de Apela\u00e7\u00f5es.<\/p>\n<p>&#8220;Esta decis\u00e3o alinha a pol\u00edtica do estado com minha posi\u00e7\u00e3o de longa data e com a grande maioria dos estados em toda a uni\u00e3o&#8221;, DeSantis <a href=\"https:\/\/x.com\/GovRonDeSantis\/status\/1965820546287022180\" rel=\"nofollow\">Postado em x<\/a>. &#8220;Por fim, o tribunal decidiu corretamente que o texto da Segunda Emenda &#8211; para &#8216;manter e portar armas&#8217; &#8211; diz o que significa e significa o que diz.&#8221;<\/p>\n<p>Uthmeier disse que seu escrit\u00f3rio &#8220;ap\u00f3ia totalmente&#8221; a opini\u00e3o do tribunal de apela\u00e7\u00f5es e a chamou de &#8220;grande vit\u00f3ria para os direitos da Segunda Emenda dos Floridianos&#8221;.<\/p>\n<p>A opini\u00e3o desenhou uma distin\u00e7\u00e3o entre permitir que as pessoas carregassem armas escondidas e carregassem armas abertamente. Ele disse que &#8220;os regulamentos de transporte aberto e oculto podem parecer parecidos se a m\u00e9trica for simplesmente&#8221; maneira de transportar &#8220;. Mas, sob a m\u00e9trica adequada &#8211; se o regulamento preserva a capacidade de portar armas como historicamente entendidas &#8211; elas n\u00e3o s\u00e3o relevantes. \u201d<\/p>\n<p>&#8220;O estado n\u00e3o mostrou que o transporte aberto e o transporte oculto foram entendidos como intercambi\u00e1veis&#8221;, escreveu Ray. &#8220;Pelo contr\u00e1rio, o registro hist\u00f3rico, incluindo as fontes que o Estado invoca, demonstra que os dois eram considerados distintos, e que o transporte aberto era o modo padr\u00e3o de comportar bra\u00e7os que preservaram o n\u00facleo do direito da Segunda Emenda&#8221;.<\/p>\n<\/div>\n<p><br \/>\n<br \/><a href=\"https:\/\/jaxtoday.org\/2025\/09\/10\/open-carry-court-ruling\/\">Source link <\/a><\/p>","protected":false},"excerpt":{"rendered":"<p>Em uma decis\u00e3o importante, um tribunal de apela\u00e7\u00f5es do estado decidiu na quarta -feira que a proibi\u00e7\u00e3o da Fl\u00f3rida carregando armas abertamente \u00e9 inconstitucional. Um painel de tr\u00eas ju\u00edzes do&hellip;<\/p>","protected":false},"author":1,"featured_media":125741,"comment_status":"closed","ping_status":"open","sticky":false,"template":"","format":"standard","meta":{"content-type":"","footnotes":""},"categories":[1],"tags":[],"class_list":["post-125740","post","type-post","status-publish","format-standard","has-post-thumbnail","hentry","category-uncategorized"],"_links":{"self":[{"href":"https:\/\/tvbrazilusa.com\/pt\/wp-json\/wp\/v2\/posts\/125740","targetHints":{"allow":["GET"]}}],"collection":[{"href":"https:\/\/tvbrazilusa.com\/pt\/wp-json\/wp\/v2\/posts"}],"about":[{"href":"https:\/\/tvbrazilusa.com\/pt\/wp-json\/wp\/v2\/types\/post"}],"author":[{"embeddable":true,"href":"https:\/\/tvbrazilusa.com\/pt\/wp-json\/wp\/v2\/users\/1"}],"replies":[{"embeddable":true,"href":"https:\/\/tvbrazilusa.com\/pt\/wp-json\/wp\/v2\/comments?post=125740"}],"version-history":[{"count":1,"href":"https:\/\/tvbrazilusa.com\/pt\/wp-json\/wp\/v2\/posts\/125740\/revisions"}],"predecessor-version":[{"id":125742,"href":"https:\/\/tvbrazilusa.com\/pt\/wp-json\/wp\/v2\/posts\/125740\/revisions\/125742"}],"wp:featuredmedia":[{"embeddable":true,"href":"https:\/\/tvbrazilusa.com\/pt\/wp-json\/wp\/v2\/media\/125741"}],"wp:attachment":[{"href":"https:\/\/tvbrazilusa.com\/pt\/wp-json\/wp\/v2\/media?parent=125740"}],"wp:term":[{"taxonomy":"category","embeddable":true,"href":"https:\/\/tvbrazilusa.com\/pt\/wp-json\/wp\/v2\/categories?post=125740"},{"taxonomy":"post_tag","embeddable":true,"href":"https:\/\/tvbrazilusa.com\/pt\/wp-json\/wp\/v2\/tags?post=125740"}],"curies":[{"name":"wp","href":"https:\/\/api.w.org\/{rel}","templated":true}]}}