{"id":12585,"date":"2024-07-30T20:14:55","date_gmt":"2024-07-30T20:14:55","guid":{"rendered":"https:\/\/tvbrazilusa.com\/2024\/07\/30\/tesla-convoca-mais-de-18-milhoes-de-veiculos-devido-a-problema-no-capo\/"},"modified":"2024-07-30T20:26:47","modified_gmt":"2024-07-30T20:26:47","slug":"tesla-convoca-mais-de-18-milhoes-de-veiculos-devido-a-problema-no-capo","status":"publish","type":"post","link":"https:\/\/tvbrazilusa.com\/pt\/2024\/07\/30\/tesla-convoca-mais-de-18-milhoes-de-veiculos-devido-a-problema-no-capo\/","title":{"rendered":"Tesla convoca mais de 1,8 milh\u00f5es de ve\u00edculos devido a problema no cap\u00f4"},"content":{"rendered":"<p> <script async src=\"https:\/\/pagead2.googlesyndication.com\/pagead\/js\/adsbygoogle.js?client=ca-pub-8864793242727901\"\r\n     crossorigin=\"anonymous\"><\/script><br \/>\n<\/p>\n<div id=\"\">\n<header class=\"m-article-header m-article-header--standard\">\n\t\t\t\t\t\t\t\t\t\t\t\t<span id=\"article-header-primary-term\"><br \/>\n\t\t\t\t\t\t\t\t<a class=\"a-term a-term--primary\" href=\"https:\/\/www.boston.com\/tag\/business\/\"><\/p>\n<p>\t\t\t\t\t\t\t\tNeg\u00f3cios\t\t\t\t\t\t\t\t<\/a><br \/>\n\t\t\t\t\t\t\t<\/span><\/p>\n<h2 class=\"m-article-header__sub-headline\">O conjunto da trava do cap\u00f4 pode n\u00e3o detectar um cap\u00f4 destravado ap\u00f3s ele ter sido aberto.<\/h2>\n<figure class=\"a-photo m-article-header__photo\"><figcaption class=\"a-photo__caption\">\n<p>\tARQUIVO &#8211; O logotipo da Tesla aparece em um Model X 2020 n\u00e3o vendido em uma concession\u00e1ria, em 2 de fevereiro de 2020, em Littleton, Colorado.<em> AP Photo\/David Zalubowski, Arquivo<\/em>\t<\/figcaption><\/figure>\n<div class=\"m-article-header__meta\">\n<div class=\"m-article-header__byline\">\n<p class=\"m-article-header__author\">\n<p>\t\t\t\t\t\t\t\tPor MICHELLE CHAPMAN, Associated Press\t\t\t\t\t\t\t<\/p>\n<p>\t\t\t\t\t\t    \t\t\t\t\t\t\t<time class=\"m-article-header__date\"><\/p>\n<p>        \t\t\t\t\t\t\t30 de julho de 2024 | 16h14    \t\t\t\t\t\t\t<\/time><\/p><\/div>\n<\/p><\/div>\n<\/header>\n<p>A Tesla est\u00e1 recolhendo mais de 1,8 milh\u00f5es de ve\u00edculos <a href=\"https:\/\/www.boston.com\/tag\/cars\/\">ve\u00edculos<\/a> devido a um problema no cap\u00f4 que poderia aumentar o risco de acidente.<\/p>\n<p>A Tesla do bilion\u00e1rio Elon Musk est\u00e1 convocando alguns ve\u00edculos Model 3, Model S, Model X e Model Y de 2021-2024 porque o conjunto de trava do cap\u00f4 pode n\u00e3o detectar um cap\u00f4 destravado ap\u00f3s ele ter sido aberto.<\/p>\n<p>O cap\u00f4 destravado pode abrir completamente quando o ve\u00edculo est\u00e1 em movimento, potencialmente obstruindo a vis\u00e3o do motorista e aumentando a probabilidade de um acidente. A empresa n\u00e3o tem conhecimento de nenhum acidente, ferimento ou morte relacionado ao problema.<\/p>\n<p>A Tesla n\u00e3o respondeu imediatamente a um pedido de coment\u00e1rio.<\/p>\n<p>A Tesla come\u00e7ou a investigar reclama\u00e7\u00f5es de clientes sobre o problema nos ve\u00edculos Model 3 e Model Y na China em 25 de mar\u00e7o. Em meados de abril, a montadora identificou a condi\u00e7\u00e3o que afetava os ve\u00edculos na China como uma deforma\u00e7\u00e3o do interruptor de trava.<\/p>\n<p>A Tesla continuou analisando o problema e descobriu que as taxas de ocorr\u00eancia eram maiores na China do que na Europa e na Am\u00e9rica do Norte, mas o motivo dessa disparidade \u00e9 desconhecido.<\/p>\n<p>A Tesla disse que, at\u00e9 20 de julho, identificou tr\u00eas reivindica\u00e7\u00f5es de garantia ou relat\u00f3rios de campo para ve\u00edculos dos EUA que est\u00e3o relacionados ou podem estar relacionados ao problema do cap\u00f4.<\/p>\n<p>A Administra\u00e7\u00e3o Nacional de Seguran\u00e7a no Tr\u00e1fego Rodovi\u00e1rio disse que a Tesla lan\u00e7ou uma atualiza\u00e7\u00e3o de software gratuita para resolver o problema.<\/p>\n<p>As cartas de notifica\u00e7\u00e3o aos propriet\u00e1rios devem ser enviadas em 22 de setembro.<\/p>\n<p>Os propriet\u00e1rios de ve\u00edculos tamb\u00e9m podem entrar em contato com o servi\u00e7o de atendimento ao cliente da Tesla pelo telefone 1-877-798-3752 para obter mais informa\u00e7\u00f5es. Eles tamb\u00e9m podem entrar em contato com a National Highway Traffic Safety Administration Vehicle Safety Hotline pelo telefone 1-888-327-4236 ou visitar www.nhtsa.gov.<\/p>\n<p>No m\u00eas passado, a Tesla fez o recall de sua nova picape futurista Cybertruck pela quarta vez nos EUA desde que ela come\u00e7ou a ser vendida em 30 de novembro para consertar problemas com pe\u00e7as de acabamento que podem se soltar e limpadores de para-brisa dianteiros que podem falhar.<\/p>\n<\/p><\/div>\n<p><script>\n\t\tvar consent=\"grant\";\n\t\t\/* The above code is parsing the JSON data from the local storage and storing it in a variable. *\/\n\t\t\t\t\tconst onetrustStorageConsent = JSON.parse(localStorage.getItem( 'consent_one_trust_bdc' ) );\n\t\t\tif ( ( onetrustStorageConsent !== null ) ) {\n\t\t\t\t\/* Checking to see if the user has consented to the use of cookies.\n\t\t\t\t* If they have not, it is deleting the cookie.\n\t\t\t\t* This will comment for now, until further notice.\n\t\t\t\t*\/\n\t\t\t\t\/\/if ( onetrustStorageConsent.C0002 === false ) {\n\t\t\t\t\/\/\tdocument.cookie=\"_fbp=;expires=Thu, 01 Jan 2010 00:00:00 UTC; path=\/; domain=.boston.com\";\n\t\t\t\t\/\/}\n\t\t\t\t\/* Checking if the user has given consent for the cookie C0002.\n\t\t\t\t* If the user has given consent, the variable consent will be set to 'grant'.\n\t\t\t\t* If the user has not given consent,the variable consent will be set to 'revoke'.\n\t\t\t\t* Documentation https:\/\/developers.facebook.com\/docs\/meta-pixel\/implementation\/gdpr\n\t\t\t\t*\/\n\t\t\t\tif ( onetrustStorageConsent.C0002 !== true ) {\n\t\t\t\t\tconsent=\"revoke\";\n\t\t\t\t}\n\t\t\t}\n\t\t\t\t!function(f,b,e,v,n,t,s)\n\t\t{if(f.fbq)return;n=f.fbq=function(){n.callMethod?\n\t\tn.callMethod.apply(n,arguments):n.queue.push(arguments)};\n\t\tif(!f._fbq)f._fbq=n;n.push=n;n.loaded=!0;n.version='2.0';\n\t\tn.queue=[];t=b.createElement(e);t.async=!0;\n\t\tt.src=v;s=b.getElementsByTagName(e)[0];\n\t\ts.parentNode.insertBefore(t,s)}(window, document,'script',\n\t\t'https:\/\/connect.facebook.net\/en_US\/fbevents.js');\n\t\tfbq('consent', consent);\n\t\tfbq('init', '989222871864976');\n\t\tfbq('track', 'PageView');\n\t<\/script><script type=\"module\">\n\t\tvar consent=\"grant\";\n\t\t\/* The above code is parsing the JSON data from the local storage and storing it in a variable. *\/\n\t\t\tconst onetrustStorageConsent = JSON.parse(localStorage.getItem( 'consent_one_trust_bdc' ) );\n\t\t\t\/* Checking to see if the user has consented to the use of cookies.\n\t\t\t* If they have not, it is deleting the cookie.\n\t\t\t* This will comment for now, until further notice.\n\t\t\t*\/\n\t\t\t\/\/if ( onetrustStorageConsent.C0002 === false ) {\n\t\t\t\/\/\tdocument.cookie=\"_fbp=;expires=Thu, 01 Jan 2010 00:00:00 UTC; path=\/; domain=.boston.com\";\n\t\t\t\/\/}\n\t\t\t\/* Checking if the user has given consent for the cookie C0002.\n\t\t\t* If the user has given consent, the variable consent will be set to 'grant'.\n\t\t\t* If the user has not given consent,the variable consent will be set to 'revoke'.\n\t\t\t* Documentation https:\/\/developers.facebook.com\/docs\/meta-pixel\/implementation\/gdpr\n\t\t\t*\/\n\t\t\tif ( ( onetrustStorageConsent !== null ) && (onetrustStorageConsent.C0002 !== true ) ) {\n\t\t\t\tconsent=\"revoke\";\n\t\t\t}\n\t\t\t\t!function(f,b,e,v,n,t,s){if(f.fbq)return;n=f.fbq=function()\n\t\t{n.callMethod? n.callMethod.apply(n,arguments):n.queue.push(arguments)}\n\t\t;if(!f._fbq)f._fbq=n;\n\t\tn.push=n;n.loaded=!0;n.version='2.0';n.queue=[];t=b.createElement(e);t.async=!0;\n\t\tt.src=v;s=b.getElementsByTagName(e)[0];s.parentNode.insertBefore(t,s)}(window,\n\t\tdocument,'script','https:\/\/connect.facebook.net\/en_US\/fbevents.js');\n\t\tfbq('consent', consent);\n\t\tfbq('init', '813236348753005');\n\t\tfbq('track', \"PageView\");\n\t<\/script><br \/>\n<br \/><br \/>\n<br \/><a href=\"https:\/\/www.boston.com\/news\/business\/2024\/07\/30\/tesla-recalling-more-than-1-8-million-vehicles-due-to-hood-issue\/\">Source link <\/a><\/p>","protected":false},"excerpt":{"rendered":"<p>Neg\u00f3cios O conjunto da trava do cap\u00f4 pode n\u00e3o detectar um cap\u00f4 destravado ap\u00f3s ele ter sido aberto. ARQUIVO &#8211; O logotipo da Tesla aparece em um Model X 2020&hellip;<\/p>","protected":false},"author":1,"featured_media":12586,"comment_status":"closed","ping_status":"open","sticky":false,"template":"","format":"standard","meta":{"content-type":"","footnotes":""},"categories":[1],"tags":[],"class_list":["post-12585","post","type-post","status-publish","format-standard","has-post-thumbnail","hentry","category-uncategorized"],"_links":{"self":[{"href":"https:\/\/tvbrazilusa.com\/pt\/wp-json\/wp\/v2\/posts\/12585","targetHints":{"allow":["GET"]}}],"collection":[{"href":"https:\/\/tvbrazilusa.com\/pt\/wp-json\/wp\/v2\/posts"}],"about":[{"href":"https:\/\/tvbrazilusa.com\/pt\/wp-json\/wp\/v2\/types\/post"}],"author":[{"embeddable":true,"href":"https:\/\/tvbrazilusa.com\/pt\/wp-json\/wp\/v2\/users\/1"}],"replies":[{"embeddable":true,"href":"https:\/\/tvbrazilusa.com\/pt\/wp-json\/wp\/v2\/comments?post=12585"}],"version-history":[{"count":1,"href":"https:\/\/tvbrazilusa.com\/pt\/wp-json\/wp\/v2\/posts\/12585\/revisions"}],"predecessor-version":[{"id":12587,"href":"https:\/\/tvbrazilusa.com\/pt\/wp-json\/wp\/v2\/posts\/12585\/revisions\/12587"}],"wp:featuredmedia":[{"embeddable":true,"href":"https:\/\/tvbrazilusa.com\/pt\/wp-json\/wp\/v2\/media\/12586"}],"wp:attachment":[{"href":"https:\/\/tvbrazilusa.com\/pt\/wp-json\/wp\/v2\/media?parent=12585"}],"wp:term":[{"taxonomy":"category","embeddable":true,"href":"https:\/\/tvbrazilusa.com\/pt\/wp-json\/wp\/v2\/categories?post=12585"},{"taxonomy":"post_tag","embeddable":true,"href":"https:\/\/tvbrazilusa.com\/pt\/wp-json\/wp\/v2\/tags?post=12585"}],"curies":[{"name":"wp","href":"https:\/\/api.w.org\/{rel}","templated":true}]}}