{"id":125998,"date":"2025-09-12T19:37:12","date_gmt":"2025-09-12T19:37:12","guid":{"rendered":"https:\/\/tvbrazilusa.com\/2025\/09\/12\/a-fluencia-de-halloween-e-real-e-muito-cedo-para-decorar-block-talk\/"},"modified":"2025-09-14T12:20:11","modified_gmt":"2025-09-14T12:20:11","slug":"a-fluencia-de-halloween-e-real-e-muito-cedo-para-decorar-block-talk","status":"publish","type":"post","link":"https:\/\/tvbrazilusa.com\/pt\/2025\/09\/12\/a-fluencia-de-halloween-e-real-e-muito-cedo-para-decorar-block-talk\/","title":{"rendered":"A flu\u00eancia de Halloween \u00e9 real; \u00c9 muito cedo para decorar: Block Talk"},"content":{"rendered":"<p> <script async src=\"https:\/\/pagead2.googlesyndication.com\/pagead\/js\/adsbygoogle.js?client=ca-pub-8864793242727901\"\r\n     crossorigin=\"anonymous\"><\/script><br \/>\n<\/p>\n<div>\n<p>Ao virar da esquina em um bairro m\u00e9dio na Am\u00e9rica, um esqueleto de 6 metros paira sobre as l\u00e1pides de isopor em grama ainda verde. Uma caixa de casal de tamanho vital \u00e9 a Sentry. Uma bruxa tende um caldeir\u00e3o que arrota fuma quando algu\u00e9m passa.<\/p>\n<\/div>\n<div>\n<p>Essa exibi\u00e7\u00e3o macabra aumentou no fim de semana do Dia do Trabalho, quando os orgulhosos fornecedores de medo tiveram tempo ocioso para se dedicar a obter todas as \u00faltimas bruxas, fantasmas e duendes posicionados.<\/p>\n<p>N\u00e3o \u00e9 mais o suficiente para fantasiar as crian\u00e7as por doces ou travessuras e a si mesmas para festas adultas, os americanos est\u00e3o generosamente fantasiando de seus quintais e casas. O Halloween se tornou um feriado importante para decora\u00e7\u00e3o de casa, ficando em segundo lugar no Natal. <\/p>\n<\/div>\n<div>\n<p>Enquanto muitas pessoas come\u00e7am a decorar para o outono em setembro, a decora\u00e7\u00e3o espec\u00edfica do Halloween geralmente come\u00e7a em outubro.<\/p>\n<p>Talvez seja o medo de perder, ou Fomo, como as crian\u00e7as legais dizem nas m\u00eddias sociais, mas parece que as exibi\u00e7\u00f5es de Halloween est\u00e3o subindo mais cedo do que o normal este ano. As decora\u00e7\u00f5es variam de jack-o&#8217;-lanternas n\u00e3o amea\u00e7adoras, com sorrisos felizes a exibi\u00e7\u00f5es de sangue, sangue e viol\u00eancia que assustam crian\u00e7as pequenas.<\/p>\n<\/div>\n<div>\n<p>O que voc\u00ea acha? As decora\u00e7\u00f5es est\u00e3o subindo muito cedo e est\u00e3o exageradas? Estamos pedindo conversas em bloco, a coluna exclusiva da etiqueta do bairro de Patch. Basta preencher o formul\u00e1rio abaixo. Como sempre, n\u00e3o coletamos endere\u00e7os de e -mail.<\/p>\n<p class=\"r-embed\"><iframe src=\"\" width=\"640\" height=\"939\" marginheight=\"0\" marginwidth=\"0\" data-src=\"https:\/\/docs.google.com\/forms\/d\/e\/1FAIpQLSe4JJmuj4IH5_UdXSPmlvavREbU-cOW9Cvkm7WF8fvKQ-r2rw\/viewform?embedded=true\">Carregando\u2026<\/iframe><\/p>\n<\/div>\n<div>\n<h3>Sobre Block Talk<\/h3>\n<p>O Block Talk \u00e9 um recurso regular de patch, oferecendo conselhos do mundo real dos leitores sobre como resolver problemas di\u00e1rios da vizinhan\u00e7a. Se voc\u00ea tem uma pergunta ou problema de etiqueta do bairro que deseja considerar, envie um email para Beth.dalbey@patch.com, com o Block Talk como a linha de assunto.<\/p>\n<h3><a href=\"https:\/\/patch.com\/us\/across-america\/topics\/block-talk\">Alcance em Block Talk<\/a><\/h3>\n<\/p><\/div>\n<p><br \/>\n<br \/><a href=\"http:\/\/patch.com\/us\/across-america\/halloween-creep-real-it-too-early-decorate-block-talk?utm_source=article-mostrecent&#038;utm_medium=rss&#038;utm_term=seasonal%20%26%20holidays&#038;utm_campaign=recirc&#038;utm_content=aol\">Source link <\/a><\/p>","protected":false},"excerpt":{"rendered":"<p>Ao virar da esquina em um bairro m\u00e9dio na Am\u00e9rica, um esqueleto de 6 metros paira sobre as l\u00e1pides de isopor em grama ainda verde. Uma caixa de casal de&hellip;<\/p>","protected":false},"author":1,"featured_media":125999,"comment_status":"closed","ping_status":"open","sticky":false,"template":"","format":"standard","meta":{"content-type":"","footnotes":""},"categories":[1],"tags":[],"class_list":["post-125998","post","type-post","status-publish","format-standard","has-post-thumbnail","hentry","category-uncategorized"],"_links":{"self":[{"href":"https:\/\/tvbrazilusa.com\/pt\/wp-json\/wp\/v2\/posts\/125998","targetHints":{"allow":["GET"]}}],"collection":[{"href":"https:\/\/tvbrazilusa.com\/pt\/wp-json\/wp\/v2\/posts"}],"about":[{"href":"https:\/\/tvbrazilusa.com\/pt\/wp-json\/wp\/v2\/types\/post"}],"author":[{"embeddable":true,"href":"https:\/\/tvbrazilusa.com\/pt\/wp-json\/wp\/v2\/users\/1"}],"replies":[{"embeddable":true,"href":"https:\/\/tvbrazilusa.com\/pt\/wp-json\/wp\/v2\/comments?post=125998"}],"version-history":[{"count":1,"href":"https:\/\/tvbrazilusa.com\/pt\/wp-json\/wp\/v2\/posts\/125998\/revisions"}],"predecessor-version":[{"id":126000,"href":"https:\/\/tvbrazilusa.com\/pt\/wp-json\/wp\/v2\/posts\/125998\/revisions\/126000"}],"wp:featuredmedia":[{"embeddable":true,"href":"https:\/\/tvbrazilusa.com\/pt\/wp-json\/wp\/v2\/media\/125999"}],"wp:attachment":[{"href":"https:\/\/tvbrazilusa.com\/pt\/wp-json\/wp\/v2\/media?parent=125998"}],"wp:term":[{"taxonomy":"category","embeddable":true,"href":"https:\/\/tvbrazilusa.com\/pt\/wp-json\/wp\/v2\/categories?post=125998"},{"taxonomy":"post_tag","embeddable":true,"href":"https:\/\/tvbrazilusa.com\/pt\/wp-json\/wp\/v2\/tags?post=125998"}],"curies":[{"name":"wp","href":"https:\/\/api.w.org\/{rel}","templated":true}]}}