{"id":126042,"date":"2025-09-15T16:34:27","date_gmt":"2025-09-15T16:34:27","guid":{"rendered":"https:\/\/tvbrazilusa.com\/2025\/09\/15\/2-mortos-apos-os-tiros-surgem-em-clay-county-home-jacksonville-hoje\/"},"modified":"2025-09-15T16:41:34","modified_gmt":"2025-09-15T16:41:34","slug":"2-mortos-apos-os-tiros-surgem-em-clay-county-home-jacksonville-hoje","status":"publish","type":"post","link":"https:\/\/tvbrazilusa.com\/pt\/2025\/09\/15\/2-mortos-apos-os-tiros-surgem-em-clay-county-home-jacksonville-hoje\/","title":{"rendered":"2 mortos ap\u00f3s os tiros surgem em Clay County Home | Jacksonville hoje"},"content":{"rendered":"<p> <script async src=\"https:\/\/pagead2.googlesyndication.com\/pagead\/js\/adsbygoogle.js?client=ca-pub-8864793242727901\"\r\n     crossorigin=\"anonymous\"><\/script><br \/>\n<\/p>\n<div>\n<p data-beyondwords-marker=\"1d58557a-a130-417c-b346-dc89021a0ce7\">Duas pessoas est\u00e3o mortas e mais duas hospitalizadas depois que tiros em erup\u00e7\u00e3o na segunda -feira de manh\u00e3 em uma casa em <a href=\"https:\/\/jaxtoday.org\/2023\/05\/12\/have-your-say-on-developing-clay-county\/\">A \u00e1rea de Oakleaf<\/a>de acordo com o Gabinete do Xerife do Condado de Clay.<\/p>\n<p data-beyondwords-marker=\"dea882c4-6ca1-4f07-a7c3-a8b588845c12\">Nenhum motivo foi descoberto sobre o motivo pelo qual o atirador de 45 anos foi l\u00e1 e come\u00e7ou a disparar, <a href=\"https:\/\/www.claysheriff.com\/\" rel=\"nofollow noopener\" target=\"_blank\">o escrit\u00f3rio do xerife<\/a> disse.<\/p>\n<p data-beyondwords-marker=\"c2c70fe0-da00-40d3-96d2-e29b2702c953\">Um homem identificado como Maurico Vasco Lopez, 45, de Jacksonville, entrou na casa em Pine Oaks Lane logo ap\u00f3s as 6 da manh\u00e3 e come\u00e7ou a atirar, disse o sub -herdeiro Ron Lendvay. <\/p>\n<h3 data-beyondwords-marker=\"ed75b889-b775-4869-92bb-001ef3079e1c\" class=\"wp-block-heading\">Tiros mata um em cena<\/h3>\n<p data-beyondwords-marker=\"16e15536-b28d-4371-a2ba-8d590c59416a\">Os deputados encontraram quatro das oito pessoas de l\u00e1. Um dos quatro estava morto e Lopez ficou gravemente ferido, disse Lendvay.<\/p>\n<p data-beyondwords-marker=\"2e0e125b-8cad-4398-b99e-296d6b34a338\">&#8220;Ele atirou em tr\u00eas pessoas antes de um morador em casa atirar nele&#8221;, disse Lendvay do local.<\/p>\n<p data-beyondwords-marker=\"70b15705-f3eb-4f79-8858-5b0679dfbfcc\">Lopez morreu no hospital e duas v\u00edtimas continuam sendo tratadas em condi\u00e7\u00f5es est\u00e1veis. <\/p>\n<p data-beyondwords-marker=\"3308d623-5a12-4664-825f-f98bbf5633db\">A pol\u00edcia est\u00e1 investigando qualquer conex\u00e3o que Lopez tenha com os da casa.<\/p>\n<p data-beyondwords-marker=\"8e352fbd-a16a-4fe0-a06d-dac8fee4eaa5\">Nenhuma outra informa\u00e7\u00e3o ou identidade foi divulgada \u00e0 medida que a investiga\u00e7\u00e3o continua. Lopez n\u00e3o tinha antecedentes criminais nos condados de Duval ou Clay, de acordo com os registros do tribunal.<\/p>\n<\/div>\n<p><br \/>\n<br \/><a href=\"https:\/\/jaxtoday.org\/2025\/09\/15\/2-dead-gunfire-oakleaf\/\">Source link <\/a><\/p>","protected":false},"excerpt":{"rendered":"<p>Duas pessoas est\u00e3o mortas e mais duas hospitalizadas depois que tiros em erup\u00e7\u00e3o na segunda -feira de manh\u00e3 em uma casa em A \u00e1rea de Oakleafde acordo com o Gabinete&hellip;<\/p>","protected":false},"author":1,"featured_media":126043,"comment_status":"closed","ping_status":"open","sticky":false,"template":"","format":"standard","meta":{"content-type":"","footnotes":""},"categories":[1],"tags":[],"class_list":["post-126042","post","type-post","status-publish","format-standard","has-post-thumbnail","hentry","category-uncategorized"],"_links":{"self":[{"href":"https:\/\/tvbrazilusa.com\/pt\/wp-json\/wp\/v2\/posts\/126042","targetHints":{"allow":["GET"]}}],"collection":[{"href":"https:\/\/tvbrazilusa.com\/pt\/wp-json\/wp\/v2\/posts"}],"about":[{"href":"https:\/\/tvbrazilusa.com\/pt\/wp-json\/wp\/v2\/types\/post"}],"author":[{"embeddable":true,"href":"https:\/\/tvbrazilusa.com\/pt\/wp-json\/wp\/v2\/users\/1"}],"replies":[{"embeddable":true,"href":"https:\/\/tvbrazilusa.com\/pt\/wp-json\/wp\/v2\/comments?post=126042"}],"version-history":[{"count":1,"href":"https:\/\/tvbrazilusa.com\/pt\/wp-json\/wp\/v2\/posts\/126042\/revisions"}],"predecessor-version":[{"id":126044,"href":"https:\/\/tvbrazilusa.com\/pt\/wp-json\/wp\/v2\/posts\/126042\/revisions\/126044"}],"wp:featuredmedia":[{"embeddable":true,"href":"https:\/\/tvbrazilusa.com\/pt\/wp-json\/wp\/v2\/media\/126043"}],"wp:attachment":[{"href":"https:\/\/tvbrazilusa.com\/pt\/wp-json\/wp\/v2\/media?parent=126042"}],"wp:term":[{"taxonomy":"category","embeddable":true,"href":"https:\/\/tvbrazilusa.com\/pt\/wp-json\/wp\/v2\/categories?post=126042"},{"taxonomy":"post_tag","embeddable":true,"href":"https:\/\/tvbrazilusa.com\/pt\/wp-json\/wp\/v2\/tags?post=126042"}],"curies":[{"name":"wp","href":"https:\/\/api.w.org\/{rel}","templated":true}]}}