{"id":126191,"date":"2025-09-17T18:20:04","date_gmt":"2025-09-17T18:20:04","guid":{"rendered":"https:\/\/tvbrazilusa.com\/2025\/09\/17\/a-taxa-de-imposto-cai-no-condado-de-st-johns-mas-as-contas-podem-subir-jacksonville-hoje\/"},"modified":"2025-09-17T18:30:31","modified_gmt":"2025-09-17T18:30:31","slug":"a-taxa-de-imposto-cai-no-condado-de-st-johns-mas-as-contas-podem-subir-jacksonville-hoje","status":"publish","type":"post","link":"https:\/\/tvbrazilusa.com\/pt\/2025\/09\/17\/a-taxa-de-imposto-cai-no-condado-de-st-johns-mas-as-contas-podem-subir-jacksonville-hoje\/","title":{"rendered":"A taxa de imposto cai no condado de St. Johns, mas as contas podem subir | Jacksonville hoje"},"content":{"rendered":"<p> <script async src=\"https:\/\/pagead2.googlesyndication.com\/pagead\/js\/adsbygoogle.js?client=ca-pub-8864793242727901\"\r\n     crossorigin=\"anonymous\"><\/script><br \/>\n<\/p>\n<div>\n<p data-beyondwords-marker=\"af4dd57b-27c6-4b50-8995-36a7ff10efb8\">A Comiss\u00e3o do Condado de St. Johns adotou uma taxa de imposto <a href=\"https:\/\/jaxtoday.org\/2025\/09\/04\/st-johns-county-trims-budget-and-taxes-further\/\">inferior ao do ano passado<\/a>mas n\u00e3o \u00e9 baixo o suficiente para impedir que muitos propriet\u00e1rios de im\u00f3veis tenham um aumento em suas contas de imposto sobre a propriedade.<\/p>\n<p data-beyondwords-marker=\"f9aee32a-4def-4086-89ff-791fb0796a8f\">A Comiss\u00e3o finalizou seu or\u00e7amento para o pr\u00f3ximo ano fiscal durante a audi\u00eancia or\u00e7ament\u00e1ria final do condado na noite de quarta -feira.<\/p>\n<p data-beyondwords-marker=\"7d0c87d5-0d60-4c8d-ad3f-9af508339079\">A taxa de imposto geral deste ano de 6,7573 moinhos, ou aproximadamente US $ 6,8 por cada US $ 1.000 do valor avaliado de uma propriedade, vem em menor que a taxa de imposto do ano passado de 6,8263 usinas. <\/p>\n<p data-beyondwords-marker=\"a22045b2-6903-44f8-842c-66ec902f8b51\">Para manter o aumento das taxas de imposto do propriet\u00e1rio, o munic\u00edpio teria que adotar a taxa de recupera\u00e7\u00e3o de 6,5237 moinhos, ou a taxa que eleva a mesma quantia de dinheiro que a taxa de impostos do ano passado, considerando o aumento dos valores das propriedades. <\/p>\n<p data-beyondwords-marker=\"03d77c23-df7d-4941-b13f-1e57ab85ea21\">Os impostos sobre a propriedade que os propriet\u00e1rios pagam financiar\u00e3o a contrata\u00e7\u00e3o de mais de <a href=\"https:\/\/jaxtoday.org\/2025\/07\/18\/st-johns-fire-union-warns-tax-cut-could-jeopardize-service\/\">30 novos bombeiros<\/a>a reforma de <a href=\"https:\/\/jaxtoday.org\/2025\/05\/08\/st-johns-county-backs-off-plan-to-demolish-old-jail\/\">a antiga pris\u00e3o do condado<\/a> e mais.<\/p>\n<p data-beyondwords-marker=\"2113e7ce-b91c-4360-8dfc-12e33e81559b\">A maior parte desse imposto sobre a propriedade \u00e9 cobrada pelo Fundo Geral do Condado, que paga opera\u00e7\u00f5es do governo, como sal\u00e1rios, seguran\u00e7a p\u00fablica e melhorias de capital. O fundo geral representa cerca de um quarto do geral do condado <a href=\"https:\/\/county-st---johns-fl-budget-book.cleargov.com\/21115\/feedback\/the-fiscal-year-2026-budget-sessions\" rel=\"nofollow noopener\" target=\"_blank\">Or\u00e7amento de quase US $ 2 bilh\u00f5es<\/a>.<\/p>\n<p data-beyondwords-marker=\"e32c64bd-3353-4246-a767-334b863e5cb2\">Enquanto v\u00e1rios membros da Comiss\u00e3o do Condado sinalizavam que eles queriam <a href=\"https:\/\/jaxtoday.org\/2025\/07\/23\/st-johns-county-aims-to-minimize-tax-increase\/\">D\u00ea o or\u00e7amento ainda mais<\/a>O comiss\u00e1rio Clay Murphy disse que ficou satisfeito com o trabalho que os funcion\u00e1rios do condado fizeram para encontrar \u00e1reas para reduzir o or\u00e7amento.<\/p>\n<p data-beyondwords-marker=\"f677a2f8-d0da-4711-8734-dd72b872c1f5\">&#8220;Vou empregar a ajuda de muitas pessoas que est\u00e3o nesta sala hoje para garantir que n\u00e3o precisemos de um doge, que nos dogamos, que procuramos continuamente maneiras de cortar fundos e cortar gastos&#8221;, disse Murphy na quarta -feira \u00e0 noite. &#8220;Tenho orgulho do fato de termos conseguido uma redu\u00e7\u00e3o em nossa taxa de milhagem este ano, mas tamb\u00e9m sinto que temos muito trabalho a fazer&#8221;.<\/p>\n<p data-beyondwords-marker=\"47fdb643-2183-43ab-b5a6-c70aba9ad81a\">Murphy referenciou Doge, ou o Departamento de Efici\u00eancia do Governo, a iniciativa no n\u00edvel do governo federal liderada pelo bilion\u00e1rio Elon Musk para reduzir os gastos do governo ao encerrar programas como a USAID. <\/p>\n<p data-beyondwords-marker=\"605b28f9-73b9-49df-a057-921384e99b6d\"><a href=\"https:\/\/jaxtoday.org\/2025\/05\/20\/duval-doge-says-its-found-20m-in-unspent-funds\/\">Ao contr\u00e1rio da cidade de Jacksonville<\/a> &#8211; e apesar dos pedidos, pelo presidente da comiss\u00e3o, Krista Joseph &#8211; o Condado de St. Johns nunca criou seu pr\u00f3prio Departamento de Efici\u00eancia do Governo.<\/p>\n<\/div>\n<p><br \/>\n<br \/><a href=\"https:\/\/jaxtoday.org\/2025\/09\/17\/tax-rate-cut-st-johns-county\/\">Source link <\/a><\/p>","protected":false},"excerpt":{"rendered":"<p>A Comiss\u00e3o do Condado de St. Johns adotou uma taxa de imposto inferior ao do ano passadomas n\u00e3o \u00e9 baixo o suficiente para impedir que muitos propriet\u00e1rios de im\u00f3veis tenham&hellip;<\/p>","protected":false},"author":1,"featured_media":126192,"comment_status":"closed","ping_status":"open","sticky":false,"template":"","format":"standard","meta":{"content-type":"","footnotes":""},"categories":[1],"tags":[],"class_list":["post-126191","post","type-post","status-publish","format-standard","has-post-thumbnail","hentry","category-uncategorized"],"_links":{"self":[{"href":"https:\/\/tvbrazilusa.com\/pt\/wp-json\/wp\/v2\/posts\/126191","targetHints":{"allow":["GET"]}}],"collection":[{"href":"https:\/\/tvbrazilusa.com\/pt\/wp-json\/wp\/v2\/posts"}],"about":[{"href":"https:\/\/tvbrazilusa.com\/pt\/wp-json\/wp\/v2\/types\/post"}],"author":[{"embeddable":true,"href":"https:\/\/tvbrazilusa.com\/pt\/wp-json\/wp\/v2\/users\/1"}],"replies":[{"embeddable":true,"href":"https:\/\/tvbrazilusa.com\/pt\/wp-json\/wp\/v2\/comments?post=126191"}],"version-history":[{"count":1,"href":"https:\/\/tvbrazilusa.com\/pt\/wp-json\/wp\/v2\/posts\/126191\/revisions"}],"predecessor-version":[{"id":126193,"href":"https:\/\/tvbrazilusa.com\/pt\/wp-json\/wp\/v2\/posts\/126191\/revisions\/126193"}],"wp:featuredmedia":[{"embeddable":true,"href":"https:\/\/tvbrazilusa.com\/pt\/wp-json\/wp\/v2\/media\/126192"}],"wp:attachment":[{"href":"https:\/\/tvbrazilusa.com\/pt\/wp-json\/wp\/v2\/media?parent=126191"}],"wp:term":[{"taxonomy":"category","embeddable":true,"href":"https:\/\/tvbrazilusa.com\/pt\/wp-json\/wp\/v2\/categories?post=126191"},{"taxonomy":"post_tag","embeddable":true,"href":"https:\/\/tvbrazilusa.com\/pt\/wp-json\/wp\/v2\/tags?post=126191"}],"curies":[{"name":"wp","href":"https:\/\/api.w.org\/{rel}","templated":true}]}}