{"id":126337,"date":"2025-09-19T17:43:46","date_gmt":"2025-09-19T17:43:46","guid":{"rendered":"https:\/\/tvbrazilusa.com\/2025\/09\/19\/o-juiz-da-fl-reduz-us-15-bilhoes-contra-o-processo-contra-o-new-york-times\/"},"modified":"2025-09-19T18:02:33","modified_gmt":"2025-09-19T18:02:33","slug":"o-juiz-da-fl-reduz-us-15-bilhoes-contra-o-processo-contra-o-new-york-times","status":"publish","type":"post","link":"https:\/\/tvbrazilusa.com\/pt\/2025\/09\/19\/o-juiz-da-fl-reduz-us-15-bilhoes-contra-o-processo-contra-o-new-york-times\/","title":{"rendered":"O juiz da FL reduz US $ 15 bilh\u00f5es contra o processo contra o New York Times"},"content":{"rendered":"<p> <script async src=\"https:\/\/pagead2.googlesyndication.com\/pagead\/js\/adsbygoogle.js?client=ca-pub-8864793242727901\"\r\n     crossorigin=\"anonymous\"><\/script><br \/>\n<\/p>\n<div>\n<p>St. PETERSBURG, FL &#8211; Um juiz da Fl\u00f3rida na sexta -feira jogou fora o processo de difama\u00e7\u00e3o do presidente Donald Trump contra o New York Times, <span class=\"redactor-unlink\">chamando a reclama\u00e7\u00e3o<\/span> &#8220;Integrado e inadmiss\u00edvel&#8221; em sua forma atual, <a href=\"https:\/\/www.nytimes.com\/2025\/09\/19\/business\/media\/trump-new-york-times-lawsuit.html\" rel=\"nofollow\" target=\"_blank\">De acordo com a publica\u00e7\u00e3o<\/a>. <\/p>\n<\/div>\n<div>\n<p>O juiz distrital dos EUA, Steven Merryday, decidiu que o processo de Trump era excessivamente longo e estava cheio de idiomas &#8220;tediosos e onerosos&#8221; que n\u00e3o tinham influ\u00eancia no caso legal.<\/p>\n<p>&#8220;Uma queixa n\u00e3o \u00e9 um megafone para rela\u00e7\u00f5es p\u00fablicas ou um p\u00f3dio para uma ora\u00e7\u00e3o apaixonada em uma manifesta\u00e7\u00e3o pol\u00edtica&#8221;, escreveu Merryday em uma ordem de quatro p\u00e1ginas. &#8220;Esta a\u00e7\u00e3o come\u00e7ar\u00e1, continuar\u00e1 e terminar\u00e1 de acordo com as regras de procedimento e de maneira profissional e digna&#8221;.<\/p>\n<\/div>\n<div>\n<p>O juiz forneceu aos advogados de Trump 28 dias para registrar uma queixa alterada, informou o New York Times.<\/p>\n<p>&#8220;O presidente Trump continuar\u00e1 responsabilizando as not\u00edcias falsas por meio desse processo de poder contra o New York Times, seus rep\u00f3rteres e a Penguin Random House, de acordo com a dire\u00e7\u00e3o do juiz sobre a log\u00edstica&#8221;, disse um porta -voz da equipe jur\u00eddica de Trump em comunicado fornecido ao The Times. <\/p>\n<\/div>\n<div>\n<p>O processo foi <a href=\"https:\/\/patch.com\/new-york\/new-york-city\/trump-files-15b-defamation-lawsuit-against-new-york-times-what-we-know\">inicialmente arquivado pelos advogados de Trump<\/a> quatro dias atr\u00e1s. Ele acusou o New York Times e quatro vezes jornalistas de &#8220;espalhar conte\u00fado falso e difamat\u00f3rio&#8221; sobre ele.<\/p>\n<p>O processo citou v\u00e1rios artigos e um livro publicado pela Penguin Random House e alegou que o jornal e o editor tentou prejudicar a reputa\u00e7\u00e3o do presidente antes das elei\u00e7\u00f5es de 2024.<\/p>\n<\/div>\n<div>\n<p>&#8220;Hoje, o Times \u00e9 um porta-voz do Partido Democrata. A rotina editorial do jornal \u00e9 agora uma difama\u00e7\u00e3o em escala industrial e difama\u00e7\u00e3o contra oponentes pol\u00edticos&#8221;, afirmou o processo.<\/p>\n<p>Os rep\u00f3rteres do Times Peter Baker, Russ Buettner, Susanne Craig e Michael Schmidt foram nomeados no processo, como era um livro e um artigo escrito por Buettner e Craig que se concentra nas finan\u00e7as de Trump e em seu papel estrelado pela pr\u00e9-presid\u00eancia no \u201cAprendiz\u201d da televis\u00e3o.<\/p>\n<\/div>\n<div>\n<p>O processo tamb\u00e9m menciona um relat\u00f3rio sobre uma nota de anivers\u00e1rio de Trump supostamente dada a Jeffrey Epstein e atacou alega\u00e7\u00f5es que os rep\u00f3rteres fizeram sobre os primeiros neg\u00f3cios de Trump e seu pai, Fred.<\/p>\n<p>Trump tamb\u00e9m citou um artigo de Peter Baker em 20 de outubro passado, encabe\u00e7ou &#8220;para Trump, uma vida inteira de esc\u00e2ndalos segue em dire\u00e7\u00e3o a um momento de julgamento&#8221;.<\/p>\n<p>Depois que foi arquivado, o Times divulgou um comunicado batendo no processo e dizendo que era &#8220;sem m\u00e9rito&#8221;.<\/p>\n<p>&#8220;Ele n\u00e3o tem nenhuma reivindica\u00e7\u00e3o legal leg\u00edtima e, em vez disso, \u00e9 uma tentativa de sufocar e desencorajar relat\u00f3rios independentes&#8221;, dizia o comunicado. &#8220;O New York Times n\u00e3o ser\u00e1 dissuadido por t\u00e1ticas de intimida\u00e7\u00e3o. Continuaremos a perseguir os fatos sem medo ou favorecer e defender o direito da Primeira Emenda de jornalistas em fazer perguntas em nome do povo americano&#8221;.<\/p>\n<p>Em julho, Trump tamb\u00e9m entrou com um processo de US $ 10 bilh\u00f5es contra o Wall Street Journal por relat\u00f3rio de que o presidente enviou a Epstein uma carta que fazia parte de um livro feito para seu 50\u00ba anivers\u00e1rio.<\/p>\n<\/div>\n<div>\n<p><em>A Associated Press contribuiu com relat\u00f3rios.<\/em><\/p>\n<\/div>\n<p><br \/>\n<br \/><a href=\"http:\/\/patch.com\/florida\/southtampa\/judge-strikes-down-15b-trump-lawsuit-against-new-york-times?utm_source=article-mostrecent&#038;utm_medium=rss&#038;utm_term=politics%20%26%20government&#038;utm_campaign=recirc&#038;utm_content=aol\">Source link <\/a><\/p>","protected":false},"excerpt":{"rendered":"<p>St. PETERSBURG, FL &#8211; Um juiz da Fl\u00f3rida na sexta -feira jogou fora o processo de difama\u00e7\u00e3o do presidente Donald Trump contra o New York Times, chamando a reclama\u00e7\u00e3o &#8220;Integrado&hellip;<\/p>","protected":false},"author":1,"featured_media":126338,"comment_status":"closed","ping_status":"open","sticky":false,"template":"","format":"standard","meta":{"content-type":"","footnotes":""},"categories":[1],"tags":[],"class_list":["post-126337","post","type-post","status-publish","format-standard","has-post-thumbnail","hentry","category-uncategorized"],"_links":{"self":[{"href":"https:\/\/tvbrazilusa.com\/pt\/wp-json\/wp\/v2\/posts\/126337","targetHints":{"allow":["GET"]}}],"collection":[{"href":"https:\/\/tvbrazilusa.com\/pt\/wp-json\/wp\/v2\/posts"}],"about":[{"href":"https:\/\/tvbrazilusa.com\/pt\/wp-json\/wp\/v2\/types\/post"}],"author":[{"embeddable":true,"href":"https:\/\/tvbrazilusa.com\/pt\/wp-json\/wp\/v2\/users\/1"}],"replies":[{"embeddable":true,"href":"https:\/\/tvbrazilusa.com\/pt\/wp-json\/wp\/v2\/comments?post=126337"}],"version-history":[{"count":1,"href":"https:\/\/tvbrazilusa.com\/pt\/wp-json\/wp\/v2\/posts\/126337\/revisions"}],"predecessor-version":[{"id":126339,"href":"https:\/\/tvbrazilusa.com\/pt\/wp-json\/wp\/v2\/posts\/126337\/revisions\/126339"}],"wp:featuredmedia":[{"embeddable":true,"href":"https:\/\/tvbrazilusa.com\/pt\/wp-json\/wp\/v2\/media\/126338"}],"wp:attachment":[{"href":"https:\/\/tvbrazilusa.com\/pt\/wp-json\/wp\/v2\/media?parent=126337"}],"wp:term":[{"taxonomy":"category","embeddable":true,"href":"https:\/\/tvbrazilusa.com\/pt\/wp-json\/wp\/v2\/categories?post=126337"},{"taxonomy":"post_tag","embeddable":true,"href":"https:\/\/tvbrazilusa.com\/pt\/wp-json\/wp\/v2\/tags?post=126337"}],"curies":[{"name":"wp","href":"https:\/\/api.w.org\/{rel}","templated":true}]}}