{"id":126340,"date":"2025-09-19T18:04:03","date_gmt":"2025-09-19T18:04:03","guid":{"rendered":"https:\/\/tvbrazilusa.com\/2025\/09\/19\/os-federais-liderarao-a-investigacao-da-morte-da-prisao-de-duval-jacksonville-hoje\/"},"modified":"2025-09-19T18:10:22","modified_gmt":"2025-09-19T18:10:22","slug":"os-federais-liderarao-a-investigacao-da-morte-da-prisao-de-duval-jacksonville-hoje","status":"publish","type":"post","link":"https:\/\/tvbrazilusa.com\/pt\/2025\/09\/19\/os-federais-liderarao-a-investigacao-da-morte-da-prisao-de-duval-jacksonville-hoje\/","title":{"rendered":"Os federais liderar\u00e3o a investiga\u00e7\u00e3o da morte da pris\u00e3o de Duval | Jacksonville hoje"},"content":{"rendered":"<p> <script async src=\"https:\/\/pagead2.googlesyndication.com\/pagead\/js\/adsbygoogle.js?client=ca-pub-8864793242727901\"\r\n     crossorigin=\"anonymous\"><\/script><br \/>\n<\/p>\n<div>\n<p>O FBI e o escrit\u00f3rio do advogado dos EUA levar\u00e3o a lideran\u00e7a investigando o <a href=\"https:\/\/jaxtoday.org\/2025\/05\/07\/medical-records-contradict-bso-on-jail-death\/\">morte controversa<\/a> de um preso na pris\u00e3o do condado de Duval em abril, de acordo com o escrit\u00f3rio da procuradora estadual Melissa Nelson.<\/p>\n<p>O escopo da investiga\u00e7\u00e3o federal sobre a morte de Charles Faggart, 31 anos, n\u00e3o est\u00e1 claro, e Nelson n\u00e3o disse que conclus\u00f5es seu pr\u00f3prio escrit\u00f3rio se tirou sobre o caso. Esse \u00faltimo desenvolvimento ocorreu &#8220;ap\u00f3s a consulta&#8221; com o escrit\u00f3rio do advogado dos EUA, disse ela.<\/p>\n<p>O FBI se recusou a comentar.<\/p>\n<p>Faggart chegou \u00e0 UF Health da pris\u00e3o de Duval County em 7 de abril em um <a href=\"https:\/\/jaxtoday.org\/2025\/04\/14\/inmate-death-report-jacksonville\/\">condi\u00e7\u00e3o gravemente ferida<\/a>dois dias depois que ele foi reservado por duas acusa\u00e7\u00f5es de contraven\u00e7\u00e3o.<\/p>\n<p>Ainda n\u00e3o est\u00e1 claro por que Faggart estava em um estado t\u00e3o pobre. O Gabinete do Xerife de Jacksonville disse com modera\u00e7\u00e3o pouco sobre o caso, embora em suas \u00e1guas imediatas do xerife TK <a href=\"https:\/\/jaxtoday.org\/2025\/04\/09\/duval-inmate-severely-injured\/\">Despojou nove funcion\u00e1rios da pris\u00e3o<\/a> de sua autoridade de corre\u00e7\u00f5es. Desde ent\u00e3o, esses oficiais foram transferidos.<\/p>\n<p>O escrit\u00f3rio do m\u00e9dico legista terminou um relat\u00f3rio sobre a morte de Faggart durante o ver\u00e3o, mas seu conte\u00fado permanece em segredo.<\/p>\n<p>O advogado que representa a fam\u00edlia de Faggart n\u00e3o respondeu imediatamente a um pedido de coment\u00e1rio.<\/p>\n<p>O escrit\u00f3rio de Nelson geralmente conduz investiga\u00e7\u00f5es criminais sobre supostos atos criminosos pelos oficiais do xerife. Seu escrit\u00f3rio trabalhou &#8220;em paralelo&#8221; com o FBI no caso Faggart, disse seu escrit\u00f3rio. Nos dias ap\u00f3s a morte de Faggart, Waters disse que ele <a href=\"https:\/\/www.news4jax.com\/news\/local\/2025\/04\/09\/sheriff-waters-asks-fbi-to-investigate-incident-involving-corrections-officers-that-left-inmate-critically-injured\/\" rel=\"nofollow noopener\" target=\"_blank\">perguntou ao FBI sua assist\u00eancia<\/a>embora ele n\u00e3o tenha dito o que esperava dos investigadores federais.<\/p>\n<p>\u00c9 extremamente raro que os promotores federais examinem profundamente o Gabinete do Xerife de Jacksonville, uma ag\u00eancia que foi criticada dos defensores da justi\u00e7a criminal local repetidamente nos \u00faltimos anos, ambos por seu <a href=\"https:\/\/jaxtrib.org\/2025\/08\/20\/jacksonville-cop-should-have-disclosed-hit-to-drivers-face-experts-say\/\" rel=\"nofollow noopener\" target=\"_blank\">supostamente manuseio brutal<\/a> de suspeitos e <a href=\"https:\/\/jaxtrib.org\/2025\/04\/15\/duval-jail-death-a-grim-reminder-of-lingering-problems\/\" rel=\"nofollow noopener\" target=\"_blank\">Condi\u00e7\u00f5es em sua pris\u00e3o envelhecida<\/a>.<\/p>\n<p>A fam\u00edlia de Faggart acredita que ele foi espancado at\u00e9 a morte.<\/p>\n<p>Embora o escrit\u00f3rio do xerife \u00e0s vezes apresente informa\u00e7\u00f5es sobre investiga\u00e7\u00f5es rapidamente, no caso Faggart, a ag\u00eancia foi reticente.<\/p>\n<h3 class=\"wp-block-heading\">Um &#8216;incidente&#8217; na pris\u00e3o<\/h3>\n<p>Mais de 24 horas depois que Faggart chegou \u00e0 UF Health sem resposta e ensanguentada, Waters convocou uma entrevista coletiva noturna para entregar a not\u00edcia de que uma pessoa n\u00e3o identificada havia sido gravemente ferida em um &#8220;incidente&#8221; na pris\u00e3o. <\/p>\n<p>O escrit\u00f3rio do xerife reconheceu a identidade de Faggart somente depois que o tribut\u00e1rio o identificou atrav\u00e9s dos registros do tribunal, e a pol\u00edcia divulgou apenas um relat\u00f3rio fortemente redigido sobre seu confronto violento com guardas de pris\u00e3o que o deixaram sem resposta.<\/p>\n<p>Os elementos -chave desse documento &#8211; escritos por uma das \u00e1guas da pris\u00e3o com despojados de servi\u00e7o &#8211; foram contraditiadas por resmas de registros m\u00e9dicos da UF que detalhavam as les\u00f5es extensas de Faggart. Os m\u00e9dicos n\u00e3o encontraram fentanil em seu sistema, apesar de o relat\u00f3rio da pol\u00edcia alegou que Faggart disse aos guardas que ele havia tomado a droga. Os m\u00e9dicos tamb\u00e9m n\u00e3o acreditavam que ele havia sofrido uma convuls\u00e3o, que um guarda diz que testemunhou.<\/p>\n<p>A equipe m\u00e9dica tamb\u00e9m removeu uma farpa de uma arma de choque nas costas &#8211; JSO n\u00e3o divulgou anteriormente que Faggart ficou atordoado &#8211; e notou v\u00e1rias fraturas no rosto e nas costelas, hematomas em todo o corpo e s\u00e9rios danos aos rins e f\u00edgado.<\/p>\n<p><em><em>Esta hist\u00f3ria \u00e9 publicada atrav\u00e9s de uma parceria entre <\/em><\/em><a href=\"https:\/\/jaxtoday.org\/\">Jacksonville hoje<\/a><em><em> e <a href=\"http:\/\/jaxtrib.com\/\" target=\"_blank\" rel=\"noreferrer noopener nofollow\">O afluente<\/a>.<\/em><\/em><\/p>\n<\/div>\n<p><br \/>\n<br \/><a href=\"https:\/\/jaxtoday.org\/2025\/09\/19\/duval-jail-death-investigation\/\">Source link <\/a><\/p>","protected":false},"excerpt":{"rendered":"<p>O FBI e o escrit\u00f3rio do advogado dos EUA levar\u00e3o a lideran\u00e7a investigando o morte controversa de um preso na pris\u00e3o do condado de Duval em abril, de acordo com&hellip;<\/p>","protected":false},"author":1,"featured_media":126341,"comment_status":"closed","ping_status":"open","sticky":false,"template":"","format":"standard","meta":{"content-type":"","footnotes":""},"categories":[1],"tags":[],"class_list":["post-126340","post","type-post","status-publish","format-standard","has-post-thumbnail","hentry","category-uncategorized"],"_links":{"self":[{"href":"https:\/\/tvbrazilusa.com\/pt\/wp-json\/wp\/v2\/posts\/126340","targetHints":{"allow":["GET"]}}],"collection":[{"href":"https:\/\/tvbrazilusa.com\/pt\/wp-json\/wp\/v2\/posts"}],"about":[{"href":"https:\/\/tvbrazilusa.com\/pt\/wp-json\/wp\/v2\/types\/post"}],"author":[{"embeddable":true,"href":"https:\/\/tvbrazilusa.com\/pt\/wp-json\/wp\/v2\/users\/1"}],"replies":[{"embeddable":true,"href":"https:\/\/tvbrazilusa.com\/pt\/wp-json\/wp\/v2\/comments?post=126340"}],"version-history":[{"count":1,"href":"https:\/\/tvbrazilusa.com\/pt\/wp-json\/wp\/v2\/posts\/126340\/revisions"}],"predecessor-version":[{"id":126342,"href":"https:\/\/tvbrazilusa.com\/pt\/wp-json\/wp\/v2\/posts\/126340\/revisions\/126342"}],"wp:featuredmedia":[{"embeddable":true,"href":"https:\/\/tvbrazilusa.com\/pt\/wp-json\/wp\/v2\/media\/126341"}],"wp:attachment":[{"href":"https:\/\/tvbrazilusa.com\/pt\/wp-json\/wp\/v2\/media?parent=126340"}],"wp:term":[{"taxonomy":"category","embeddable":true,"href":"https:\/\/tvbrazilusa.com\/pt\/wp-json\/wp\/v2\/categories?post=126340"},{"taxonomy":"post_tag","embeddable":true,"href":"https:\/\/tvbrazilusa.com\/pt\/wp-json\/wp\/v2\/tags?post=126340"}],"curies":[{"name":"wp","href":"https:\/\/api.w.org\/{rel}","templated":true}]}}