{"id":126346,"date":"2025-09-19T18:19:12","date_gmt":"2025-09-19T18:19:12","guid":{"rendered":"https:\/\/tvbrazilusa.com\/2025\/09\/19\/o-desemprego-do-nordeste-da-florida-e-mais-alto-em-4-anos-jacksonville-hoje\/"},"modified":"2025-09-19T18:22:07","modified_gmt":"2025-09-19T18:22:07","slug":"o-desemprego-do-nordeste-da-florida-e-mais-alto-em-4-anos-jacksonville-hoje","status":"publish","type":"post","link":"https:\/\/tvbrazilusa.com\/pt\/2025\/09\/19\/o-desemprego-do-nordeste-da-florida-e-mais-alto-em-4-anos-jacksonville-hoje\/","title":{"rendered":"O desemprego do nordeste da Fl\u00f3rida \u00e9 mais alto em 4 anos | Jacksonville hoje"},"content":{"rendered":"<p> <script async src=\"https:\/\/pagead2.googlesyndication.com\/pagead\/js\/adsbygoogle.js?client=ca-pub-8864793242727901\"\r\n     crossorigin=\"anonymous\"><\/script><br \/>\n<\/p>\n<div>\n<p>A taxa de desemprego de Jacksonville saltou em agosto para o seu n\u00edvel mais alto em mais de quatro anos, quando <a href=\"https:\/\/jaxtoday.org\/2025\/01\/02\/jacksonville-economy-2025\/\">a economia<\/a> estava come\u00e7ando sua recupera\u00e7\u00e3o da pandemia de coronav\u00edrus.<\/p>\n<p id=\"h843670-p2\">O <a href=\"https:\/\/jaxtoday.org\/2024\/08\/29\/number-of-the-week-jacksonville-jobs\/\">taxa de desemprego<\/a> Na \u00e1rea metropolitana de Jacksonville, os condados de Baker, Clay, Duval, Nassau e St. Johns subiram de 4,2% em julho para 4,6% em agosto, informou o Departamento de Com\u00e9rcio da Fl\u00f3rida em 19 de setembro.<\/p>\n<p>Essa \u00e9 a maior taxa de desemprego da \u00e1rea, pois foi de 4,7% em junho de 2021.<\/p>\n<p><em><a href=\"https:\/\/www.jaxdailyrecord.com\/news\/2025\/sep\/19\/northeast-florida-unemployment-rate-highest-in-four-years-at-46\/\" rel=\"nofollow noopener\" target=\"_blank\">Leia o resto desta hist\u00f3ria<\/a> no <\/em>Jacksonville Daily Record<em>a <\/em>Jacksonville hoje<em> Parceiro de not\u00edcias.<\/em><\/p>\n<\/div>\n<p><br \/>\n<br \/><a href=\"https:\/\/jaxtoday.org\/2025\/09\/19\/unemployment-northeast-florida\/\">Source link <\/a><\/p>","protected":false},"excerpt":{"rendered":"<p>A taxa de desemprego de Jacksonville saltou em agosto para o seu n\u00edvel mais alto em mais de quatro anos, quando a economia estava come\u00e7ando sua recupera\u00e7\u00e3o da pandemia de&hellip;<\/p>","protected":false},"author":1,"featured_media":126347,"comment_status":"closed","ping_status":"open","sticky":false,"template":"","format":"standard","meta":{"content-type":"","footnotes":""},"categories":[1],"tags":[],"class_list":["post-126346","post","type-post","status-publish","format-standard","has-post-thumbnail","hentry","category-uncategorized"],"_links":{"self":[{"href":"https:\/\/tvbrazilusa.com\/pt\/wp-json\/wp\/v2\/posts\/126346","targetHints":{"allow":["GET"]}}],"collection":[{"href":"https:\/\/tvbrazilusa.com\/pt\/wp-json\/wp\/v2\/posts"}],"about":[{"href":"https:\/\/tvbrazilusa.com\/pt\/wp-json\/wp\/v2\/types\/post"}],"author":[{"embeddable":true,"href":"https:\/\/tvbrazilusa.com\/pt\/wp-json\/wp\/v2\/users\/1"}],"replies":[{"embeddable":true,"href":"https:\/\/tvbrazilusa.com\/pt\/wp-json\/wp\/v2\/comments?post=126346"}],"version-history":[{"count":1,"href":"https:\/\/tvbrazilusa.com\/pt\/wp-json\/wp\/v2\/posts\/126346\/revisions"}],"predecessor-version":[{"id":126348,"href":"https:\/\/tvbrazilusa.com\/pt\/wp-json\/wp\/v2\/posts\/126346\/revisions\/126348"}],"wp:featuredmedia":[{"embeddable":true,"href":"https:\/\/tvbrazilusa.com\/pt\/wp-json\/wp\/v2\/media\/126347"}],"wp:attachment":[{"href":"https:\/\/tvbrazilusa.com\/pt\/wp-json\/wp\/v2\/media?parent=126346"}],"wp:term":[{"taxonomy":"category","embeddable":true,"href":"https:\/\/tvbrazilusa.com\/pt\/wp-json\/wp\/v2\/categories?post=126346"},{"taxonomy":"post_tag","embeddable":true,"href":"https:\/\/tvbrazilusa.com\/pt\/wp-json\/wp\/v2\/tags?post=126346"}],"curies":[{"name":"wp","href":"https:\/\/api.w.org\/{rel}","templated":true}]}}