{"id":126469,"date":"2025-09-22T18:03:46","date_gmt":"2025-09-22T18:03:46","guid":{"rendered":"https:\/\/tvbrazilusa.com\/2025\/09\/22\/o-orma-parque-orange-comemorara-o-50o-aniversario-desta-semana-jacksonville-hoje\/"},"modified":"2025-09-22T18:15:26","modified_gmt":"2025-09-22T18:15:26","slug":"o-orma-parque-orange-comemorara-o-50o-aniversario-desta-semana-jacksonville-hoje","status":"publish","type":"post","link":"https:\/\/tvbrazilusa.com\/pt\/2025\/09\/22\/o-orma-parque-orange-comemorara-o-50o-aniversario-desta-semana-jacksonville-hoje\/","title":{"rendered":"O Orm\u00e3 Parque Orange comemorar\u00e1 o 50\u00ba anivers\u00e1rio desta semana | Jacksonville hoje"},"content":{"rendered":"<p> <script async src=\"https:\/\/pagead2.googlesyndication.com\/pagead\/js\/adsbygoogle.js?client=ca-pub-8864793242727901\"\r\n     crossorigin=\"anonymous\"><\/script><br \/>\n<\/p>\n<div>\n<p><a href=\"https:\/\/jaxtoday.org\/2025\/08\/20\/new-owners-plan-improvements-at-orange-park-mall\/\">Orange Park Mall<\/a> Comemorar\u00e1 seu 50\u00ba anivers\u00e1rio na quarta -feira com um evento p\u00fablico.<\/p>\n<p>A celebra\u00e7\u00e3o contar\u00e1 com coment\u00e1rios dos l\u00edderes locais, incluindo o deputado americano Aaron Bean, R-Florida; Uma performance da Orange Park High School Marching Band, que tocou em <a href=\"https:\/\/jaxtoday.org\/2025\/04\/25\/plans-brewing-for-old-sears-building-at-orange-park-mall\/\">o Shopping<\/a>Abertura em 1975; e um corte cerimonial de fita com a C\u00e2mara de Com\u00e9rcio do Condado de Clay.<\/p>\n<p>O evento tamb\u00e9m destacar\u00e1 o projeto de c\u00e1psula do tempo do shopping, convidando a comunidade a adicionar mem\u00f3rias, fotos e lembran\u00e7as das \u00faltimas cinco d\u00e9cadas. Os itens ser\u00e3o aceitos at\u00e9 30 de setembro. Os planos exigir\u00e3o a c\u00e1psula ser\u00e3o selados ainda este ano e reabertos em 2075.<\/p>\n<p><em><a href=\"https:\/\/www.jaxdailyrecord.com\/news\/2025\/sep\/22\/orange-park-mall-hosting-50th-anniversary-celebration-sept-24\/\" rel=\"nofollow noopener\" target=\"_blank\">Leia o resto desta hist\u00f3ria<\/a> no <\/em>Jacksonville Daily Record<em>a <\/em>Jacksonville hoje<em> Parceiro de not\u00edcias.<\/em><\/p>\n<\/div>\n<p><br \/>\n<br \/><a href=\"https:\/\/jaxtoday.org\/2025\/09\/22\/orange-park-mall-50th-anniversary\/\">Source link <\/a><\/p>","protected":false},"excerpt":{"rendered":"<p>Orange Park Mall Comemorar\u00e1 seu 50\u00ba anivers\u00e1rio na quarta -feira com um evento p\u00fablico. A celebra\u00e7\u00e3o contar\u00e1 com coment\u00e1rios dos l\u00edderes locais, incluindo o deputado americano Aaron Bean, R-Florida; Uma&hellip;<\/p>","protected":false},"author":1,"featured_media":126470,"comment_status":"closed","ping_status":"open","sticky":false,"template":"","format":"standard","meta":{"content-type":"","footnotes":""},"categories":[1],"tags":[],"class_list":["post-126469","post","type-post","status-publish","format-standard","has-post-thumbnail","hentry","category-uncategorized"],"_links":{"self":[{"href":"https:\/\/tvbrazilusa.com\/pt\/wp-json\/wp\/v2\/posts\/126469","targetHints":{"allow":["GET"]}}],"collection":[{"href":"https:\/\/tvbrazilusa.com\/pt\/wp-json\/wp\/v2\/posts"}],"about":[{"href":"https:\/\/tvbrazilusa.com\/pt\/wp-json\/wp\/v2\/types\/post"}],"author":[{"embeddable":true,"href":"https:\/\/tvbrazilusa.com\/pt\/wp-json\/wp\/v2\/users\/1"}],"replies":[{"embeddable":true,"href":"https:\/\/tvbrazilusa.com\/pt\/wp-json\/wp\/v2\/comments?post=126469"}],"version-history":[{"count":1,"href":"https:\/\/tvbrazilusa.com\/pt\/wp-json\/wp\/v2\/posts\/126469\/revisions"}],"predecessor-version":[{"id":126471,"href":"https:\/\/tvbrazilusa.com\/pt\/wp-json\/wp\/v2\/posts\/126469\/revisions\/126471"}],"wp:featuredmedia":[{"embeddable":true,"href":"https:\/\/tvbrazilusa.com\/pt\/wp-json\/wp\/v2\/media\/126470"}],"wp:attachment":[{"href":"https:\/\/tvbrazilusa.com\/pt\/wp-json\/wp\/v2\/media?parent=126469"}],"wp:term":[{"taxonomy":"category","embeddable":true,"href":"https:\/\/tvbrazilusa.com\/pt\/wp-json\/wp\/v2\/categories?post=126469"},{"taxonomy":"post_tag","embeddable":true,"href":"https:\/\/tvbrazilusa.com\/pt\/wp-json\/wp\/v2\/tags?post=126469"}],"curies":[{"name":"wp","href":"https:\/\/api.w.org\/{rel}","templated":true}]}}