{"id":126664,"date":"2025-09-24T20:30:49","date_gmt":"2025-09-24T20:30:49","guid":{"rendered":"https:\/\/tvbrazilusa.com\/2025\/09\/24\/o-que-fazer-jacksonville-symphony-abre-festival-de-outono-de-mandarim-estuario-fest-jacksonville-hoje\/"},"modified":"2025-09-24T20:35:26","modified_gmt":"2025-09-24T20:35:26","slug":"o-que-fazer-jacksonville-symphony-abre-festival-de-outono-de-mandarim-estuario-fest-jacksonville-hoje","status":"publish","type":"post","link":"https:\/\/tvbrazilusa.com\/pt\/2025\/09\/24\/o-que-fazer-jacksonville-symphony-abre-festival-de-outono-de-mandarim-estuario-fest-jacksonville-hoje\/","title":{"rendered":"O que fazer | Jacksonville Symphony abre; Festival de outono de mandarim; Estu\u00e1rio Fest | Jacksonville hoje"},"content":{"rendered":"<p> <script async src=\"https:\/\/pagead2.googlesyndication.com\/pagead\/js\/adsbygoogle.js?client=ca-pub-8864793242727901\"\r\n     crossorigin=\"anonymous\"><\/script><br \/>\n<\/p>\n<div>\n<div class=\"wp-block-group\">\n<div class=\"wp-block-group__inner-container is-layout-constrained wp-block-group-is-layout-constrained\">\n<div class=\"wp-block-image\">\n<figure class=\"aligncenter size-full\"><figcaption class=\"wp-element-caption\">O principal jogador de clarinete Giovanni Bertoni \u00e9 a estrela dos shows deste fim de semana.<\/figcaption><\/figure>\n<\/div>\n<p><strong><strong>Jacksonville Symphony Aberting Night<\/strong><\/strong><\/p>\n<p><strong><strong><strong>Sexta e s\u00e1bado<\/strong><\/strong><\/strong><\/p>\n<p><strong><strong><strong><strong>Jacoby Symphony Hall | Jacksonville<\/strong><\/strong><\/strong><\/strong><\/p>\n<p>Eu amo uma noite de abertura, n\u00e3o \u00e9? Neste fim de semana, o Jacksonville Symphony inicia sua nova temporada com um programa realizado pelo principal jogador de clarinete Giovanni Bertoni, que se move do jazz de Copland, inspirado em jazz <em>Concerto para clarinete<\/em> para Joel Thompson de <em>Para ver o c\u00e9u<\/em>. A noite termina na m\u00fasica do Prokofiev&#8217;s <em>Sinfonia No. 5<\/em>um trabalho emocionante que celebra a resili\u00eancia e o esp\u00edrito humano.<\/p>\n<p><em>Jacksonville Center for the Performing Arts, 300 Water St.; Ingressos: $ 34+; <a href=\"https:\/\/my.jaxsymphony.org\/coplands-clarinet-concerto\" rel=\"nofollow noopener\" target=\"_blank\">Ingressos e mais informa\u00e7\u00f5es.<\/a><\/em><\/p>\n<hr class=\"wp-block-separator has-alpha-channel-opacity\"\/>\n<\/div>\n<\/div>\n<div class=\"wp-block-image\">\n<figure class=\"aligncenter size-full is-resized\"><img loading=\"lazy\" data-dominant-color=\"aa573d\" data-has-transparency=\"false\" decoding=\"async\" width=\"960\" height=\"540\" src=\"https:\/\/jaxtoday.org\/wp-content\/uploads\/2025\/09\/476555852_122227746038194936_222149879111072365_n.jpg\" alt=\"\" class=\"wp-image-102348 not-transparent\" style=\"--dominant-color: #aa573d; width:840px;height:auto\" srcset=\"https:\/\/jaxtoday.org\/wp-content\/uploads\/2025\/09\/476555852_122227746038194936_222149879111072365_n.jpg 960w, https:\/\/jaxtoday.org\/wp-content\/uploads\/2025\/09\/476555852_122227746038194936_222149879111072365_n-300x169.jpg 300w, https:\/\/jaxtoday.org\/wp-content\/uploads\/2025\/09\/476555852_122227746038194936_222149879111072365_n-768x432.jpg 768w, https:\/\/jaxtoday.org\/wp-content\/uploads\/2025\/09\/476555852_122227746038194936_222149879111072365_n-800x450.jpg 800w, https:\/\/jaxtoday.org\/wp-content\/uploads\/2025\/09\/476555852_122227746038194936_222149879111072365_n-427x240.jpg 427w, https:\/\/jaxtoday.org\/wp-content\/uploads\/2025\/09\/476555852_122227746038194936_222149879111072365_n-100x56.jpg 100w\" sizes=\"auto, (max-width: 960px) 100vw, 960px\"\/><\/figure>\n<\/div>\n<p><strong><strong>S\u00e1bado<\/strong><\/strong><\/p>\n<p><strong><strong><strong><strong><strong>Festival de outono <\/strong><\/strong><\/strong><\/strong><\/strong><\/p>\n<p><strong><strong><strong><strong><strong>Igreja Batista da Trindade | Mandarim<\/strong><\/strong><\/strong><\/strong><\/strong><\/p>\n<p>Pode ter parecido o ver\u00e3o novamente a semana toda, mas mandarim est\u00e1 pronto para adotar todas as coisas outonais quando um festival de outono e o mandarim se mudarem no s\u00e1bado. Navegue mais de 160 (!) Cabines de vendedores locais; Estocar produtos frescos, guloseimas e artes caseiras; Encomende o almo\u00e7o de um caminh\u00e3o de comida, dance para um DJ ao vivo; e desfrute de atividades para as crian\u00e7as. <\/p>\n<p><em>2955 Orange Picker Road; 10h \u00e0s 16h; Livre e aberto ao p\u00fablico; <\/em><a href=\"https:\/\/www.mandarinmarkets.com\/event-details\/fall-festival-1\" rel=\"nofollow noopener\" target=\"_blank\"><em>Mais informa\u00e7\u00f5es.<\/em><\/a><\/p>\n<hr class=\"wp-block-separator has-alpha-channel-opacity\"\/>\n<div class=\"wp-block-group\">\n<div class=\"wp-block-group__inner-container is-layout-constrained wp-block-group-is-layout-constrained\">\n<div class=\"wp-block-image\">\n<figure class=\"aligncenter size-full is-resized\"><img loading=\"lazy\" data-dominant-color=\"c6ccb7\" data-has-transparency=\"false\" decoding=\"async\" width=\"409\" height=\"417\" src=\"https:\/\/jaxtoday.org\/wp-content\/uploads\/2025\/09\/536268579_802550428803470_2605950961578496722_n.jpg\" alt=\"\" class=\"wp-image-102349 not-transparent\" style=\"--dominant-color: #c6ccb7; width:791px;height:auto\" srcset=\"https:\/\/jaxtoday.org\/wp-content\/uploads\/2025\/09\/536268579_802550428803470_2605950961578496722_n.jpg 409w, https:\/\/jaxtoday.org\/wp-content\/uploads\/2025\/09\/536268579_802550428803470_2605950961578496722_n-294x300.jpg 294w, https:\/\/jaxtoday.org\/wp-content\/uploads\/2025\/09\/536268579_802550428803470_2605950961578496722_n-235x240.jpg 235w, https:\/\/jaxtoday.org\/wp-content\/uploads\/2025\/09\/536268579_802550428803470_2605950961578496722_n-100x102.jpg 100w\" sizes=\"auto, (max-width: 409px) 100vw, 409px\"\/><figcaption class=\"wp-element-caption\">Foto: Khary Khalfani<\/figcaption><\/figure>\n<\/div>\n<p><strong><strong>S\u00e1bado<\/strong><\/strong><\/p>\n<p><strong><strong><strong><strong><strong>Estu\u00e1rio Fest 2025<\/strong><\/strong><\/strong><\/strong><\/strong><\/p>\n<p><strong><strong><strong><strong><strong><strong>Preserva\u00e7\u00e3o GTM | Praia de Ponte Vedra<\/strong><\/strong><\/strong><\/strong><\/strong><\/strong><\/p>\n<p>Comemore a Semana Nacional dos Estu\u00e1rios no Estu\u00e1rio Fest. A Reserva Nacional de Pesquisa Estuarina de Guana Tolomato Matanzas convida fam\u00edlias e amigos a desfrutar de caminh\u00f5es de comida, m\u00fasica ao vivo, arte, uma ca\u00e7a ao tesouro com pr\u00eamios e atividades educacionais pr\u00e1ticas. \u00c9 uma maneira perfeita de experimentar a beleza costeira da Fl\u00f3rida e aprender por que os estu\u00e1rios s\u00e3o t\u00e3o importantes para o nosso meio ambiente.<\/p>\n<p><em>505 Guana River Road, Ponte Vedra Beach; 10h -2 -pm; Livre e aberto ao p\u00fablico; <a href=\"https:\/\/gtmnerr.org\/calendar\/estuary-fest\/\" rel=\"nofollow noopener\" target=\"_blank\">Mais informa\u00e7\u00f5es.<\/a><\/em><\/p>\n<\/div>\n<\/div>\n<\/div>\n<p><br \/>\n<br \/><a href=\"https:\/\/jaxtoday.org\/2025\/09\/24\/what-to-do-jacksonville-symphony-opens-mandarin-fall-festival-estuary-fest\/\">Source link <\/a><\/p>","protected":false},"excerpt":{"rendered":"<p>O principal jogador de clarinete Giovanni Bertoni \u00e9 a estrela dos shows deste fim de semana. Jacksonville Symphony Aberting Night Sexta e s\u00e1bado Jacoby Symphony Hall | Jacksonville Eu amo&hellip;<\/p>","protected":false},"author":1,"featured_media":126665,"comment_status":"closed","ping_status":"open","sticky":false,"template":"","format":"standard","meta":{"content-type":"","footnotes":""},"categories":[1],"tags":[],"class_list":["post-126664","post","type-post","status-publish","format-standard","has-post-thumbnail","hentry","category-uncategorized"],"_links":{"self":[{"href":"https:\/\/tvbrazilusa.com\/pt\/wp-json\/wp\/v2\/posts\/126664","targetHints":{"allow":["GET"]}}],"collection":[{"href":"https:\/\/tvbrazilusa.com\/pt\/wp-json\/wp\/v2\/posts"}],"about":[{"href":"https:\/\/tvbrazilusa.com\/pt\/wp-json\/wp\/v2\/types\/post"}],"author":[{"embeddable":true,"href":"https:\/\/tvbrazilusa.com\/pt\/wp-json\/wp\/v2\/users\/1"}],"replies":[{"embeddable":true,"href":"https:\/\/tvbrazilusa.com\/pt\/wp-json\/wp\/v2\/comments?post=126664"}],"version-history":[{"count":1,"href":"https:\/\/tvbrazilusa.com\/pt\/wp-json\/wp\/v2\/posts\/126664\/revisions"}],"predecessor-version":[{"id":126666,"href":"https:\/\/tvbrazilusa.com\/pt\/wp-json\/wp\/v2\/posts\/126664\/revisions\/126666"}],"wp:featuredmedia":[{"embeddable":true,"href":"https:\/\/tvbrazilusa.com\/pt\/wp-json\/wp\/v2\/media\/126665"}],"wp:attachment":[{"href":"https:\/\/tvbrazilusa.com\/pt\/wp-json\/wp\/v2\/media?parent=126664"}],"wp:term":[{"taxonomy":"category","embeddable":true,"href":"https:\/\/tvbrazilusa.com\/pt\/wp-json\/wp\/v2\/categories?post=126664"},{"taxonomy":"post_tag","embeddable":true,"href":"https:\/\/tvbrazilusa.com\/pt\/wp-json\/wp\/v2\/tags?post=126664"}],"curies":[{"name":"wp","href":"https:\/\/api.w.org\/{rel}","templated":true}]}}