{"id":12668,"date":"2024-07-30T22:14:18","date_gmt":"2024-07-30T22:14:18","guid":{"rendered":"https:\/\/tvbrazilusa.com\/2024\/07\/30\/ex-ceo-da-jea-aaron-zahn-condenado-a-4-anos-de-prisao-jacksonville-today\/"},"modified":"2024-07-30T22:15:13","modified_gmt":"2024-07-30T22:15:13","slug":"ex-ceo-da-jea-aaron-zahn-condenado-a-4-anos-de-prisao-jacksonville-today","status":"publish","type":"post","link":"https:\/\/tvbrazilusa.com\/pt\/2024\/07\/30\/ex-ceo-da-jea-aaron-zahn-condenado-a-4-anos-de-prisao-jacksonville-today\/","title":{"rendered":"Ex-CEO da JEA Aaron Zahn condenado a 4 anos de pris\u00e3o &#8211; Jacksonville Today"},"content":{"rendered":"<p> <script async src=\"https:\/\/pagead2.googlesyndication.com\/pagead\/js\/adsbygoogle.js?client=ca-pub-8864793242727901\"\r\n     crossorigin=\"anonymous\"><\/script><br \/>\n<\/p>\n<div>\n<p>Um juiz federal condenou na ter\u00e7a-feira o ex-CEO da JEA, Aaron Zahn, a <a href=\"https:\/\/www.news4jax.com\/news\/local\/2024\/07\/30\/former-jea-ceo-convicted-on-federal-fraud-conspiracy-charges-to-be-sentenced-today-faces-up-to-9-years\/\">quatro anos de pris\u00e3o<\/a> sobre condena\u00e7\u00f5es por conspira\u00e7\u00e3o e fraude eletr\u00f4nica.<\/p>\n<p>Zahn se entregar\u00e1 voluntariamente a uma unidade designada pelo Bureau of Prisons posteriormente e cumprir\u00e1 um ano de liberdade supervisionada quando sua senten\u00e7a terminar.<\/p>\n<p>\u201cA senten\u00e7a de hoje encerra um cap\u00edtulo doloroso para nossos funcion\u00e1rios e a comunidade que servimos. Somos gratos aos membros da pol\u00edcia, ao gabinete do procurador dos EUA e ao sistema de justi\u00e7a criminal por todo o seu trabalho duro\u201d, disse um porta-voz da JEA em uma declara\u00e7\u00e3o por escrito. \u201cAs a\u00e7\u00f5es de um ex-executivo n\u00e3o refletem os valores essenciais de nossos mais de 2.200 funcion\u00e1rios dedicados, que continuam focados em melhorar vidas e construir uma comunidade com o objetivo de ser a melhor empresa de servi\u00e7os p\u00fablicos do pa\u00eds. A JEA tem orgulho de continuar sendo a empresa de servi\u00e7os p\u00fablicos municipal de Jacksonville.\u201d<\/p>\n<p>Pintando um retrato de um homem de fam\u00edlia envolvido em sua comunidade, os advogados de Zahn pediram a um juiz que n\u00e3o impusesse uma senten\u00e7a de pris\u00e3o de v\u00e1rios anos. Eles disseram que o caso j\u00e1 havia cobrado um pre\u00e7o imenso de Zahn e sua fam\u00edlia, com escrut\u00ednio e humilha\u00e7\u00e3o levando a um diagn\u00f3stico de TEPT para o ex-chefe de servi\u00e7os p\u00fablicos.<\/p>\n<p>Ele enfrentava at\u00e9 nove anos de pris\u00e3o federal, de acordo com as diretrizes de condena\u00e7\u00e3o.<\/p>\n<p><a href=\"https:\/\/www.news4jax.com\/news\/local\/2024\/03\/15\/former-jea-ceo-found-guilty-in-federal-fraud-conspiracy-case-former-cfo-found-not-guilty\/\">Zahn foi condenado em mar\u00e7o<\/a>ap\u00f3s um julgamento focado em um plano de b\u00f4nus proposto que, segundo os promotores, poderia ter pago milh\u00f5es de d\u00f3lares a Zahn e outros executivos, caso a concession\u00e1ria de servi\u00e7os p\u00fablicos da cidade tivesse sido vendida, como estava sendo explorado em 2019. Em um memorando de senten\u00e7a arquivado no in\u00edcio desta semana, os promotores defendem uma puni\u00e7\u00e3o de <a href=\"https:\/\/www.news4jax.com\/news\/local\/2024\/07\/23\/prosecutors-call-for-multi-year-prison-sentence-for-former-jea-ceo-aaron-zahn\/\">\u201cencarceramento de v\u00e1rios anos\u201d.<\/a><\/p>\n<p>Os advogados de defesa questionaram o c\u00e1lculo do oficial de condicional das diretrizes que recomendam uma senten\u00e7a de 87 a 108 meses de pris\u00e3o, que \u00e9 amplamente baseada em uma &#8220;perda pretendida&#8221; de US$ 40 milh\u00f5es. Esse \u00e9 o valor, o oficial de condicional descobriu, que Zahn poderia ter recebido se a JEA tivesse sido vendida. Eles argumentam que suas diretrizes de senten\u00e7a deveriam ser calculadas com base na perda real de zero, e que mesmo se a perda pretendida pudesse ser considerada, a perda alegada \u00e9 muito especulativa para ser fatorada na senten\u00e7a.<\/p>\n<p>O memorando de defesa argumentou posteriormente que outros fatores em torno do caso de Zahn, como sua forma\u00e7\u00e3o e caracter\u00edsticas pessoais, apoiam a clem\u00eancia e uma senten\u00e7a menor do que a recomendada pelas diretrizes.<\/p>\n<p>Os advogados argumentaram que a condena\u00e7\u00e3o em si, que deixou a carreira empresarial de Zahn \u201cem ru\u00ednas\u201d, imp\u00f5e uma puni\u00e7\u00e3o s\u00e9ria.<\/p>\n<p><em>Esta hist\u00f3ria foi produzida por <a href=\"https:\/\/www.news4jax.com\/\">Not\u00edcias4Jax<\/a>a <\/em>Jacksonville Hoje<em> parceiro de not\u00edcias.<\/em><\/p>\n<\/div>\n<p><br \/>\n<br \/><a href=\"https:\/\/jaxtoday.org\/2024\/07\/30\/former-jea-ceo-aaron-zahn-sentenced-to-4-years-in-prison\/\">Source link <\/a><\/p>","protected":false},"excerpt":{"rendered":"<p>Um juiz federal condenou na ter\u00e7a-feira o ex-CEO da JEA, Aaron Zahn, a quatro anos de pris\u00e3o sobre condena\u00e7\u00f5es por conspira\u00e7\u00e3o e fraude eletr\u00f4nica. Zahn se entregar\u00e1 voluntariamente a uma&hellip;<\/p>","protected":false},"author":1,"featured_media":12669,"comment_status":"closed","ping_status":"open","sticky":false,"template":"","format":"standard","meta":{"content-type":"","footnotes":""},"categories":[1],"tags":[1630,678,1380],"class_list":["post-12668","post","type-post","status-publish","format-standard","has-post-thumbnail","hentry","category-uncategorized","tag-arao-zahn","tag-fraude","tag-jea"],"_links":{"self":[{"href":"https:\/\/tvbrazilusa.com\/pt\/wp-json\/wp\/v2\/posts\/12668","targetHints":{"allow":["GET"]}}],"collection":[{"href":"https:\/\/tvbrazilusa.com\/pt\/wp-json\/wp\/v2\/posts"}],"about":[{"href":"https:\/\/tvbrazilusa.com\/pt\/wp-json\/wp\/v2\/types\/post"}],"author":[{"embeddable":true,"href":"https:\/\/tvbrazilusa.com\/pt\/wp-json\/wp\/v2\/users\/1"}],"replies":[{"embeddable":true,"href":"https:\/\/tvbrazilusa.com\/pt\/wp-json\/wp\/v2\/comments?post=12668"}],"version-history":[{"count":1,"href":"https:\/\/tvbrazilusa.com\/pt\/wp-json\/wp\/v2\/posts\/12668\/revisions"}],"predecessor-version":[{"id":12670,"href":"https:\/\/tvbrazilusa.com\/pt\/wp-json\/wp\/v2\/posts\/12668\/revisions\/12670"}],"wp:featuredmedia":[{"embeddable":true,"href":"https:\/\/tvbrazilusa.com\/pt\/wp-json\/wp\/v2\/media\/12669"}],"wp:attachment":[{"href":"https:\/\/tvbrazilusa.com\/pt\/wp-json\/wp\/v2\/media?parent=12668"}],"wp:term":[{"taxonomy":"category","embeddable":true,"href":"https:\/\/tvbrazilusa.com\/pt\/wp-json\/wp\/v2\/categories?post=12668"},{"taxonomy":"post_tag","embeddable":true,"href":"https:\/\/tvbrazilusa.com\/pt\/wp-json\/wp\/v2\/tags?post=12668"}],"curies":[{"name":"wp","href":"https:\/\/api.w.org\/{rel}","templated":true}]}}