{"id":126902,"date":"2025-09-24T06:18:57","date_gmt":"2025-09-24T06:18:57","guid":{"rendered":"https:\/\/tvbrazilusa.com\/2025\/09\/24\/bolsas-de-frutas-infantis-para-criancas-lembraram-devido-a-niveis-elevados-de-chumbo\/"},"modified":"2025-09-28T18:20:35","modified_gmt":"2025-09-28T18:20:35","slug":"bolsas-de-frutas-infantis-para-criancas-lembraram-devido-a-niveis-elevados-de-chumbo","status":"publish","type":"post","link":"https:\/\/tvbrazilusa.com\/pt\/2025\/09\/24\/bolsas-de-frutas-infantis-para-criancas-lembraram-devido-a-niveis-elevados-de-chumbo\/","title":{"rendered":"Bolsas de frutas infantis para crian\u00e7as lembraram devido a n\u00edveis elevados de chumbo"},"content":{"rendered":"<p> <script async src=\"https:\/\/pagead2.googlesyndication.com\/pagead\/js\/adsbygoogle.js?client=ca-pub-8864793242727901\"\r\n     crossorigin=\"anonymous\"><\/script><br \/>\n<\/p>\n<div>\n<p>A Sprout Organics anunciou o recall de suas bolsas de batata -doce, ma\u00e7\u00e3 e espinafre &#8211; rotuladas para crian\u00e7as com seis meses ou mais &#8211; em 16 de setembro e expandiu o recall na ter\u00e7a -feira.<\/p>\n<p>&#8220;A exposi\u00e7\u00e3o ao chumbo, mesmo em n\u00edveis baixos, pode aumentar os n\u00edveis de chumbo no sangue&#8221;, disse o an\u00fancio da empresa na ter\u00e7a -feira. &#8220;Se uma crian\u00e7a for exposta a chumbo suficiente por um per\u00edodo prolongado, isso pode afetar o aprendizado e o desenvolvimento ou causar outros problemas de sa\u00fade a longo prazo&#8221;.<\/p>\n<\/div>\n<div>\n<p>The 3.5-ounce pouches were sold at Walgreens and other independent retailers in Arizona, Colorado, Florida, Idaho, Illinois, Indiana, Iowa, Massachusetts, Maine, Minnesota, Mississippi, Missouri, Montana, Nevada, New Hampshire, New Jersey, New Mexico, New York, North Carolina, Ohio, Oregon, Pennsylvania, Rhode Island, Texas, Utah, Vermont, Wisconsin e Wyoming.<\/p>\n<figure><figcaption>A Sprout Organics anunciou o recall de suas bolsas de batata -doce, ma\u00e7\u00e3 e espinafre &#8211; rotuladas para crian\u00e7as com seis meses ou mais &#8211; em 16 de setembro e expandiu -a na ter\u00e7a -feira. (Administra\u00e7\u00e3o de alimentos e medicamentos dos EUA)<\/figcaption><\/figure>\n<p>O recall foi iniciado ap\u00f3s a amostragem de rotina, e nenhuma doen\u00e7a foi relatada na ter\u00e7a -feira, de acordo com o an\u00fancio.<\/p>\n<\/div>\n<div>\n<p>As bolsas lembradas t\u00eam o seguinte melhor por datas e c\u00f3digos de lote: 29 de outubro de 2025, 4212; 30 de outubro de 2025, 4213; 4 de dezembro de 2025, 4282; e 4 de fevereiro de 2026, 4310. Os consumidores que compraram os itens recordados devem devolv\u00ea -los \u00e0 loja para um reembolso total.<\/p>\n<p>As pessoas com perguntas podem entrar em contato com a empresa em 510-833-6089 das 9h \u00e0s 17h PST de segunda a sexta-feira ou por e-mail para info@sproutorganics.com.<\/p>\n<\/div>\n<p><br \/>\n<br \/><a href=\"http:\/\/patch.com\/illinois\/across-il\/these-kids-fruit-pouches-recalled-sold-major-retailer?utm_source=article-mostrecent&#038;utm_medium=rss&#038;utm_term=business&#038;utm_campaign=recirc&#038;utm_content=aol\">Source link <\/a><\/p>","protected":false},"excerpt":{"rendered":"<p>A Sprout Organics anunciou o recall de suas bolsas de batata -doce, ma\u00e7\u00e3 e espinafre &#8211; rotuladas para crian\u00e7as com seis meses ou mais &#8211; em 16 de setembro e&hellip;<\/p>","protected":false},"author":1,"featured_media":126903,"comment_status":"closed","ping_status":"open","sticky":false,"template":"","format":"standard","meta":{"content-type":"","footnotes":""},"categories":[1],"tags":[],"class_list":["post-126902","post","type-post","status-publish","format-standard","has-post-thumbnail","hentry","category-uncategorized"],"_links":{"self":[{"href":"https:\/\/tvbrazilusa.com\/pt\/wp-json\/wp\/v2\/posts\/126902","targetHints":{"allow":["GET"]}}],"collection":[{"href":"https:\/\/tvbrazilusa.com\/pt\/wp-json\/wp\/v2\/posts"}],"about":[{"href":"https:\/\/tvbrazilusa.com\/pt\/wp-json\/wp\/v2\/types\/post"}],"author":[{"embeddable":true,"href":"https:\/\/tvbrazilusa.com\/pt\/wp-json\/wp\/v2\/users\/1"}],"replies":[{"embeddable":true,"href":"https:\/\/tvbrazilusa.com\/pt\/wp-json\/wp\/v2\/comments?post=126902"}],"version-history":[{"count":1,"href":"https:\/\/tvbrazilusa.com\/pt\/wp-json\/wp\/v2\/posts\/126902\/revisions"}],"predecessor-version":[{"id":126904,"href":"https:\/\/tvbrazilusa.com\/pt\/wp-json\/wp\/v2\/posts\/126902\/revisions\/126904"}],"wp:featuredmedia":[{"embeddable":true,"href":"https:\/\/tvbrazilusa.com\/pt\/wp-json\/wp\/v2\/media\/126903"}],"wp:attachment":[{"href":"https:\/\/tvbrazilusa.com\/pt\/wp-json\/wp\/v2\/media?parent=126902"}],"wp:term":[{"taxonomy":"category","embeddable":true,"href":"https:\/\/tvbrazilusa.com\/pt\/wp-json\/wp\/v2\/categories?post=126902"},{"taxonomy":"post_tag","embeddable":true,"href":"https:\/\/tvbrazilusa.com\/pt\/wp-json\/wp\/v2\/tags?post=126902"}],"curies":[{"name":"wp","href":"https:\/\/api.w.org\/{rel}","templated":true}]}}