{"id":127079,"date":"2025-10-01T14:15:04","date_gmt":"2025-10-01T14:15:04","guid":{"rendered":"https:\/\/tvbrazilusa.com\/2025\/10\/01\/o-jaxson-o-legado-da-escola-boylan-haven-jacksonville-hoje\/"},"modified":"2025-10-01T14:15:04","modified_gmt":"2025-10-01T14:15:04","slug":"o-jaxson-o-legado-da-escola-boylan-haven-jacksonville-hoje","status":"publish","type":"post","link":"https:\/\/tvbrazilusa.com\/pt\/2025\/10\/01\/o-jaxson-o-legado-da-escola-boylan-haven-jacksonville-hoje\/","title":{"rendered":"O Jaxson | O legado da escola Boylan-Haven | Jacksonville hoje"},"content":{"rendered":"<p> <script async src=\"https:\/\/pagead2.googlesyndication.com\/pagead\/js\/adsbygoogle.js?client=ca-pub-8864793242727901\"\r\n     crossorigin=\"anonymous\"><\/script><br \/>\n<\/p>\n<div>\n<p>Em abril de 1886, a Igreja Episcopal Metodista estabeleceu a Escola Industrial de Boylan e a casa para garotas negras em Lavilla. Sua miss\u00e3o era clara: fornecer aos afro -americanos rec\u00e9m -libertados oportunidades de educa\u00e7\u00e3o, treinamento vocacional e independ\u00eancia ap\u00f3s a Guerra Civil. A escola recebeu o nome de grande benfeitor, Ann Boylan DeGroot.<\/p>\n<div class=\"wp-block-image\">\n<figure class=\"aligncenter size-large\"><img decoding=\"async\" src=\"https:\/\/photos.moderncities.com\/Cities\/Jacksonville\/History\/Boylan-Haven-School\/i-BKbMDzg\/0\/KdT7P9z6MHZhNrG6LKxNDqBgbTx6VBH6L4d3VwcBr\/L\/1903 Boylan Sanborn Map - UF-L.jpg\" alt=\"\"\/><figcaption class=\"wp-element-caption\"><em>A localiza\u00e7\u00e3o original da Boylan Industrial Home School, em LaVilla, estava no cruzamento das ruas Lee e Duval. | Universidade da Fl\u00f3rida<\/em><\/figcaption><\/figure>\n<\/div>\n<h3 class=\"wp-block-heading\">Expandir oportunidades<\/h3>\n<p>A escola come\u00e7ou modestamente, operando de uma casa de seis quartos na esquina das ruas Davis e Duval. Sob a lideran\u00e7a do mission\u00e1rio Hattie E. Emerson, de Manchester, Nova York, a escola abrigou sete jovens em seu primeiro ano. No ano seguinte, esse n\u00famero cresceu para 18.<\/p>\n<p>Os alunos foram treinados em habilidades que os prepararam para a auto-sufici\u00eancia, incluindo bordado, costura, limpeza e culin\u00e1ria. Enquanto algumas mulheres moravam em casa, muitas frequentavam aulas durante o dia. \u00c0 medida que a demanda aumentava, tamb\u00e9m foram introduzidas aulas noturnas, garantindo acesso mais amplo \u00e0 educa\u00e7\u00e3o.<\/p>\n<p>O curr\u00edculo se expandiu ao longo do tempo, principalmente com a adi\u00e7\u00e3o de treinamento de enfermagem. Em 1901, a Escola de Treinamento de Enfermagem abriu oficialmente, estabelecendo as bases para o que acabaria se tornando a Escola de Treinamento de Brewster e Enfermeira, o primeiro hospital para afro -americanos em Jacksonville.<\/p>\n<h3 class=\"wp-block-heading\">Crescimento, fus\u00f5es e realoca\u00e7\u00e3o<\/h3>\n<p>Em 1910, a Escola Industrial de Boylan e a casa superaram sua localiza\u00e7\u00e3o original e se mudaram para o bairro de Jacksonville Eastside. Em 1932, se fundiu com o Haven Industrial Home and School, outra institui\u00e7\u00e3o dedicada a educar a juventude afro-americana, fundada em Savannah, na Ge\u00f3rgia, em 1885. Juntos, eles se tornaram a escola Boylan-Haven, uma institui\u00e7\u00e3o respeitada que serviu gera\u00e7\u00f5es de estudantes.<\/p>\n<p>A escola Boylan-Haven permaneceu em Jacksonville at\u00e9 1959, quando se fundiu com a Mather Academy e se mudou para Camden, Carolina do Sul, para economizar finan\u00e7as. Devido ao decl\u00ednio da matr\u00edcula, a Academia Boylan-Haven-Mather foi fechada permanentemente em 1983. Embora acabasse fechando, seu legado vive atrav\u00e9s das in\u00fameras vidas que moldou e as comunidades que ela se fortaleceu.<\/p>\n<h3 class=\"wp-block-heading\">Fotografias hist\u00f3ricas da escola Boylan-Haven<\/h3>\n<div class=\"wp-block-image\">\n<figure class=\"aligncenter size-large\"><img decoding=\"async\" src=\"https:\/\/photos.moderncities.com\/Cities\/Jacksonville\/History\/Boylan-Haven-School\/i-bT6CCSW\/0\/KP6qQqQr3kvKqnQ7Fvg2whggBKt58sjWjKQ9j2jhG\/L\/1951 Boylan Sanborn Map - JPL-L.jpg\" alt=\"\"\/><figcaption class=\"wp-element-caption\"><em>Em 1910, Boylan-Haven se mudou para o Eastside. O campus Eastside estava localizado na 1214 Jessie St.<\/em><\/figcaption><\/figure>\n<\/div>\n<div class=\"wp-block-image\">\n<figure class=\"aligncenter size-large\"><img decoding=\"async\" src=\"https:\/\/photos.moderncities.com\/Cities\/Jacksonville\/History\/Boylan-Haven-School\/i-WWJnKJs\/0\/MWG3dh2zvPg9JDGVd8RCh9wCpnDrfzXrXdfDCLm4c\/L\/Slide1-L.jpg\" alt=\"\"\/><figcaption class=\"wp-element-caption\"><em>Jovens estudantes na sala de aula da Boylan-Haven School. | Galeria Digital da Igreja Metodista Unida<\/em><\/figcaption><\/figure>\n<\/div>\n<div class=\"wp-block-image\">\n<figure class=\"aligncenter size-large\"><img decoding=\"async\" src=\"https:\/\/photos.moderncities.com\/Cities\/Jacksonville\/History\/Boylan-Haven-School\/i-2txdntN\/0\/MQrqdK543x7fJxGzXN8DvCMFjVqL4BXtWMFzSSFww\/L\/Slide2-L.jpg\" alt=\"\"\/><figcaption class=\"wp-element-caption\"><em>Os alunos brincam fora da escola Boylan-Haven, em Eastside. | Galeria Digital da Igreja Metodista Unida<\/em><\/figcaption><\/figure>\n<\/div>\n<div class=\"wp-block-image\">\n<figure class=\"aligncenter size-large\"><img decoding=\"async\" src=\"https:\/\/photos.moderncities.com\/Cities\/Jacksonville\/History\/Boylan-Haven-School\/i-82v9V4J\/0\/KGHKmZf3t6XxNLrpS78BQW36qmjS4z3STPg55jZ27\/L\/Slide3-L.jpg\" alt=\"\"\/><figcaption class=\"wp-element-caption\"><em>Os alunos posam para um retrato de aula no terreno da escola. | Galeria Digital da Igreja Metodista Unida<\/em><\/figcaption><\/figure>\n<\/div>\n<\/div>\n<p><br \/>\n<br \/><a href=\"https:\/\/jaxtoday.org\/2025\/10\/01\/the-jaxson-the-legacy-of-the-boylan-haven-school\/\">Source link <\/a><\/p>","protected":false},"excerpt":{"rendered":"<p>Em abril de 1886, a Igreja Episcopal Metodista estabeleceu a Escola Industrial de Boylan e a casa para garotas negras em Lavilla. Sua miss\u00e3o era clara: fornecer aos afro -americanos&hellip;<\/p>","protected":false},"author":1,"featured_media":0,"comment_status":"","ping_status":"open","sticky":false,"template":"","format":"standard","meta":{"content-type":"","footnotes":""},"categories":[1],"tags":[],"class_list":["post-127079","post","type-post","status-publish","format-standard","hentry","category-uncategorized"],"_links":{"self":[{"href":"https:\/\/tvbrazilusa.com\/pt\/wp-json\/wp\/v2\/posts\/127079","targetHints":{"allow":["GET"]}}],"collection":[{"href":"https:\/\/tvbrazilusa.com\/pt\/wp-json\/wp\/v2\/posts"}],"about":[{"href":"https:\/\/tvbrazilusa.com\/pt\/wp-json\/wp\/v2\/types\/post"}],"author":[{"embeddable":true,"href":"https:\/\/tvbrazilusa.com\/pt\/wp-json\/wp\/v2\/users\/1"}],"replies":[{"embeddable":true,"href":"https:\/\/tvbrazilusa.com\/pt\/wp-json\/wp\/v2\/comments?post=127079"}],"version-history":[{"count":0,"href":"https:\/\/tvbrazilusa.com\/pt\/wp-json\/wp\/v2\/posts\/127079\/revisions"}],"wp:attachment":[{"href":"https:\/\/tvbrazilusa.com\/pt\/wp-json\/wp\/v2\/media?parent=127079"}],"wp:term":[{"taxonomy":"category","embeddable":true,"href":"https:\/\/tvbrazilusa.com\/pt\/wp-json\/wp\/v2\/categories?post=127079"},{"taxonomy":"post_tag","embeddable":true,"href":"https:\/\/tvbrazilusa.com\/pt\/wp-json\/wp\/v2\/tags?post=127079"}],"curies":[{"name":"wp","href":"https:\/\/api.w.org\/{rel}","templated":true}]}}