{"id":127098,"date":"2025-10-01T19:19:09","date_gmt":"2025-10-01T19:19:09","guid":{"rendered":"https:\/\/tvbrazilusa.com\/2025\/10\/01\/o-gerente-da-cidade-de-green-cove-se-aposentara-no-proximo-mes-jacksonville-hoje\/"},"modified":"2025-10-01T19:25:19","modified_gmt":"2025-10-01T19:25:19","slug":"o-gerente-da-cidade-de-green-cove-se-aposentara-no-proximo-mes-jacksonville-hoje","status":"publish","type":"post","link":"https:\/\/tvbrazilusa.com\/pt\/2025\/10\/01\/o-gerente-da-cidade-de-green-cove-se-aposentara-no-proximo-mes-jacksonville-hoje\/","title":{"rendered":"O gerente da cidade de Green Cove se aposentar\u00e1 no pr\u00f3ximo m\u00eas | Jacksonville hoje"},"content":{"rendered":"<p> <script async src=\"https:\/\/pagead2.googlesyndication.com\/pagead\/js\/adsbygoogle.js?client=ca-pub-8864793242727901\"\r\n     crossorigin=\"anonymous\"><\/script><br \/>\n<\/p>\n<div>\n<p data-beyondwords-marker=\"ea20dda1-4af5-49d1-8f69-d63a18e3aba3\">Green Cove Springs City Manager <a href=\"https:\/\/www.greencovesprings.com\/CivicAlerts.aspx?AID=249\" rel=\"nofollow noopener\" target=\"_blank\">Steve Kennedy<\/a> Apiar\u00e1 -se em 14 de novembro, o segundo l\u00edder superior a sair dentro de alguns meses.<\/p>\n<p data-beyondwords-marker=\"74186f5f-b218-4680-ad7d-3783db6f0e9e\">O an\u00fancio de aposentadoria de Kennedy ocorre pouco mais de tr\u00eas meses ap\u00f3s a cidade <a href=\"https:\/\/jaxtoday.org\/2025\/06\/17\/green-cove-mayor-resigns-citing-work-obligations\/\">O prefeito renunciou<\/a> Devido a obriga\u00e7\u00f5es relacionadas ao trabalho, disseram autoridades da cidade.<\/p>\n<p data-beyondwords-marker=\"745717ee-898f-46ad-896c-1eefe8319f67\">Kennedy atua como gerente da cidade desde 2018, concluindo projetos como a constru\u00e7\u00e3o do plano de tratamento de \u00e1guas residuais avan\u00e7adas da Harbor Road e a reconstru\u00e7\u00e3o da Walnut Street.<\/p>\n<p data-beyondwords-marker=\"99a9e34f-9e0a-43cc-8045-9a98bc8fcf34\">Em um comunicado \u00e0 imprensa, Kennedy disse que servir a comunidade tem sido uma honra.<\/p>\n<p data-beyondwords-marker=\"027d026b-813c-432d-bef5-7228b9e1c18e\">&#8220;Juntos, enfrentamos desafios, comemoramos sucessos e alcan\u00e7amos o progresso do qual sempre terei orgulho&#8221;, disse ele. &#8220;Enquanto olho para o pr\u00f3ximo cap\u00edtulo, que inclui mais tempo com minha fam\u00edlia e muitas rodadas de golfe, estou animado para abra\u00e7ar a &#8216;Life de Cove&#8217; como residente e estou ansioso para ver nossa cidade continuar crescendo e prosperar.&#8221;<\/p>\n<p data-beyondwords-marker=\"53651763-0b7b-4079-b938-cf96ef752a65\">O prefeito Matt Johnson chamou Kennedy de l\u00edder excepcional.<\/p>\n<p data-beyondwords-marker=\"d19d9b29-479b-4f2a-b736-2d95c7b43641\">&#8220;Atrav\u00e9s de sua dedica\u00e7\u00e3o, a cidade se tornou um lugar vibrante e acolhedor, onde as pessoas querem viver, trabalhar e brincar&#8221;, disse Johnson no comunicado.<\/p>\n<p data-beyondwords-marker=\"16a109df-d3c8-43a8-80cc-a1b8e7d2d413\">Como diretor administrativo de Green Cove Springs, o gerente da cidade \u00e9 respons\u00e1vel pela administra\u00e7\u00e3o de todos os assuntos e departamentos municipais. <\/p>\n<p data-beyondwords-marker=\"7b54b7f1-80a1-45b8-9398-4b2a60530899\">Kennedy se formou na Valdosta State University, na Ge\u00f3rgia. Ele tem 38 anos de servi\u00e7o municipal, incluindo 13 anos como gerente da cidade de Kennesaw, Ge\u00f3rgia, e mais tr\u00eas na mesma posi\u00e7\u00e3o em Americus, na Ge\u00f3rgia. <\/p>\n<h3 data-beyondwords-marker=\"b01e1e7c-d106-421e-98b2-6c211d948012\" class=\"wp-block-heading\">Antes do gerente da cidade<\/h3>\n<p data-beyondwords-marker=\"c5312827-288e-47c5-9702-bf55efaf0554\">Johnson foi escolhido em meados de junho para substituir o ex-prefeito e membro do Conselho da Cidade Thomas Smith.<\/p>\n<p data-beyondwords-marker=\"3c9dc5e5-7576-4775-a9e0-fb24c88081f1\">Smith renunciou de repente, dizendo que suas obriga\u00e7\u00f5es de trabalho impossibilitavam que ele continuasse em cargos p\u00fablicos.<\/p>\n<p data-beyondwords-marker=\"89fc6aa8-c7ff-4bd6-b10d-9964704d99bc\">Uma elei\u00e7\u00e3o especial para preencher o assento do Conselho Vaca de Smith foi agendada, mas Cheri Starnes foi o \u00fanico candidato a entrar e foi jurado em um m\u00eas atr\u00e1s para substituir Smith no Conselho da Cidade.<\/p>\n<p data-beyondwords-marker=\"739cccae-7f39-429a-91b2-a8f6373bc68d\">As autoridades da cidade dizem que compartilhar\u00e3o atualiza\u00e7\u00f5es sobre a contrata\u00e7\u00e3o de substitui\u00e7\u00e3o de Kennedy assim que as decis\u00f5es forem conclu\u00eddas. <\/p>\n<\/div>\n<p><br \/>\n<br \/><a href=\"https:\/\/jaxtoday.org\/2025\/10\/01\/green-cove-city-manager-will-retire-next-month\/\">Source link <\/a><\/p>","protected":false},"excerpt":{"rendered":"<p>Green Cove Springs City Manager Steve Kennedy Apiar\u00e1 -se em 14 de novembro, o segundo l\u00edder superior a sair dentro de alguns meses. O an\u00fancio de aposentadoria de Kennedy ocorre&hellip;<\/p>","protected":false},"author":1,"featured_media":127099,"comment_status":"closed","ping_status":"open","sticky":false,"template":"","format":"standard","meta":{"content-type":"","footnotes":""},"categories":[1],"tags":[],"class_list":["post-127098","post","type-post","status-publish","format-standard","has-post-thumbnail","hentry","category-uncategorized"],"_links":{"self":[{"href":"https:\/\/tvbrazilusa.com\/pt\/wp-json\/wp\/v2\/posts\/127098","targetHints":{"allow":["GET"]}}],"collection":[{"href":"https:\/\/tvbrazilusa.com\/pt\/wp-json\/wp\/v2\/posts"}],"about":[{"href":"https:\/\/tvbrazilusa.com\/pt\/wp-json\/wp\/v2\/types\/post"}],"author":[{"embeddable":true,"href":"https:\/\/tvbrazilusa.com\/pt\/wp-json\/wp\/v2\/users\/1"}],"replies":[{"embeddable":true,"href":"https:\/\/tvbrazilusa.com\/pt\/wp-json\/wp\/v2\/comments?post=127098"}],"version-history":[{"count":1,"href":"https:\/\/tvbrazilusa.com\/pt\/wp-json\/wp\/v2\/posts\/127098\/revisions"}],"predecessor-version":[{"id":127100,"href":"https:\/\/tvbrazilusa.com\/pt\/wp-json\/wp\/v2\/posts\/127098\/revisions\/127100"}],"wp:featuredmedia":[{"embeddable":true,"href":"https:\/\/tvbrazilusa.com\/pt\/wp-json\/wp\/v2\/media\/127099"}],"wp:attachment":[{"href":"https:\/\/tvbrazilusa.com\/pt\/wp-json\/wp\/v2\/media?parent=127098"}],"wp:term":[{"taxonomy":"category","embeddable":true,"href":"https:\/\/tvbrazilusa.com\/pt\/wp-json\/wp\/v2\/categories?post=127098"},{"taxonomy":"post_tag","embeddable":true,"href":"https:\/\/tvbrazilusa.com\/pt\/wp-json\/wp\/v2\/tags?post=127098"}],"curies":[{"name":"wp","href":"https:\/\/api.w.org\/{rel}","templated":true}]}}