{"id":12723,"date":"2024-07-30T22:37:24","date_gmt":"2024-07-30T22:37:24","guid":{"rendered":"https:\/\/tvbrazilusa.com\/2024\/07\/30\/lula-minimiza-a-situacao-na-venezuela-que-garantiu-a-vitoria-do-ditador-maduro-paulo-figueiredo\/"},"modified":"2024-07-30T23:19:58","modified_gmt":"2024-07-30T23:19:58","slug":"lula-minimiza-a-situacao-na-venezuela-que-garantiu-a-vitoria-do-ditador-maduro-paulo-figueiredo","status":"publish","type":"post","link":"https:\/\/tvbrazilusa.com\/pt\/2024\/07\/30\/lula-minimiza-a-situacao-na-venezuela-que-garantiu-a-vitoria-do-ditador-maduro-paulo-figueiredo\/","title":{"rendered":"Lula minimiza a situa\u00e7\u00e3o na Venezuela que garantiu a &#8220;vit\u00f3ria&#8221; do ditador Maduro &#8211; Paulo Figueiredo"},"content":{"rendered":"<p> <script async src=\"https:\/\/pagead2.googlesyndication.com\/pagead\/js\/adsbygoogle.js?client=ca-pub-8864793242727901\"\r\n     crossorigin=\"anonymous\"><\/script><br \/>\n<\/p>\n<div id=\"wtr-content\" data-bg=\"#FFFFFF\" data-fg=\"#006d91\" data-width=\"25\" data-mute=\"1\" data-fgopacity=\"1.00\" data-mutedopacity=\"0.5\" data-placement=\"bottom\" data-placement-offset=\"0\" data-content-offset=\"262\" data-placement-touch=\"bottom\" data-placement-offset-touch=\"0\" data-transparent=\"\" data-shadow=\"0\" data-touch=\"1\" data-non-touch=\"1\" data-comments=\"0\" data-commentsbg=\"transparent\" data-location=\"page\" data-mutedfg=\"#006d91\" data-endfg=\"#006d91\" data-rtl=\"\">\n<pre class=\"wp-block-preformatted has-small-font-size\">Foto: EFE\/Andr\u00e9 Borges<\/pre>\n<h3 class=\"wp-block-heading\">Lula cobrou a apresenta\u00e7\u00e3o das atas eleitorais, mas minimizou a ocorr\u00eancia em torno da \u201cvit\u00f3ria\u201d do ditador Nicol\u00e1s Maduro na Venezuela<\/h3>\n<p>O presidente Luiz In\u00e1cio Lula da Silva (PT) disse estar \u201cconvencido\u201d de que o processo eleitoral na Venezuela foi \u201cnormal\u201d e \u201ctranquilo\u201d. Ele comentou nesta ter\u00e7a-feira (30) pela primeira vez sobre o pleito no pa\u00eds vizinho.<\/p>\n<p>O petista defendeu a apresenta\u00e7\u00e3o das atas eleitorais para \u201cresolver a briga\u201d<\/p>\n<p>\u201c\u00c9 normal que tenha uma briga. Como se resolve essa briga? Apresenta a ata. Se a ata tiver d\u00favida entre a oposi\u00e7\u00e3o e a situa\u00e7\u00e3o, a oposi\u00e7\u00e3o entra com um recurso e vai esperar na Justi\u00e7a o processo. E vai ter uma decis\u00e3o, que a gente tem que acatar\u201d, disse o presidente em entrevista \u00e0\u00a0<em>TV Centro Am\u00e9rica<\/em>, afiliada da\u00a0<em>TV Globo<\/em>\u00a0no Mato Grosso.<\/p>\n<p>O Conselho Nacional Eleitoral (CNE) declarou a vit\u00f3ria de Maduro ap\u00f3s as elei\u00e7\u00f5es de domingo (28), sem divulgar as atas de vota\u00e7\u00e3o para referendar ou n\u00e3o o resultado do pleito. O \u00f3rg\u00e3o eleitoral \u00e9 controlado pelo regime chavista.<\/p>\n<p>Segundo o CNE, Maduro teve 51% contra 44% de Ernesto Gonz\u00e1lez, principal candidato da oposi\u00e7\u00e3o. Na tarde desta segunda (29), a l\u00edder oposicionista Mar\u00eda Corina Machado acusou o regime de fraude e\u00a0reivindicou a vit\u00f3ria de Gonz\u00e1lez. De acordo com Machado, o bloco Plataforma Unit\u00e1ria Democr\u00e1tica (PUD) obteve 73% das atas.<\/p>\n<p>O governo Lula ainda n\u00e3o reconheceu ou contestou a \u201cvit\u00f3ria\u201d do ditador e espera a divulga\u00e7\u00e3o das atas eleitorais para se manifestar oficialmente. \u201cEu estou convencido que \u00e9 um processo normal, tranquilo. O que precisa \u00e9 que as pessoas que n\u00e3o concordam tenham o direito de se expressar e de provar que n\u00e3o concordam e o governo tem o direito de provar que est\u00e1 certo\u201d, disse o mandat\u00e1rio.<\/p>\n<h3 class=\"wp-block-heading\">\u201cNada de anormal\u201d<\/h3>\n<p>Na noite desta segunda (29), o PT divulgou uma nota sobre o pleito em que trata Maduro como \u201cpresidente reeleito\u201d. O partido de Lula classificou o processo eleitoral no pa\u00eds vizinho como uma \u201cjornada pac\u00edfica, democr\u00e1tica e soberana\u201d.<\/p>\n<p>Questionado sobre o comunicado do PT, o presidente disse que a sigla apenas elogia o povo venezuelano pelas elei\u00e7\u00f5es pac\u00edficas e reconhece que o \u00f3rg\u00e3o eleitoral declarou a \u201cvit\u00f3ria\u201d de Maduro.<\/p>\n<p>\u201cO Tribunal Eleitoral j\u00e1 reconheceu o Maduro como vitorioso, mas a oposi\u00e7\u00e3o ainda n\u00e3o. Ent\u00e3o, tem um processo. Eu vejo a imprensa brasileira tratando como se fosse a Terceira Guerra Mundial, mas n\u00e3o tem nada de anormal. Tem uma elei\u00e7\u00e3o, tem uma pessoa que disse que teve 51%, teve outra pessoa que disse que teve 41%, entra na Justi\u00e7a e a Justi\u00e7a faz\u201d, acrescentou Lula.<\/p>\n<h3 class=\"wp-block-heading\">Lula critica \u201cinger\u00eancia externa\u201d e bloqueios contra Venezuela<\/h3>\n<p>O presidente brasileiro afirmou que quando as atas forem divulgadas e referendadas temos a \u201cobriga\u00e7\u00e3o\u201d de reconhecer o resultado eleitoral. Ele afirmou ainda que a nota conjunta avaliada por Brasil, M\u00e9xico e Col\u00f4mbia para cobrar a publica\u00e7\u00e3o de atas \u201cn\u00e3o \u00e9 necess\u00e1ria\u201d.<\/p>\n<p>\u201cNa hora que forem apresentadas as atas e for consagrado que as atas s\u00e3o verdadeiras, todos n\u00f3s temos a obriga\u00e7\u00e3o de reconhecer o resultado eleitoral na Venezuela\u2026 O presidente Maduro sabe perfeitamente bem que quanto mais transpar\u00eancia houver, mais chance de tranquilidade para governar a Venezuela ele ter\u00e1\u201d, disse.<\/p>\n<p>O petista criticou ainda a \u201cinger\u00eancia externa\u201d e os bloqueios impostos \u00e0 Venezuela. \u201c\u00c9 preciso acabar com a inger\u00eancia externa de outros pa\u00edses. A Venezuela tem o direito de construir o seu modelo de crescimento e desenvolvimento sem que haja bloqueio\u201d, afirmou.<\/p>\n<p>\u201cUm bloqueio que mata Cuba h\u00e1 70 anos, que penaliza o Ir\u00e3, que penaliza a Venezuela, precisa parar com isso. cada um constr\u00f3i o seu processo democr\u00e1tico. Cada um tem seu processo eleitoral\u201d, acrescentou Lula.<\/p>\n<h3 class=\"wp-block-heading\">Seis pessoas morreram em protestos contra Maduro ap\u00f3s as elei\u00e7\u00f5es<\/h3>\n<p>Milhares de venezuelanos se reuniram nesta ter\u00e7a (30) em Caracas em um ato convocado pela oposi\u00e7\u00e3o para rejeitar, pelo\u00a0segundo dia consecutivo, o que consideram uma fraude nos resultados divulgados pelo CNE, que n\u00e3o mostrou as atas de totaliza\u00e7\u00e3o.<\/p>\n<p>Segundo organiza\u00e7\u00f5es n\u00e3o governamentais, seis pessoas morreram e 84 ficaram feridas durante os protestos. O Minist\u00e9rio P\u00fablico local contabilizou 749 pris\u00f5es e 48 policiais e militares feridos, um deles morto \u201cpor tiros disparados pelos manifestantes\u201d.<\/p>\n<p>A novas manifesta\u00e7\u00f5es ocorrem ap\u00f3s numerosos protestos realizados na segunda em v\u00e1rias regi\u00f5es do pa\u00eds em rejei\u00e7\u00e3o ao resultado eleitoral anunciado pelo CNE. A escalada da tens\u00e3o levou o Minist\u00e9rio das Rela\u00e7\u00f5es Exteriores a\u00a0emitir um alerta de seguran\u00e7a aos brasileiros\u00a0que est\u00e3o na Venezuela.<\/p>\n<p><strong><a href=\"https:\/\/www.gazetadopovo.com.br\/republica\/lula-minimiza-suspeitas-sobre-vitoria-de-maduro-na-venezuela\/\">Source link<\/a><\/strong><\/p>\n<\/div>\n<p><br \/>\n<br \/><a href=\"https:\/\/paulofigueiredoshow.com\/lula-minimiza-a-situacao-na-venezuela-que-garantiu-a-vitoria-do-ditador-maduro\/\">Source link <\/a><\/p>","protected":false},"excerpt":{"rendered":"<p>Foto: EFE\/Andr\u00e9 Borges Lula cobrou a apresenta\u00e7\u00e3o das atas eleitorais, mas minimizou a ocorr\u00eancia em torno da \u201cvit\u00f3ria\u201d do ditador Nicol\u00e1s Maduro na Venezuela O presidente Luiz In\u00e1cio Lula da&hellip;<\/p>","protected":false},"author":1,"featured_media":12724,"comment_status":"closed","ping_status":"open","sticky":false,"template":"","format":"standard","meta":{"content-type":"","footnotes":""},"categories":[16],"tags":[123,3978,4755,766,1408,678,336,89,1590,4756,2313,1378,1101,1584],"class_list":["post-12723","post","type-post","status-publish","format-standard","has-post-thumbnail","hentry","category-noticias","tag-brasil","tag-cne","tag-consteta","tag-ditadura","tag-eleicoes","tag-fraude","tag-governo","tag-lula","tag-maduro","tag-minimiza","tag-oposicao","tag-pt","tag-venezuela","tag-votacao"],"_links":{"self":[{"href":"https:\/\/tvbrazilusa.com\/pt\/wp-json\/wp\/v2\/posts\/12723","targetHints":{"allow":["GET"]}}],"collection":[{"href":"https:\/\/tvbrazilusa.com\/pt\/wp-json\/wp\/v2\/posts"}],"about":[{"href":"https:\/\/tvbrazilusa.com\/pt\/wp-json\/wp\/v2\/types\/post"}],"author":[{"embeddable":true,"href":"https:\/\/tvbrazilusa.com\/pt\/wp-json\/wp\/v2\/users\/1"}],"replies":[{"embeddable":true,"href":"https:\/\/tvbrazilusa.com\/pt\/wp-json\/wp\/v2\/comments?post=12723"}],"version-history":[{"count":1,"href":"https:\/\/tvbrazilusa.com\/pt\/wp-json\/wp\/v2\/posts\/12723\/revisions"}],"predecessor-version":[{"id":12725,"href":"https:\/\/tvbrazilusa.com\/pt\/wp-json\/wp\/v2\/posts\/12723\/revisions\/12725"}],"wp:featuredmedia":[{"embeddable":true,"href":"https:\/\/tvbrazilusa.com\/pt\/wp-json\/wp\/v2\/media\/12724"}],"wp:attachment":[{"href":"https:\/\/tvbrazilusa.com\/pt\/wp-json\/wp\/v2\/media?parent=12723"}],"wp:term":[{"taxonomy":"category","embeddable":true,"href":"https:\/\/tvbrazilusa.com\/pt\/wp-json\/wp\/v2\/categories?post=12723"},{"taxonomy":"post_tag","embeddable":true,"href":"https:\/\/tvbrazilusa.com\/pt\/wp-json\/wp\/v2\/tags?post=12723"}],"curies":[{"name":"wp","href":"https:\/\/api.w.org\/{rel}","templated":true}]}}