{"id":127247,"date":"2025-10-03T14:48:31","date_gmt":"2025-10-03T14:48:31","guid":{"rendered":"https:\/\/tvbrazilusa.com\/2025\/10\/03\/bretts-em-fernandina-beach-fecha-apos-41-anos-jacksonville-hoje\/"},"modified":"2025-10-03T14:58:30","modified_gmt":"2025-10-03T14:58:30","slug":"bretts-em-fernandina-beach-fecha-apos-41-anos-jacksonville-hoje","status":"publish","type":"post","link":"https:\/\/tvbrazilusa.com\/pt\/2025\/10\/03\/bretts-em-fernandina-beach-fecha-apos-41-anos-jacksonville-hoje\/","title":{"rendered":"Brett&#8217;s em Fernandina Beach fecha ap\u00f3s 41 anos | Jacksonville hoje"},"content":{"rendered":"<p> <script async src=\"https:\/\/pagead2.googlesyndication.com\/pagead\/js\/adsbygoogle.js?client=ca-pub-8864793242727901\"\r\n     crossorigin=\"anonymous\"><\/script><br \/>\n<\/p>\n<div>\n<p>O Brett&#8217;s Wayway Caf\u00e9 tem sido um acess\u00f3rio amado na comunidade de Fernandina Beach h\u00e1 mais de quatro d\u00e9cadas, conhecida por suas vistas panor\u00e2micas e eventos especiais.<\/p>\n<p>Ap\u00f3s 41 anos, os propriet\u00e1rios tomaram a dif\u00edcil decis\u00e3o de <a href=\"https:\/\/www.news4jax.com\/news\/local\/2025\/10\/02\/we-are-deeply-grateful-to-our-guests-and-community-bretts-waterway-cafe-closing-after-41-years\/\" rel=\"nofollow noopener\" target=\"_blank\">Feche o restaurante<\/a>. Um comunicado publicado no Facebook na quinta -feira disse:<\/p>\n<p><em>\u201cNosso \u00faltimo dia de servi\u00e7o ser\u00e1 s\u00e1bado, 4 de outubro de 2025.<\/em><\/p>\n<p><em>\u201cEsses \u00faltimos meses trouxeram desafios e, embora esper\u00e1vamos continuar at\u00e9 outubro, chegou a hora de se despedir.<\/em><\/p>\n<p><em>&#8220;Por mais de 41 anos, o Brett&#8217;s \u00e9 mais do que um restaurante &#8211; tem sido um lugar para familiares, amigos e mem\u00f3rias. Somos profundamente gratos aos nossos convidados e comunidade por sua lealdade e apoio. Nada disso seria poss\u00edvel sem voc\u00ea, e voc\u00ea sempre far\u00e1 parte da fam\u00edlia de Brett&#8221;.<\/em><\/p>\n<p>Muitos habitantes locais t\u00eam boas lembran\u00e7as de celebrar marcos e desfrutar da vibrante atmosfera de Brett.<\/p>\n<p>&#8220;As pessoas t\u00eam sua mesa favorita. Eles v\u00eam aqui para a v\u00e9spera de Ano Novo e a queda de camar\u00e3o de quatro de julho&#8221;, disse a gerente da cidade, Sarah Campbell, em junho.<\/p>\n<h3 class=\"wp-block-heading\">Problemas com a funda\u00e7\u00e3o de Brett<\/h3>\n<p>Um estudo de 2021 revelou defici\u00eancias significativas na funda\u00e7\u00e3o do edif\u00edcio. A cidade determinou que a estrutura n\u00e3o \u00e9 segura e deve ser demolida.<\/p>\n<p>O \u00faltimo dia de opera\u00e7\u00e3o do caf\u00e9 foi originalmente definido para 31 de dezembro de 2025.<\/p>\n<p><strong>Leia mais:<\/strong> <a href=\"https:\/\/jaxtoday.org\/2025\/09\/19\/fernandina-beach-parking-vote\/\">Os moradores de Fernandina votar\u00e3o no estacionamento pago no centro<\/a><\/p>\n<p>V\u00e1rias propostas foram apresentadas aos comiss\u00e1rios da cidade para o futuro do site. As op\u00e7\u00f5es variam de uma doca flutuante que custa US $ 365.000 a um restaurante mais elaborado com um p\u00eder e um pavilh\u00e3o, estimado entre US $ 2,5 milh\u00f5es e US $ 3 milh\u00f5es.<\/p>\n<p>Outras propostas incluem uma extens\u00e3o e pavilh\u00e3o de cais por quase US $ 2 milh\u00f5es ou um restaurante com uma extens\u00e3o de doca ao pre\u00e7o de US $ 1,5 milh\u00e3o.<\/p>\n<p>A cidade est\u00e1 comprometida em explorar todas as possibilidades para garantir que o novo desenvolvimento atenda \u00e0s necessidades da comunidade, disse Campbell.<\/p>\n<p><em>Esta hist\u00f3ria foi produzida por <a href=\"https:\/\/www.news4jax.com\/\" rel=\"nofollow noopener\" target=\"_blank\">News4Jax<\/a>a <\/em>Jacksonville hoje<em> Parceiro de not\u00edcias.<\/em><\/p>\n<\/div>\n<p><br \/>\n<br \/><a href=\"https:\/\/jaxtoday.org\/2025\/10\/03\/bretts-fernandina-closes\/\">Source link <\/a><\/p>","protected":false},"excerpt":{"rendered":"<p>O Brett&#8217;s Wayway Caf\u00e9 tem sido um acess\u00f3rio amado na comunidade de Fernandina Beach h\u00e1 mais de quatro d\u00e9cadas, conhecida por suas vistas panor\u00e2micas e eventos especiais. Ap\u00f3s 41 anos,&hellip;<\/p>","protected":false},"author":1,"featured_media":127248,"comment_status":"closed","ping_status":"open","sticky":false,"template":"","format":"standard","meta":{"content-type":"","footnotes":""},"categories":[1],"tags":[],"class_list":["post-127247","post","type-post","status-publish","format-standard","has-post-thumbnail","hentry","category-uncategorized"],"_links":{"self":[{"href":"https:\/\/tvbrazilusa.com\/pt\/wp-json\/wp\/v2\/posts\/127247","targetHints":{"allow":["GET"]}}],"collection":[{"href":"https:\/\/tvbrazilusa.com\/pt\/wp-json\/wp\/v2\/posts"}],"about":[{"href":"https:\/\/tvbrazilusa.com\/pt\/wp-json\/wp\/v2\/types\/post"}],"author":[{"embeddable":true,"href":"https:\/\/tvbrazilusa.com\/pt\/wp-json\/wp\/v2\/users\/1"}],"replies":[{"embeddable":true,"href":"https:\/\/tvbrazilusa.com\/pt\/wp-json\/wp\/v2\/comments?post=127247"}],"version-history":[{"count":1,"href":"https:\/\/tvbrazilusa.com\/pt\/wp-json\/wp\/v2\/posts\/127247\/revisions"}],"predecessor-version":[{"id":127249,"href":"https:\/\/tvbrazilusa.com\/pt\/wp-json\/wp\/v2\/posts\/127247\/revisions\/127249"}],"wp:featuredmedia":[{"embeddable":true,"href":"https:\/\/tvbrazilusa.com\/pt\/wp-json\/wp\/v2\/media\/127248"}],"wp:attachment":[{"href":"https:\/\/tvbrazilusa.com\/pt\/wp-json\/wp\/v2\/media?parent=127247"}],"wp:term":[{"taxonomy":"category","embeddable":true,"href":"https:\/\/tvbrazilusa.com\/pt\/wp-json\/wp\/v2\/categories?post=127247"},{"taxonomy":"post_tag","embeddable":true,"href":"https:\/\/tvbrazilusa.com\/pt\/wp-json\/wp\/v2\/tags?post=127247"}],"curies":[{"name":"wp","href":"https:\/\/api.w.org\/{rel}","templated":true}]}}