{"id":12737,"date":"2024-07-30T23:30:00","date_gmt":"2024-07-30T23:30:00","guid":{"rendered":"https:\/\/tvbrazilusa.com\/2024\/07\/30\/festival-de-carros-e-motos-interlagos-apresenta-mclaren-p1-dois-superesportivos-raros\/"},"modified":"2024-07-30T23:38:33","modified_gmt":"2024-07-30T23:38:33","slug":"festival-de-carros-e-motos-interlagos-apresenta-mclaren-p1-dois-superesportivos-raros","status":"publish","type":"post","link":"https:\/\/tvbrazilusa.com\/pt\/2024\/07\/30\/festival-de-carros-e-motos-interlagos-apresenta-mclaren-p1-dois-superesportivos-raros\/","title":{"rendered":"Festival de Carros e Motos Interlagos apresenta McLaren P1, dois superesportivos raros"},"content":{"rendered":"<p> <script async src=\"https:\/\/pagead2.googlesyndication.com\/pagead\/js\/adsbygoogle.js?client=ca-pub-8864793242727901\"\r\n     crossorigin=\"anonymous\"><\/script><br \/>\n<\/p>\n<div>\n<p>No pr\u00f3ximo m\u00eas de agosto, o Aut\u00f3dromo de Interlagos em S\u00e3o Paulo ser\u00e1 o palco de um dos eventos automotivos mais aguardados do ano: o Festival Interlagos. Entusiastas e curiosos poder\u00e3o conferir de perto a exposi\u00e7\u00e3o de dois superesportivos rar\u00edssimos: a Ferrari LaFerrari e o McLaren P1. Ambos os modelos s\u00e3o \u00fanicos no Brasil e prometem encantar os olhares de todos os visitantes.<\/p>\n<p>Apresentada ao mundo em 2013, a Ferrari LaFerrari \u00e9 um dos modelos mais exclusivos da casa de Maranello. Com apenas 499 unidades produzidas, este supercarro destaca-se n\u00e3o apenas pela sua est\u00e9tica, mas tamb\u00e9m pela impressionante performance. Equipado com um motor 6.3 V12 e um motor el\u00e9trico, a LaFerrari entrega uma pot\u00eancia combinada de 963 cv e 91,8 mkgf de torque. Sua acelera\u00e7\u00e3o \u00e9 de tirar o f\u00f4lego: de 0 a 100 km\/h em apenas 3 segundos e uma velocidade m\u00e1xima de 350 km\/h.<\/p>\n<p>Lan\u00e7ado em 2012, o McLaren P1 \u00e9 outro superesportivo que far\u00e1 parte da exposi\u00e7\u00e3o. Com somente 175 unidades produzidas, este carro \u00e9 uma verdadeira joia rara. O P1 conta com um motor 3.8 V8, tamb\u00e9m auxiliado por um motor el\u00e9trico, resultando em 916 cv e 91,8 mkgf de torque. Suas especifica\u00e7\u00f5es n\u00e3o ficam atr\u00e1s da LaFerrari, atingindo 350 km\/h de velocidade m\u00e1xima e alcan\u00e7ando 100 km\/h em impressionantes 2,8 segundos.<\/p>\n<h2>Quais s\u00e3o os detalhes e pre\u00e7os do Festival Interlagos?<\/h2>\n<p>O evento acontecer\u00e1 entre os dias 8 e 11 de agosto no famoso Aut\u00f3dromo de Interlagos. Durante esses quatro dias, o p\u00fablico ter\u00e1 a chance de ver de perto uma extensa gama de ve\u00edculos. No total, 19 montadoras j\u00e1 confirmaram presen\u00e7a, incluindo nomes como Abarth, BYD, Chevrolet, Fiat, Ford, GWM, entre outras.<\/p>\n<p>A organiza\u00e7\u00e3o espera um p\u00fablico estimado de 150 mil pessoas para esta edi\u00e7\u00e3o. Para atender a todos, foram criadas diversas op\u00e7\u00f5es de ingressos. O ingresso mais acess\u00edvel \u00e9 o <strong>Street Pass<\/strong>, custando R$ 98, que d\u00e1 acesso a todas as atra\u00e7\u00f5es do evento, incluindo um show de Filipe Ret na sexta-feira (10). J\u00e1 o <strong>Show Pass<\/strong>, por R$ 250, \u00e9 v\u00e1lido para o s\u00e1bado (11) e oferece uma experi\u00eancia \u00fanica com show da dupla Fernando e Sorocaba, al\u00e9m do Churrasco On Fire.<\/p>\n<h2>Quais s\u00e3o as op\u00e7\u00f5es de ingressos para dirigir no circuito?<\/h2>\n<ul>\n<li><strong>Drive Pass:<\/strong> Por R$ 495, permite ao visitante selecionar tr\u00eas carros para dirigir no circuito.<\/li>\n<li><strong>Range Rover Pass:<\/strong> Custa R$ 1.295 e oferece a experi\u00eancia de dirigir tr\u00eas modelos diferentes da marca Range Rover.<\/li>\n<li><strong>Sport Vip Pass:<\/strong> Ao custo de R$ 2.960, o visitante pode dar duas voltas no tra\u00e7ado com carros como a Ferrari Portofino, Lamborghini Gallardo e Nissan GTR.<\/li>\n<\/ul>\n<p>Vale ressaltar que o evento trar\u00e1 uma experi\u00eancia hol\u00edstica para os amantes do automobilismo, com atra\u00e7\u00f5es que v\u00e3o al\u00e9m dos superesportivos. Shows, atividades interativas e uma ampla \u00e1rea de alimenta\u00e7\u00e3o completar\u00e3o a experi\u00eancia.<\/p>\n<p>Para os aficionados por carros, a oportunidade de ver de perto \u00edcones como a Ferrari LaFerrari e o McLaren P1 \u00e9 imperd\u00edvel. Esses dois superesportivos s\u00e3o verdadeiros monumentos da engenharia e do design automotivo, e a chance de contempl\u00e1-los no Brasil \u00e9 rara e especial. Portanto, prepare-se para um evento memor\u00e1vel e fa\u00e7a j\u00e1 sua inscri\u00e7\u00e3o!<\/p>\n<\/p><\/div>\n<p><br \/>\n<br \/><a href=\"https:\/\/terrabrasilnoticias.com\/2024\/07\/festival-de-carros-e-motos-interlagos-apresentamclaren-p1-dois-superesportivos-raros\/\">Source link <\/a><\/p>","protected":false},"excerpt":{"rendered":"<p>No pr\u00f3ximo m\u00eas de agosto, o Aut\u00f3dromo de Interlagos em S\u00e3o Paulo ser\u00e1 o palco de um dos eventos automotivos mais aguardados do ano: o Festival Interlagos. Entusiastas e curiosos&hellip;<\/p>","protected":false},"author":1,"featured_media":12738,"comment_status":"closed","ping_status":"open","sticky":false,"template":"","format":"standard","meta":{"content-type":"","footnotes":""},"categories":[16],"tags":[123,1751],"class_list":["post-12737","post","type-post","status-publish","format-standard","has-post-thumbnail","hentry","category-noticias","tag-brasil","tag-carros"],"_links":{"self":[{"href":"https:\/\/tvbrazilusa.com\/pt\/wp-json\/wp\/v2\/posts\/12737","targetHints":{"allow":["GET"]}}],"collection":[{"href":"https:\/\/tvbrazilusa.com\/pt\/wp-json\/wp\/v2\/posts"}],"about":[{"href":"https:\/\/tvbrazilusa.com\/pt\/wp-json\/wp\/v2\/types\/post"}],"author":[{"embeddable":true,"href":"https:\/\/tvbrazilusa.com\/pt\/wp-json\/wp\/v2\/users\/1"}],"replies":[{"embeddable":true,"href":"https:\/\/tvbrazilusa.com\/pt\/wp-json\/wp\/v2\/comments?post=12737"}],"version-history":[{"count":1,"href":"https:\/\/tvbrazilusa.com\/pt\/wp-json\/wp\/v2\/posts\/12737\/revisions"}],"predecessor-version":[{"id":12739,"href":"https:\/\/tvbrazilusa.com\/pt\/wp-json\/wp\/v2\/posts\/12737\/revisions\/12739"}],"wp:featuredmedia":[{"embeddable":true,"href":"https:\/\/tvbrazilusa.com\/pt\/wp-json\/wp\/v2\/media\/12738"}],"wp:attachment":[{"href":"https:\/\/tvbrazilusa.com\/pt\/wp-json\/wp\/v2\/media?parent=12737"}],"wp:term":[{"taxonomy":"category","embeddable":true,"href":"https:\/\/tvbrazilusa.com\/pt\/wp-json\/wp\/v2\/categories?post=12737"},{"taxonomy":"post_tag","embeddable":true,"href":"https:\/\/tvbrazilusa.com\/pt\/wp-json\/wp\/v2\/tags?post=12737"}],"curies":[{"name":"wp","href":"https:\/\/api.w.org\/{rel}","templated":true}]}}