{"id":12750,"date":"2024-07-30T23:24:27","date_gmt":"2024-07-30T23:24:27","guid":{"rendered":"https:\/\/tvbrazilusa.com\/2024\/07\/30\/bolsonaro-comemora-condenacao-do-hacker-walter-delgatti-neto-menos-uma-narrativa\/"},"modified":"2024-07-30T23:58:53","modified_gmt":"2024-07-30T23:58:53","slug":"bolsonaro-comemora-condenacao-do-hacker-walter-delgatti-neto-menos-uma-narrativa","status":"publish","type":"post","link":"https:\/\/tvbrazilusa.com\/pt\/2024\/07\/30\/bolsonaro-comemora-condenacao-do-hacker-walter-delgatti-neto-menos-uma-narrativa\/","title":{"rendered":"Bolsonaro comemora condena\u00e7\u00e3o do hacker Walter Delgatti Neto: \u2018Menos uma narrativa\u2019"},"content":{"rendered":"<p> <script async src=\"https:\/\/pagead2.googlesyndication.com\/pagead\/js\/adsbygoogle.js?client=ca-pub-8864793242727901\"\r\n     crossorigin=\"anonymous\"><\/script><br \/>\n<\/p>\n<div>\n<p><em>Foto: Marcelo Camargo\/Ag\u00eancia Brasil<\/em><\/p>\n<p>O ex-presidente Jair Bolsonaro (PL) celebrou a condena\u00e7\u00e3o do hacker Walter Delgatti Neto a dez meses de pris\u00e3o por cal\u00fania contra o ex-chefe do Executivo. A senten\u00e7a foi proferida nesta ter\u00e7a-feira, 30 de julho de 2024, e gerou grande repercuss\u00e3o nas redes sociais.<\/p>\n<p>Bolsonaro, utilizando seu perfil no Twitter\/X, enfatizou que as acusa\u00e7\u00f5es de Walter Delgatti sobre supostos \u201cgrampos\u201d no ministro Alexandre de Moraes, do Supremo Tribunal Federal (STF), eram repletas de <strong>desinforma\u00e7\u00f5es propositais<\/strong>. \u201cMenos uma narrativa,\u201d publicou Bolsonaro, tentando descredibilizar as afirma\u00e7\u00f5es do hacker.<\/p>\n<h2 class=\"wp-block-heading\">Hacker Walter Delgatti Neto e as Acusa\u00e7\u00f5es de Grampear Alexandre de Moraes<\/h2>\n<p>As acusa\u00e7\u00f5es do hacker, vistas por muitos como infundadas e sensacionalistas, apontavam que Bolsonaro teria grampeado o ministro Alexandre de Moraes. A decis\u00e3o de condena\u00e7\u00e3o foi tomada pelo juiz Omar Dantas Lima, do 3\u00ba Juizado Especial Criminal de Bras\u00edlia, que concluiu que Delgatti agiu com dolo ao fazer tais declara\u00e7\u00f5es.<\/p>\n<p>Delgatti fez as acusa\u00e7\u00f5es publicamente em um contexto de grande visibilidade, durante seu depoimento na Comiss\u00e3o Parlamentar de Inqu\u00e9rito (CPI) do 8 de Janeiro. O juiz Lima destacou que a materialidade e a autoria do crime de cal\u00fania foram comprovadas pelas provas apresentadas no processo.<\/p>\n<h2 class=\"wp-block-heading\">Quais Foram as Consequ\u00eancias para Walter Delgatti Neto?<\/h2>\n<p>Al\u00e9m de ser sentenciado a dez meses de pris\u00e3o, Walter Delgatti Neto tamb\u00e9m foi condenado a pagar as custas do processo. Apesar da condena\u00e7\u00e3o, o hacker poder\u00e1 apelar em liberdade, uma vez que j\u00e1 est\u00e1 preso por outro processo. Este caso, movido pela deputada federal Carla Zambelli (PL-SP), refere-se \u00e0 invas\u00e3o do sistema do Conselho Nacional de Justi\u00e7a (CNJ) e \u00e0 inser\u00e7\u00e3o de um mandado de pris\u00e3o falso contra o ministro Alexandre de Moraes.<\/p>\n<h2 class=\"wp-block-heading\">O Que Diz a Defesa de Walter Delgatti Neto?<\/h2>\n<p>A defesa de Delgatti j\u00e1 anunciou que ir\u00e1 recorrer da senten\u00e7a. Em 2019, o hacker admitiu ter invadido celulares de v\u00e1rias autoridades brasileiras, incluindo procuradores do Minist\u00e9rio P\u00fablico Federal (MPF) e o ent\u00e3o juiz Sergio Moro, todos envolvidos na Opera\u00e7\u00e3o Lava Jato. Este hist\u00f3rico contribuiu para a imagem de Delgatti como um agente controverso na cena pol\u00edtica brasileira.<\/p>\n<ul class=\"wp-block-list\">\n<li>Walter Delgatti Neto: Sentenciado a dez meses de pris\u00e3o<\/li>\n<li>Acusa\u00e7\u00f5es infundadas contra Bolsonaro e Alexandre de Moraes<\/li>\n<li>Condena\u00e7\u00e3o destacada pelo juiz Omar Dantas Lima<\/li>\n<li>Direito de apelar em liberdade garantido, apesar de j\u00e1 estar preso por outro caso<\/li>\n<\/ul>\n<p>\u00a0<\/p>\n<h2 class=\"wp-block-heading\">Qual o Impacto Desta Condena\u00e7\u00e3o no Cen\u00e1rio Pol\u00edtico Atual?<\/h2>\n<p>A condena\u00e7\u00e3o de Walter Delgatti Neto tem implica\u00e7\u00f5es significativas no cen\u00e1rio pol\u00edtico atual. Para Bolsonaro, representa um golpe contra as \u201cnarrativas\u201d que ele afirma serem projetadas para atac\u00e1-lo politicamente. Ao mesmo tempo, levanta quest\u00f5es sobre a integridade de Delgatti e suas motiva\u00e7\u00f5es ao fazer acusa\u00e7\u00f5es t\u00e3o graves.<\/p>\n<p>No ambiente polarizado da pol\u00edtica brasileira, esse caso ressalta a complexidade das disputas de narrativas e como elas podem impactar diretamente figuras p\u00fablicas. A condena\u00e7\u00e3o tamb\u00e9m pode servir como um lembrete da import\u00e2ncia de se verificar informa\u00e7\u00f5es antes de tir\u00e1-las a p\u00fablico, especialmente quando envolve quest\u00f5es sens\u00edveis e indiv\u00edduos influentes.<\/p>\n<p>Diante de tudo isso, \u00e9 fundamental acompanhar os pr\u00f3ximos passos tanto da defesa de Delgatti quanto das rea\u00e7\u00f5es dos envolvidos e da sociedade. A possibilidade de recursos e novas revela\u00e7\u00f5es promete manter o tema em evid\u00eancia por um bom tempo.<\/p>\n<p>\u00a0<\/p>\n<p>\u00a0<\/p>\n<p>\u00a0<\/p>\n<p>\u00a0<\/p>\n<\/p><\/div>\n<p><br \/>\n<br \/><a href=\"https:\/\/terrabrasilnoticias.com\/2024\/07\/bolsonaro-comemora-condenacao-do-hacker-walter-delgatti-neto-menos-uma-narrativa\/\">Source link <\/a><\/p>","protected":false},"excerpt":{"rendered":"<p>Foto: Marcelo Camargo\/Ag\u00eancia Brasil O ex-presidente Jair Bolsonaro (PL) celebrou a condena\u00e7\u00e3o do hacker Walter Delgatti Neto a dez meses de pris\u00e3o por cal\u00fania contra o ex-chefe do Executivo. A&hellip;<\/p>","protected":false},"author":1,"featured_media":12751,"comment_status":"closed","ping_status":"open","sticky":false,"template":"","format":"standard","meta":{"content-type":"","footnotes":""},"categories":[16],"tags":[],"class_list":["post-12750","post","type-post","status-publish","format-standard","has-post-thumbnail","hentry","category-noticias"],"_links":{"self":[{"href":"https:\/\/tvbrazilusa.com\/pt\/wp-json\/wp\/v2\/posts\/12750","targetHints":{"allow":["GET"]}}],"collection":[{"href":"https:\/\/tvbrazilusa.com\/pt\/wp-json\/wp\/v2\/posts"}],"about":[{"href":"https:\/\/tvbrazilusa.com\/pt\/wp-json\/wp\/v2\/types\/post"}],"author":[{"embeddable":true,"href":"https:\/\/tvbrazilusa.com\/pt\/wp-json\/wp\/v2\/users\/1"}],"replies":[{"embeddable":true,"href":"https:\/\/tvbrazilusa.com\/pt\/wp-json\/wp\/v2\/comments?post=12750"}],"version-history":[{"count":1,"href":"https:\/\/tvbrazilusa.com\/pt\/wp-json\/wp\/v2\/posts\/12750\/revisions"}],"predecessor-version":[{"id":12752,"href":"https:\/\/tvbrazilusa.com\/pt\/wp-json\/wp\/v2\/posts\/12750\/revisions\/12752"}],"wp:featuredmedia":[{"embeddable":true,"href":"https:\/\/tvbrazilusa.com\/pt\/wp-json\/wp\/v2\/media\/12751"}],"wp:attachment":[{"href":"https:\/\/tvbrazilusa.com\/pt\/wp-json\/wp\/v2\/media?parent=12750"}],"wp:term":[{"taxonomy":"category","embeddable":true,"href":"https:\/\/tvbrazilusa.com\/pt\/wp-json\/wp\/v2\/categories?post=12750"},{"taxonomy":"post_tag","embeddable":true,"href":"https:\/\/tvbrazilusa.com\/pt\/wp-json\/wp\/v2\/tags?post=12750"}],"curies":[{"name":"wp","href":"https:\/\/api.w.org\/{rel}","templated":true}]}}