{"id":127508,"date":"2025-10-08T16:44:16","date_gmt":"2025-10-08T16:44:16","guid":{"rendered":"https:\/\/tvbrazilusa.com\/2025\/10\/08\/fl-uber-driver-iniciou-um-incendio-florestal-na-ca-que-matou-12-pessoas-e-destruiu-milhares-de-casas-doj\/"},"modified":"2025-10-08T18:10:03","modified_gmt":"2025-10-08T18:10:03","slug":"fl-uber-driver-iniciou-um-incendio-florestal-na-ca-que-matou-12-pessoas-e-destruiu-milhares-de-casas-doj","status":"publish","type":"post","link":"https:\/\/tvbrazilusa.com\/pt\/2025\/10\/08\/fl-uber-driver-iniciou-um-incendio-florestal-na-ca-que-matou-12-pessoas-e-destruiu-milhares-de-casas-doj\/","title":{"rendered":"FL Uber Driver iniciou um inc\u00eandio florestal na CA que matou 12 pessoas e destruiu milhares de casas: DOJ"},"content":{"rendered":"<p> <script async src=\"https:\/\/pagead2.googlesyndication.com\/pagead\/js\/adsbygoogle.js?client=ca-pub-8864793242727901\"\r\n     crossorigin=\"anonymous\"><\/script><br \/>\n<\/p>\n<div id=\"\">\n<div class=\"styles_HTMLContent__LDG2k\">\n<p>MELBOURNE, FL \u2013 As autoridades prenderam um homem de 29 anos da Fl\u00f3rida em conex\u00e3o com a investiga\u00e7\u00e3o do inc\u00eandio em Palisades, que matou 12 pessoas e destruiu milhares de casas e empresas em Los Angeles em janeiro.<\/p>\n<\/div>\n<div class=\"styles_HTMLContent__LDG2k\">\n<p>Jonathan Rinderknecht, de Melbourne, Fl\u00f3rida, foi preso ter\u00e7a-feira perto de sua casa sob suspeita de destrui\u00e7\u00e3o de propriedade por meio de inc\u00eandio. Se for condenado, Rinderknecht enfrentar\u00e1 uma pena m\u00ednima obrigat\u00f3ria de cinco anos e at\u00e9 20 anos de pris\u00e3o federal.<\/p>\n<p>\u201cEle \u00e9 acusado de iniciar um inc\u00eandio em 1\u00ba de janeiro\u201d, disse o procurador interino dos EUA, Bill Essayli. &#8220;Demorou uma semana para reacender, mas ele est\u00e1 encarregado de iniciar o inc\u00eandio em Palisades.&#8221;<\/p>\n<\/div>\n<div class=\"ContentBlocks_CardDetail__SubscribeBlock__4zBcQ ContentBlocks_CardDetail__SubscribeBlock--mobile__18tT_\">\n<section class=\"styles_SubscribeForm__0dj5n\">\n<h2 class=\"styles_SubscribeForm__title__F_olP\">Descubra o que est\u00e1 acontecendo em toda a Fl\u00f3rida<span class=\"styles_SubscribeForm__title--nextLine__FTO3K\">gratuitamente com as atualiza\u00e7\u00f5es mais recentes do Patch.<\/span><\/h2>\n<\/section>\n<\/div>\n<div class=\"styles_HTMLContent__LDG2k\">\n<figure><figcaption>Esta foto sem data fornecida pelo Minist\u00e9rio P\u00fablico dos EUA mostra Jonathan Rinderknecht, um suspeito do inc\u00eandio em Palisades. (Minist\u00e9rio P\u00fablico dos EUA via AP)<\/figcaption><\/figure>\n<p>A den\u00fancia criminal cobre os danos e a morte causados \u200b\u200bpelo inc\u00eandio em Palisades. Rinderknecht pode enfrentar acusa\u00e7\u00f5es adicionais: &#8220;Quer\u00edamos prend\u00ea-lo, coloc\u00e1-lo sob cust\u00f3dia. Vamos apresentar o caso a um grande j\u00fari&#8221; para considera\u00e7\u00e3o de outras acusa\u00e7\u00f5es, disse Essayli.<\/p>\n<p>Essayli, o chefe do Departamento de Pol\u00edcia de Los Angeles, Jim McDonnell, e o agente especial encarregado do Departamento de \u00c1lcool, Tabaco, Armas de Fogo e Explosivos dos EUA, Kenny Cooper, deram uma entrevista coletiva na quarta-feira no Antigo Tribunal dos EUA, no centro de Los Angeles, para anunciar a pris\u00e3o.<\/p>\n<\/div>\n<div class=\"ContentBlocks_CardDetail__SubscribeBlock__4zBcQ ContentBlocks_CardDetail__SubscribeBlock--desktop__oN6vv\">\n<section class=\"styles_SubscribeForm__0dj5n\">\n<h2 class=\"styles_SubscribeForm__title__F_olP\">Descubra o que est\u00e1 acontecendo em toda a Fl\u00f3rida<span class=\"styles_SubscribeForm__title--nextLine__FTO3K\">gratuitamente com as atualiza\u00e7\u00f5es mais recentes do Patch.<\/span><\/h2>\n<\/section>\n<\/div>\n<div class=\"styles_HTMLContent__LDG2k\">\n<p>O inc\u00eandio em Palisades eclodiu em 7 de janeiro na \u00e1rea costeira de Pacific Palisades, em Los Angeles, queimou 23.448 acres \u2013 mais de 36 milhas quadradas \u2013 e destruiu grande parte da comunidade, matando 12 pessoas. Destruiu 6.800 estruturas e danificou mais 1.000.<\/p>\n<figure><img decoding=\"async\" data-image=\"26494162-1759941547\" alt=\"\" title=\"\" src=\"https:\/\/patch.com\/img\/cdn20\/shutterstock\/26494162\/20251008\/123905\/styles\/raw\/public\/processed_images\/shutterstock_2595862069.jpg\" data-sizes=\"(min-width: 780px) 726px, 100vw\" srcset=\"https:\/\/patch.com\/img\/cdn20\/shutterstock\/26494162\/20251008\/123905\/styles\/raw\/public\/processed_images\/shutterstock_2595862069.jpg?width=640 640w, https:\/\/patch.com\/img\/cdn20\/shutterstock\/26494162\/20251008\/123905\/styles\/raw\/public\/processed_images\/shutterstock_2595862069.jpg?width=726 726w\"\/><figcaption>O Palisades Fire queima nas montanhas de Santa Monica, no bairro de Mandeville Canyon, em Los Angeles. (Sua Sponte Fotografia\/Shutterstock)<\/figcaption><\/figure>\n<p>Rinderknecht \u00e9 acusado de provocar um inc\u00eandio uma semana antes. O inc\u00eandio florestal de oito acres &#8211; apelidado de Fogo Lachman &#8211; foi contido pelos bombeiros, mas ardeu no subsolo perto de Skull Rock e finalmente reacendeu no que se tornaria o Fogo Palisades.<\/p>\n<\/div>\n<div class=\"styles_HTMLContent__LDG2k\">\n<p>Rinderknecht, que na \u00e9poca morava em Palisades, estava terminando seu turno como motorista do Uber na v\u00e9spera de Ano Novo. Dois passageiros entrevistados pelas autoridades disseram que ele estava \u201cagitado e irritado\u201d naquela noite, disse Essayli.<\/p>\n<p>Depois de deixar um ou mais passageiros em uma \u00e1rea residencial em Palisades, Rinderknecht \u201ctentou entrar em contato com um ex-amigo\u201d por telefone, mas n\u00e3o conseguiu. Ele ent\u00e3o subiu uma trilha de caminhada e ouviu um rap franc\u00eas &#8211; \u201cUn Zder, Un The\u201d, que apresenta um videoclipe de itens sendo incendiados. \u00c0s 12h12 do dia 1\u00ba de janeiro, sensores na \u00e1rea indicaram que um inc\u00eandio havia come\u00e7ado, de acordo com Essayli, que disse que Rinderknecht \u00e9 acusado de \u201ciniciar intencionalmente e maliciosamente\u201d o inc\u00eandio.<\/p>\n<\/div>\n<div class=\"styles_HTMLContent__LDG2k\">\n<p>\u201cA ATF determinou que o fogo foi aceso com chama aberta\u201d, disse Essayli.<\/p>\n<p>Rinderknecht tentou v\u00e1rias vezes entrar em contato com o 911, mas teve dificuldades devido \u00e0 falta de servi\u00e7o. Enquanto estava ao telefone com o 911, Rinderknecht digitou uma pergunta no ChatGPT: \u201cVoc\u00ea \u00e9 o culpado se um inc\u00eandio for causado por causa de seus cigarros\u201d, afirmam os promotores na queixa criminal, <a href=\"https:\/\/www.latimes.com\/california\/story\/2025-10-08\/palisades-fire-arrest\" rel=\"nofollow\" target=\"_blank\">de acordo com o Los Angeles Times.<\/a><\/p>\n<p><a href=\"https:\/\/www.latimes.com\/california\/story\/2025-10-08\/palisades-fire-arrest\" rel=\"nofollow\" target=\"_blank\"\/>Ele ent\u00e3o deixou a \u00e1rea. Ao se afastar, ele avistou caminh\u00f5es de bombeiros respondendo ao local, deu meia-volta com o carro e voltou \u00e0 trilha para filmar a resposta em seu telefone, disse Essayli.<\/p>\n<p>Essayli disse que Rinderknecht \u201cera a \u00fanica pessoa neste local no momento em que o inc\u00eandio foi aceso\u201d.<\/p>\n<figure><img decoding=\"async\" data-image=\"26494162-1759943555\" alt=\"\" title=\"\" src=\"https:\/\/patch.com\/img\/cdn20\/shutterstock\/26494162\/20251008\/011234\/styles\/raw\/public\/processed_images\/shutterstock_2570331935.jpeg\" data-sizes=\"(min-width: 780px) 726px, 100vw\" srcset=\"https:\/\/patch.com\/img\/cdn20\/shutterstock\/26494162\/20251008\/011234\/styles\/raw\/public\/processed_images\/shutterstock_2570331935.jpeg?width=640 640w, https:\/\/patch.com\/img\/cdn20\/shutterstock\/26494162\/20251008\/011234\/styles\/raw\/public\/processed_images\/shutterstock_2570331935.jpeg?width=726 726w\"\/><figcaption>11 de janeiro de 2025: O fogo ainda arde enquanto o sol se p\u00f5e na devasta\u00e7\u00e3o do Fogo Palisades, deixando para tr\u00e1s nada al\u00e9m de cinzas, escombros e metal retorcido perto do Canyon Temescal. (Julio Javier Vargas\/Shutterstock)<\/figcaption><\/figure>\n<p>Nos meses que antecederam o inc\u00eandio, Essayli disse que Rinderknecht usou intelig\u00eancia artificial para gerar pelo menos uma imagem pertinente \u00e0 investiga\u00e7\u00e3o: uma imagem renderizada pelo ChatGPT que mostrava uma \u201ccidade dist\u00f3pica em chamas\u201d.<\/p>\n<\/div>\n<div class=\"styles_HTMLContent__LDG2k\">\n<p>Al\u00e9m disso, Essayli disse que Rinderknecht ouvia frequentemente o rap franc\u00eas.<\/p>\n<p>A investiga\u00e7\u00e3o liderada pelo ATF incluiu o exame de 200 pistas, o processamento de 1.300 itens de provas \u2013 incluindo detritos, dados digitais e amostras de ADN \u2013 e a realiza\u00e7\u00e3o de 500 testes cient\u00edficos. O trabalho da ag\u00eancia inclui um relat\u00f3rio de 200 p\u00e1ginas sobre a origem e a causa do inc\u00eandio em Palisades, segundo Cooper.<\/p>\n<p>A Equipe de Resposta Nacional da ATF foi <a href=\"https:\/\/patch.com\/california\/los-angeles\/atf-calls-elite-team-fire-investigators-palisades-probe\">chamado para investigar o inc\u00eandio em Palisades<\/a> antes mesmo de ter sido totalmente contido. A equipa de elite trabalha em m\u00e9dia menos de 20 casos por ano e foi chamada devido \u00e0 dimens\u00e3o e \u00e2mbito do inc\u00eandio, disse Jos\u00e9 Medina, da ATF, em Janeiro.<\/p>\n<p><strong>RELACIONADO:<\/strong><\/p>\n<\/p><\/div>\n<p class=\"styles_HTMLContent__LDG2k SubscribeCTABlurb_SubscribeCTABlurb__M_Azu\">Receba mais not\u00edcias locais diretamente em sua caixa de entrada.<!-- --> <a target=\"_blank\" href=\"http:\/\/patch.com\/subscribe\" class=\"\">Inscreva-se para receber boletins informativos e alertas gratuitos sobre Patch.<\/a><\/p>\n<\/div>\n<p><br \/>\n<br \/><a href=\"http:\/\/patch.com\/florida\/across-fl\/florida-uber-driver-accused-starting-la-wildfire-destroyed-thousands-homes-doj?utm_source=article-mostrecent&#038;utm_medium=rss&#038;utm_term=crime%20%26%20safety&#038;utm_campaign=recirc&#038;utm_content=aol\">Source link <\/a><\/p>","protected":false},"excerpt":{"rendered":"<p>MELBOURNE, FL \u2013 As autoridades prenderam um homem de 29 anos da Fl\u00f3rida em conex\u00e3o com a investiga\u00e7\u00e3o do inc\u00eandio em Palisades, que matou 12 pessoas e destruiu milhares de&hellip;<\/p>","protected":false},"author":1,"featured_media":127509,"comment_status":"closed","ping_status":"open","sticky":false,"template":"","format":"standard","meta":{"content-type":"","footnotes":""},"categories":[1],"tags":[],"class_list":["post-127508","post","type-post","status-publish","format-standard","has-post-thumbnail","hentry","category-uncategorized"],"_links":{"self":[{"href":"https:\/\/tvbrazilusa.com\/pt\/wp-json\/wp\/v2\/posts\/127508","targetHints":{"allow":["GET"]}}],"collection":[{"href":"https:\/\/tvbrazilusa.com\/pt\/wp-json\/wp\/v2\/posts"}],"about":[{"href":"https:\/\/tvbrazilusa.com\/pt\/wp-json\/wp\/v2\/types\/post"}],"author":[{"embeddable":true,"href":"https:\/\/tvbrazilusa.com\/pt\/wp-json\/wp\/v2\/users\/1"}],"replies":[{"embeddable":true,"href":"https:\/\/tvbrazilusa.com\/pt\/wp-json\/wp\/v2\/comments?post=127508"}],"version-history":[{"count":1,"href":"https:\/\/tvbrazilusa.com\/pt\/wp-json\/wp\/v2\/posts\/127508\/revisions"}],"predecessor-version":[{"id":127510,"href":"https:\/\/tvbrazilusa.com\/pt\/wp-json\/wp\/v2\/posts\/127508\/revisions\/127510"}],"wp:featuredmedia":[{"embeddable":true,"href":"https:\/\/tvbrazilusa.com\/pt\/wp-json\/wp\/v2\/media\/127509"}],"wp:attachment":[{"href":"https:\/\/tvbrazilusa.com\/pt\/wp-json\/wp\/v2\/media?parent=127508"}],"wp:term":[{"taxonomy":"category","embeddable":true,"href":"https:\/\/tvbrazilusa.com\/pt\/wp-json\/wp\/v2\/categories?post=127508"},{"taxonomy":"post_tag","embeddable":true,"href":"https:\/\/tvbrazilusa.com\/pt\/wp-json\/wp\/v2\/tags?post=127508"}],"curies":[{"name":"wp","href":"https:\/\/api.w.org\/{rel}","templated":true}]}}