{"id":127738,"date":"2025-10-09T16:01:24","date_gmt":"2025-10-09T16:01:24","guid":{"rendered":"https:\/\/tvbrazilusa.com\/2025\/10\/09\/as-telas-superdimensionadas-de-halloween-sao-muito-radicais-ou-aterrorizantes-bloquear-conversa\/"},"modified":"2025-10-12T12:48:13","modified_gmt":"2025-10-12T12:48:13","slug":"as-telas-superdimensionadas-de-halloween-sao-muito-radicais-ou-aterrorizantes-bloquear-conversa","status":"publish","type":"post","link":"https:\/\/tvbrazilusa.com\/pt\/2025\/10\/09\/as-telas-superdimensionadas-de-halloween-sao-muito-radicais-ou-aterrorizantes-bloquear-conversa\/","title":{"rendered":"As telas superdimensionadas de Halloween s\u00e3o muito radicais ou aterrorizantes? Bloquear conversa"},"content":{"rendered":"<p> <script async src=\"https:\/\/pagead2.googlesyndication.com\/pagead\/js\/adsbygoogle.js?client=ca-pub-8864793242727901\"\r\n     crossorigin=\"anonymous\"><\/script><br \/>\n<\/p>\n<div>\n<p>De esqueletos gigantescos e cad\u00e1veres de zumbis em decomposi\u00e7\u00e3o a casas mal-assombradas e cemit\u00e9rios sinistros, bairros por toda a Am\u00e9rica est\u00e3o vivos com o esp\u00edrito do Halloween.<\/p>\n<\/div>\n<div>\n<p>Para alguns, exagerar e, em seguida, alguns com suas exibi\u00e7\u00f5es no quintal \u00e9 o objetivo do Halloween. Bom gosto n\u00e3o \u00e9 nem de longe o fator que importa na decora\u00e7\u00e3o de Natal, dizem eles. Entre essas pessoas, n\u00e3o existe muita divers\u00e3o no Halloween.<\/p>\n<p>Eles argumentam que a hist\u00f3ria da V\u00e9spera de Todos os Santos, como tamb\u00e9m \u00e9 conhecido o Halloween, est\u00e1 do lado deles. Nas antigas culturas ind\u00edgenas, especialmente entre os astecas, iniciava-se a celebra\u00e7\u00e3o do Dia dos Mortos, ou D\u00eda de los Muertos. Esses povos ind\u00edgenas do que hoje \u00e9 o M\u00e9xico acreditavam que o luto era desrespeitoso e, em vez disso, que a passagem de uma pessoa do mundo f\u00edsico para o mundo espiritual deveria ser celebrada com alegria.<\/p>\n<\/div>\n<div>\n<p>As decora\u00e7\u00f5es podem ir longe demais, no entanto.<\/p>\n<p>Amanda Peden e Sam Lee geram pol\u00eamica todo Halloween com uma exibi\u00e7\u00e3o de luz esfuma\u00e7ada que d\u00e1 a ilus\u00e3o de um inferno dentro de sua casa na Carolina do Sul, resultando em in\u00fameras liga\u00e7\u00f5es para o 911 para o corpo de bombeiros local.<\/p>\n<\/div>\n<div>\n<p>Embora o casal tenha pedido aos despachantes de emerg\u00eancia que ligassem para eles primeiro, antes de enviar um caminh\u00e3o em resposta \u00e0s liga\u00e7\u00f5es para o 911, o chefe dos bombeiros, Russell Alexander, disse ao programa da NBC \u201c<a href=\"https:\/\/www.today.com\/parents\/family\/burning-home-halloween-decorations-rcna235996\" rel=\"nofollow\" target=\"_blank\">Hoje<\/a>\u201d mostram: \u201c\u00c9 uma m\u00e1 pr\u00e1tica n\u00e3o enviar um caminh\u00e3o e, eticamente, n\u00e3o posso assumir essa responsabilidade. Se recebermos uma liga\u00e7\u00e3o, enviaremos um caminh\u00e3o, aconte\u00e7a o que acontecer.\u201d<\/p>\n<p>As decora\u00e7\u00f5es de Halloween podem ser extremas demais para crian\u00e7as pequenas que ainda n\u00e3o conseguem distinguir a fantasia da realidade e ficam aterrorizadas com imagens violentas ou sangrentas, de acordo com especialistas em sa\u00fade mental.<\/p>\n<\/div>\n<div>\n<p>\u201cVou precisar de algu\u00e9m que me explique por que as pessoas decoram suas casas para o Halloween com completo horror&#8230; quando h\u00e1 crian\u00e7as da vizinhan\u00e7a&#8230; que andam de bicicleta, brincam ao ar livre, passam por essas casas durante todo o m\u00eas de outubro\u201d, reclamou uma m\u00e3e em um <a href=\"https:\/\/www.tiktok.com\/@lindswitt\/video\/7415683645156937006\" rel=\"nofollow\" target=\"_blank\">V\u00eddeo do TikTok<\/a>. \u201cTenho a alegria&#8230; de explicar o que \u00e9 essa imagem e tentar mold\u00e1-la de uma forma que n\u00e3o pare\u00e7a assustadora para meus filhos pequenos.\u201d<\/p>\n<p>O que voc\u00ea acha das decora\u00e7\u00f5es extremas de Halloween? Estamos pedindo <a href=\"https:\/\/patch.com\/us\/across-america\/topics\/block-talk\">Bloquear conversa<\/a>coluna exclusiva de etiqueta de bairro de Patch. Basta preencher a pesquisa abaixo. E como sempre, n\u00e3o coletamos endere\u00e7os de e-mail.<\/p>\n<\/div>\n<div>\n<figure class=\"r-embed\"><iframe src=\"\" width=\"640\" height=\"889\" marginheight=\"0\" marginwidth=\"0\" data-src=\"https:\/\/docs.google.com\/forms\/d\/e\/1FAIpQLScXIpE43NW4roVjGmzJN-nbRdDIjRV52c7-c49IHDWNIyP1pQ\/viewform?embedded=true\">Carregando\u2026<\/iframe><\/figure>\n<h3>Sobre Block Talk<\/h3>\n<p>Block Talk \u00e9 um recurso regular do Patch que oferece conselhos reais dos leitores sobre como resolver problemas cotidianos da vizinhan\u00e7a. Se voc\u00ea tiver uma pergunta ou problema de etiqueta de bairro que gostaria que consider\u00e1ssemos, envie um e-mail para beth.dalbey@patch.com, com Block Talk como assunto.<\/p>\n<h3><a href=\"https:\/\/patch.com\/us\/across-america\/topics\/block-talk\">Acompanhe o Block Talk<\/a><\/h3>\n<\/p><\/div>\n<p><script async src=\"\/\/www.tiktok.com\/embed.js\"><\/script><br \/>\n<br \/><br \/>\n<br \/><a href=\"http:\/\/patch.com\/us\/across-america\/are-supersized-halloween-displays-too-extreme-or-terrifying-block-talk?utm_source=article-mostrecent&#038;utm_medium=rss&#038;utm_term=seasonal%20%26%20holidays&#038;utm_campaign=recirc&#038;utm_content=aol\">Source link <\/a><\/p>","protected":false},"excerpt":{"rendered":"<p>De esqueletos gigantescos e cad\u00e1veres de zumbis em decomposi\u00e7\u00e3o a casas mal-assombradas e cemit\u00e9rios sinistros, bairros por toda a Am\u00e9rica est\u00e3o vivos com o esp\u00edrito do Halloween. Para alguns, exagerar&hellip;<\/p>","protected":false},"author":1,"featured_media":127739,"comment_status":"closed","ping_status":"open","sticky":false,"template":"","format":"standard","meta":{"content-type":"","footnotes":""},"categories":[1],"tags":[],"class_list":["post-127738","post","type-post","status-publish","format-standard","has-post-thumbnail","hentry","category-uncategorized"],"_links":{"self":[{"href":"https:\/\/tvbrazilusa.com\/pt\/wp-json\/wp\/v2\/posts\/127738","targetHints":{"allow":["GET"]}}],"collection":[{"href":"https:\/\/tvbrazilusa.com\/pt\/wp-json\/wp\/v2\/posts"}],"about":[{"href":"https:\/\/tvbrazilusa.com\/pt\/wp-json\/wp\/v2\/types\/post"}],"author":[{"embeddable":true,"href":"https:\/\/tvbrazilusa.com\/pt\/wp-json\/wp\/v2\/users\/1"}],"replies":[{"embeddable":true,"href":"https:\/\/tvbrazilusa.com\/pt\/wp-json\/wp\/v2\/comments?post=127738"}],"version-history":[{"count":1,"href":"https:\/\/tvbrazilusa.com\/pt\/wp-json\/wp\/v2\/posts\/127738\/revisions"}],"predecessor-version":[{"id":127740,"href":"https:\/\/tvbrazilusa.com\/pt\/wp-json\/wp\/v2\/posts\/127738\/revisions\/127740"}],"wp:featuredmedia":[{"embeddable":true,"href":"https:\/\/tvbrazilusa.com\/pt\/wp-json\/wp\/v2\/media\/127739"}],"wp:attachment":[{"href":"https:\/\/tvbrazilusa.com\/pt\/wp-json\/wp\/v2\/media?parent=127738"}],"wp:term":[{"taxonomy":"category","embeddable":true,"href":"https:\/\/tvbrazilusa.com\/pt\/wp-json\/wp\/v2\/categories?post=127738"},{"taxonomy":"post_tag","embeddable":true,"href":"https:\/\/tvbrazilusa.com\/pt\/wp-json\/wp\/v2\/tags?post=127738"}],"curies":[{"name":"wp","href":"https:\/\/api.w.org\/{rel}","templated":true}]}}