{"id":128822,"date":"2026-03-30T16:26:49","date_gmt":"2026-03-30T16:26:49","guid":{"rendered":"https:\/\/tvbrazilusa.com\/2026\/03\/30\/governo-lula-tem-deficit-de-r-301-bi-nas-contas-em-fevereiro-paulo-figueiredo\/"},"modified":"2026-03-31T19:30:06","modified_gmt":"2026-03-31T19:30:06","slug":"governo-lula-tem-deficit-de-r-301-bi-nas-contas-em-fevereiro-paulo-figueiredo","status":"publish","type":"post","link":"https:\/\/tvbrazilusa.com\/pt\/2026\/03\/30\/governo-lula-tem-deficit-de-r-301-bi-nas-contas-em-fevereiro-paulo-figueiredo\/","title":{"rendered":"Governo Lula tem deficit de R$ 30,1 bi nas contas em fevereiro &#8211; Paulo Figueiredo"},"content":{"rendered":"<p> <script async src=\"https:\/\/pagead2.googlesyndication.com\/pagead\/js\/adsbygoogle.js?client=ca-pub-8864793242727901\"\r\n     crossorigin=\"anonymous\"><\/script><br \/>\n<\/p>\n<div id=\"wtr-content\" data-bg=\"#FFFFFF\" data-fg=\"#006d91\" data-width=\"25\" data-mute=\"1\" data-fgopacity=\"1.00\" data-mutedopacity=\"0.5\" data-placement=\"bottom\" data-placement-offset=\"0\" data-content-offset=\"262\" data-placement-touch=\"bottom\" data-placement-offset-touch=\"0\" data-transparent=\"\" data-shadow=\"0\" data-touch=\"1\" data-non-touch=\"1\" data-comments=\"0\" data-commentsbg=\"transparent\" data-location=\"page\" data-mutedfg=\"#006d91\" data-endfg=\"#006d91\" data-rtl=\"\">\n<h4 class=\"wp-block-heading\">Contas p\u00fablicas tiveram saldo negativo de R$ 60,4 bilh\u00f5es no acumulado de 12 meses, segundo o Tesouro Nacional<\/h4>\n<p>O governo central \u2013 formado por governo federal e Banco Central \u2013 registrou d\u00e9ficit prim\u00e1rio de\u00a0<strong>R$ 30,1 bilh\u00f5es<\/strong>\u00a0em fevereiro. O saldo negativo caiu 8,4% em compara\u00e7\u00e3o com o mesmo per\u00edodo de 2025, quando foi de R$ 32,8 bilh\u00f5es. O Tesouro Nacional divulgou o resultado nesta 2\u00aa feira. <\/p>\n<p>O deficit prim\u00e1rio de R$ 30,05 bilh\u00f5es corresponde ao 2\u00ba menor saldo negativo da s\u00e9rie hist\u00f3rica desde 2022, quando foi de R$ 24,5 bilh\u00f5es.<\/p>\n<figure class=\"wp-block-image\"><\/figure>\n<p>No acumulado do 1\u00ba bimestre, o governo Lula registrou superavit prim\u00e1rio de R$ 57,5 bilh\u00f5es. Esse foi o 2\u00ba maior saldo positivo para as contas p\u00fablicas da s\u00e9rie hist\u00f3rica, iniciada 1997. Ficou atr\u00e1s somente do ano de 2022, quando as contas p\u00fablicas ficaram no azul em R$ 68,9 bilh\u00f5es.<\/p>\n<p>No acumulado de 12 meses, o governo Lula teve um rombo de R$ 60,4 bilh\u00f5es em valores corrigidos pela infla\u00e7\u00e3o. Aumentou 1,4% em rela\u00e7\u00e3o ao mesmo per\u00edodo de 2025, quando foi de R$ 13,4 bilh\u00f5es.<\/p>\n<p>A meta fiscal do governo\u00a0Luiz In\u00e1cio Lula da Silva\u00a0(PT) \u00e9 de um superavit de R$ 34,3 bilh\u00f5es neste ano. A equipe econ\u00f4mica\u00a0estima que o saldo positivo ser\u00e1 de R$ 3,5 bilh\u00f5es em 2026, ou R$ 30,8 bilh\u00f5es inferior ao objetivo. Sem as dedu\u00e7\u00f5es com gastos com precat\u00f3rios, projetos estrat\u00e9gicos em defesa nacional e despesas tempor\u00e1rias com educa\u00e7\u00e3o e sa\u00fade, o rombo seria de R$ 59,8 bilh\u00f5es neste ano.<\/p>\n<p>O governo Lula registrou deficit nas contas em\u00a02023, em\u00a02024\u00a0e em\u00a02025. O ex-ministro da Fazenda,\u00a0Fernando Haddad, conseguiu aprovar no Congresso o arcabou\u00e7o fiscal, que substituiu o teto de gastos do governo Michel Temer (MDB). A lei atual estabelece metas de resultado prim\u00e1rio anuais.<\/p>\n<p>Quando foi\u00a0apresentado, o marco fiscal tinha meta de um superavit prim\u00e1rio de 1% do PIB (Produto Interno Bruto) em 2026. A meta atual \u00e9 de 0,25% do PIB, mas a estimativa de superavit de R$ 3,5 bilh\u00f5es corresponde a 0% do PIB, ou o piso da meta.<\/p>\n<p>O deficit de R$ 60,4 bilh\u00f5es no acumulado de 12 meses at\u00e9 fevereiro corresponde a 0,45% do PIB.<\/p>\n<h4 class=\"wp-block-heading\"><strong>CONTAS P\u00daBLICAS<\/strong><\/h4>\n<p>O Tesouro Nacional teve deficit de R$ 7,6 bilh\u00f5es em fevereiro, com alta de 15,4% em compara\u00e7\u00e3o com o mesmo m\u00eas do ano passado. A Previd\u00eancia Social teve saldo negativo de R$ 22,4 bilh\u00f5es, com queda de 5,9% ante o mesmo m\u00eas de 2025. O Banco Central teve deficit de R$ 13 milh\u00f5es. Havia registrado superavit de R$ 9 milh\u00f5es em fevereiro do ano passado.<\/p>\n<p>A receita l\u00edquida total somou R$ 157,7 bilh\u00f5es em fevereiro, com alta de 5,6% ante o mesmo m\u00eas de 2025. J\u00e1 a despesa total foi de R$ 187,8 bilh\u00f5es, com crescimento de 3,1%.<\/p>\n<p>A receita administrada pela Receita Federal cresceu 4,1% em fevereiro deste ano em compara\u00e7\u00e3o com o mesmo m\u00eas do ano passado. Subiu de R$ 133,1 bilh\u00f5es para R$ 138,6 bilh\u00f5es no per\u00edodo: alta de R$ 5,5 bilh\u00f5es. Dados do Tesouro mostram que 42% desde crescimento se deve ao IOF (Imposto sobre Opera\u00e7\u00f5es Financeiras).<\/p>\n<p>O governo Lula\u00a0aumentou\u00a0al\u00edquotas do tributo. A receita com o IOF aumentou de R$ 6,45 bilh\u00f5es para R$ 8,7 bilh\u00f5es, uma alta de R$ 2,3 bilh\u00f5es.<\/p>\n<p>Do lado dos gastos, o Tesouro Nacional disse que os benef\u00edcios previdenci\u00e1rios tiveram alta de R$ 80,0 bilh\u00f5es para R$ 81,8 bilh\u00f5es. Os gastos com pessoal e encargos sociais avan\u00e7ou de R$ 30,6 bilh\u00f5es para R$ 32,8 bilh\u00f5es.<\/p>\n<p><strong><a href=\"https:\/\/www.poder360.com.br\/poder-economia\/governo-lula-tem-deficit-de-r-30-bi-nas-contas-em-fevereiro\/\">Cr\u00e9dito Poder360<\/a><\/strong><\/p>\n<\/div>\n<p><br \/>\n<br \/><a href=\"https:\/\/paulofigueiredoshow.com\/governo-lula-tem-deficit-de-r-301-bi-nas-contas-em-fevereiro\/\">Source link <\/a><\/p>","protected":false},"excerpt":{"rendered":"<p>Contas p\u00fablicas tiveram saldo negativo de R$ 60,4 bilh\u00f5es no acumulado de 12 meses, segundo o Tesouro Nacional O governo central \u2013 formado por governo federal e Banco Central \u2013&hellip;<\/p>","protected":false},"author":1,"featured_media":128823,"comment_status":"closed","ping_status":"open","sticky":false,"template":"","format":"standard","meta":{"content-type":"","footnotes":""},"categories":[16],"tags":[],"class_list":["post-128822","post","type-post","status-publish","format-standard","has-post-thumbnail","hentry","category-noticias"],"_links":{"self":[{"href":"https:\/\/tvbrazilusa.com\/pt\/wp-json\/wp\/v2\/posts\/128822","targetHints":{"allow":["GET"]}}],"collection":[{"href":"https:\/\/tvbrazilusa.com\/pt\/wp-json\/wp\/v2\/posts"}],"about":[{"href":"https:\/\/tvbrazilusa.com\/pt\/wp-json\/wp\/v2\/types\/post"}],"author":[{"embeddable":true,"href":"https:\/\/tvbrazilusa.com\/pt\/wp-json\/wp\/v2\/users\/1"}],"replies":[{"embeddable":true,"href":"https:\/\/tvbrazilusa.com\/pt\/wp-json\/wp\/v2\/comments?post=128822"}],"version-history":[{"count":1,"href":"https:\/\/tvbrazilusa.com\/pt\/wp-json\/wp\/v2\/posts\/128822\/revisions"}],"predecessor-version":[{"id":128824,"href":"https:\/\/tvbrazilusa.com\/pt\/wp-json\/wp\/v2\/posts\/128822\/revisions\/128824"}],"wp:featuredmedia":[{"embeddable":true,"href":"https:\/\/tvbrazilusa.com\/pt\/wp-json\/wp\/v2\/media\/128823"}],"wp:attachment":[{"href":"https:\/\/tvbrazilusa.com\/pt\/wp-json\/wp\/v2\/media?parent=128822"}],"wp:term":[{"taxonomy":"category","embeddable":true,"href":"https:\/\/tvbrazilusa.com\/pt\/wp-json\/wp\/v2\/categories?post=128822"},{"taxonomy":"post_tag","embeddable":true,"href":"https:\/\/tvbrazilusa.com\/pt\/wp-json\/wp\/v2\/tags?post=128822"}],"curies":[{"name":"wp","href":"https:\/\/api.w.org\/{rel}","templated":true}]}}