{"id":128850,"date":"2026-03-30T16:21:40","date_gmt":"2026-03-30T16:21:40","guid":{"rendered":"https:\/\/tvbrazilusa.com\/2026\/03\/30\/lula-fez-mais-de-150-declaracoes-controversas-no-3o-mandato-diz-jornal-paulo-figueiredo\/"},"modified":"2026-03-31T20:06:04","modified_gmt":"2026-03-31T20:06:04","slug":"lula-fez-mais-de-150-declaracoes-controversas-no-3o-mandato-diz-jornal-paulo-figueiredo","status":"publish","type":"post","link":"https:\/\/tvbrazilusa.com\/pt\/2026\/03\/30\/lula-fez-mais-de-150-declaracoes-controversas-no-3o-mandato-diz-jornal-paulo-figueiredo\/","title":{"rendered":"Lula fez mais de 150 declara\u00e7\u00f5es controversas no 3\u00ba mandato, diz jornal &#8211; Paulo Figueiredo"},"content":{"rendered":"<p> <script async src=\"https:\/\/pagead2.googlesyndication.com\/pagead\/js\/adsbygoogle.js?client=ca-pub-8864793242727901\"\r\n     crossorigin=\"anonymous\"><\/script><br \/>\n<\/p>\n<div id=\"wtr-content\" data-bg=\"#FFFFFF\" data-fg=\"#006d91\" data-width=\"25\" data-mute=\"1\" data-fgopacity=\"1.00\" data-mutedopacity=\"0.5\" data-placement=\"bottom\" data-placement-offset=\"0\" data-content-offset=\"262\" data-placement-touch=\"bottom\" data-placement-offset-touch=\"0\" data-transparent=\"\" data-shadow=\"0\" data-touch=\"1\" data-non-touch=\"1\" data-comments=\"0\" data-commentsbg=\"transparent\" data-location=\"page\" data-mutedfg=\"#006d91\" data-endfg=\"#006d91\" data-rtl=\"\">\n<h4 class=\"wp-block-heading\">Levantamento mostra falas do presidente que envolvem ofensas, pol\u00edtica internacional e gafes recorrentes<\/h4>\n<p>Um\u00a0levantamento do portal Poder360\u00a0aponta que o presidente\u00a0Luiz In\u00e1cio Lula da Silva\u00a0acumula ao menos 157 declara\u00e7\u00f5es controversas desde o in\u00edcio de seu terceiro mandato, em janeiro de 2023. O estudo re\u00fane epis\u00f3dios que v\u00e3o de gafes e lapsos a falas consideradas ofensivas ou imprecisas, muitas delas feitas fora de discursos preparados.<\/p>\n<p>Segundo o levantamento, 43% das declara\u00e7\u00f5es foram classificadas como ofensivas, enquanto 15% envolvem pol\u00edtica internacional, \u00e1rea em que o presidente tamb\u00e9m acumula epis\u00f3dios com repercuss\u00e3o negativa. A publica\u00e7\u00e3o destacou ainda que a maior parte das falas ocorre em momentos de improviso, o que amplia o risco de declara\u00e7\u00f5es pol\u00eamicas.<\/p>\n<p>Entre os casos mais recentes, Lula afirmou que, na China, n\u00e3o h\u00e1 gastos com c\u00e3es, ao contr\u00e1rio do Brasil, onde a popula\u00e7\u00e3o \u201cgosta muito\u201d desses animais \u2014 declara\u00e7\u00e3o que gerou cr\u00edticas e repercuss\u00e3o nas redes sociais.\u00a0<\/p>\n<p>Ao longo do mandato, o presidente tamb\u00e9m protagonizou falas sobre temas sens\u00edveis, como escravid\u00e3o, seguran\u00e7a p\u00fablica, viol\u00eancia contra mulheres e rela\u00e7\u00f5es internacionais, frequentemente alvo de contesta\u00e7\u00e3o por advers\u00e1rios.<\/p>\n<p>O levantamento do Poder360 indica ainda que parte das declara\u00e7\u00f5es envolve erros de formula\u00e7\u00e3o, contradi\u00e7\u00f5es ou afirma\u00e7\u00f5es que precisaram ser posteriormente corrigidas. Segundo o portal, a recorr\u00eancia dos epis\u00f3dios refor\u00e7a um padr\u00e3o na comunica\u00e7\u00e3o do petista, marcado por improviso e declara\u00e7\u00f5es que frequentemente geram desgaste pol\u00edtico.<\/p>\n<h4 class=\"wp-block-heading\" id=\"h-veja-algumas-das-falas-controversas-de-lula\"><strong>Veja algumas das falas controversas de Lula:<\/strong><\/h4>\n<ul class=\"wp-block-list\">\n<li><strong>\u201cNa China n\u00e3o se gasta dinheiro com cachorro\u201d<\/strong>\u00a0\u2014 fala em que comparou h\u00e1bitos de consumo entre chineses e brasileiros, provocando cr\u00edticas por generaliza\u00e7\u00e3o.<\/li>\n<li><strong>\u201cBandido rouba celular para tomar uma cervejinha\u201d<\/strong>\u00a0\u2014 declara\u00e7\u00e3o sobre criminalidade no Brasil, criticada por sugerir banaliza\u00e7\u00e3o de crimes de roubo.<\/li>\n<li><strong>\u201cO que est\u00e1 acontecendo na Faixa de Gaza com o povo palestino n\u00e3o existiu em nenhum outro momento hist\u00f3rico. Ali\u00e1s, existiu. Quando Hitler resolveu matar os judeus\u201d<\/strong>\u00a0\u2014 ao comentar a guerra em Gaza, Lula afirmou que a ofensiva israelense se assemelhava ao genoc\u00eddio promovido pelos nazistas, gerando forte rea\u00e7\u00e3o internacional e sua classifica\u00e7\u00e3o como\u00a0<em>persona non grata<\/em>\u00a0por Israel.<\/li>\n<li><strong>\u201cO Brasil foi descoberto pelos ind\u00edgenas\u201d<\/strong>\u00a0\u2014 declara\u00e7\u00e3o considerada imprecisa do ponto de vista hist\u00f3rico ao tratar da origem do pa\u00eds.<\/li>\n<li><strong>\u201cN\u00f3s temos uma profunda gratid\u00e3o ao continente africano por tudo o que foi produzido durante 350 anos de escravid\u00e3o no nosso pa\u00eds\u201d\u00a0<\/strong>\u2014 coment\u00e1rio sobre o passado escravocrata que gerou cr\u00edticas por minimizar o impacto hist\u00f3rico da escravid\u00e3o.<\/li>\n<li><strong>\u201cIsso \u00e9 fotografia para colocar representando o Brasil no exterior? Um cara sem dentes e ainda negro?\u201d\u00a0<\/strong>\u2014 fala de Lula em evento sobre uma campanha do governo, que foi considerada de cunho racista por cr\u00edticos.<\/li>\n<li><strong>\u201cAfrodescendente assim gosta de um batuque de tambor\u201d\u00a0<\/strong>\u2014 declara\u00e7\u00e3o feita sobre uma jovem negra de 20 anos, durante evento em S\u00e3o Paulo, que tamb\u00e9m foi duramente criticada pela oposi\u00e7\u00e3o.<\/li>\n<li><strong>\u201cPessoa com defici\u00eancia tem problema de parafuso\u201d<\/strong>\u00a0\u2014 fala considerada ofensiva ao abordar inclus\u00e3o de pessoas com defici\u00eancia.<\/li>\n<li><strong>\u201cO agroneg\u00f3cio que \u00e9 fascista e direitista\u201d<\/strong>\u00a0\u2014 fala direcionada a parte do setor agropecu\u00e1rio, provocando forte rea\u00e7\u00e3o de representantes do segmento.<\/li>\n<li><strong>\u201cUma m\u00e1quina de lavar roupa \u00e9 uma coisa muito importante para as mulheres\u201d<\/strong>\u00a0 \u2014 coment\u00e1rio que foi considerado de cunho machista, realizado pelo petista durante evento.<\/li>\n<li><strong>\u201cQuer bater em mulher, vai bater em outro lugar\u201d<\/strong>\u00a0\u2014 disse o presidente sobre a viol\u00eancia dom\u00e9stica.<\/li>\n<\/ul>\n<p><strong><a href=\"https:\/\/revistaoeste.com\/politica\/lula-fez-mais-de-150-declaracoes-controversas-no-3o-mandato-diz-jornal\/\">Cr\u00e9dito Revista Oeste<\/a><\/strong><\/p>\n<\/div>\n<p><br \/>\n<br \/><a href=\"https:\/\/paulofigueiredoshow.com\/lula-fez-mais-de-150-declaracoes-controversas-no-3o-mandato-diz-jornal\/\">Source link <\/a><\/p>","protected":false},"excerpt":{"rendered":"<p>Levantamento mostra falas do presidente que envolvem ofensas, pol\u00edtica internacional e gafes recorrentes Um\u00a0levantamento do portal Poder360\u00a0aponta que o presidente\u00a0Luiz In\u00e1cio Lula da Silva\u00a0acumula ao menos 157 declara\u00e7\u00f5es controversas desde&hellip;<\/p>","protected":false},"author":1,"featured_media":128851,"comment_status":"closed","ping_status":"open","sticky":false,"template":"","format":"standard","meta":{"content-type":"","footnotes":""},"categories":[16],"tags":[],"class_list":["post-128850","post","type-post","status-publish","format-standard","has-post-thumbnail","hentry","category-noticias"],"_links":{"self":[{"href":"https:\/\/tvbrazilusa.com\/pt\/wp-json\/wp\/v2\/posts\/128850","targetHints":{"allow":["GET"]}}],"collection":[{"href":"https:\/\/tvbrazilusa.com\/pt\/wp-json\/wp\/v2\/posts"}],"about":[{"href":"https:\/\/tvbrazilusa.com\/pt\/wp-json\/wp\/v2\/types\/post"}],"author":[{"embeddable":true,"href":"https:\/\/tvbrazilusa.com\/pt\/wp-json\/wp\/v2\/users\/1"}],"replies":[{"embeddable":true,"href":"https:\/\/tvbrazilusa.com\/pt\/wp-json\/wp\/v2\/comments?post=128850"}],"version-history":[{"count":1,"href":"https:\/\/tvbrazilusa.com\/pt\/wp-json\/wp\/v2\/posts\/128850\/revisions"}],"predecessor-version":[{"id":128852,"href":"https:\/\/tvbrazilusa.com\/pt\/wp-json\/wp\/v2\/posts\/128850\/revisions\/128852"}],"wp:featuredmedia":[{"embeddable":true,"href":"https:\/\/tvbrazilusa.com\/pt\/wp-json\/wp\/v2\/media\/128851"}],"wp:attachment":[{"href":"https:\/\/tvbrazilusa.com\/pt\/wp-json\/wp\/v2\/media?parent=128850"}],"wp:term":[{"taxonomy":"category","embeddable":true,"href":"https:\/\/tvbrazilusa.com\/pt\/wp-json\/wp\/v2\/categories?post=128850"},{"taxonomy":"post_tag","embeddable":true,"href":"https:\/\/tvbrazilusa.com\/pt\/wp-json\/wp\/v2\/tags?post=128850"}],"curies":[{"name":"wp","href":"https:\/\/api.w.org\/{rel}","templated":true}]}}