{"id":128856,"date":"2026-03-30T16:19:29","date_gmt":"2026-03-30T16:19:29","guid":{"rendered":"https:\/\/tvbrazilusa.com\/2026\/03\/30\/moraes-cobra-explicacoes-sobre-fala-em-que-eduardo-diz-mostrar-video-a-bolsonaro-paulo-figueiredo\/"},"modified":"2026-03-31T20:19:22","modified_gmt":"2026-03-31T20:19:22","slug":"moraes-cobra-explicacoes-sobre-fala-em-que-eduardo-diz-mostrar-video-a-bolsonaro-paulo-figueiredo","status":"publish","type":"post","link":"https:\/\/tvbrazilusa.com\/pt\/2026\/03\/30\/moraes-cobra-explicacoes-sobre-fala-em-que-eduardo-diz-mostrar-video-a-bolsonaro-paulo-figueiredo\/","title":{"rendered":"Moraes cobra explica\u00e7\u00f5es sobre fala em que Eduardo diz mostrar v\u00eddeo a Bolsonaro &#8211; Paulo Figueiredo"},"content":{"rendered":"<p> <script async src=\"https:\/\/pagead2.googlesyndication.com\/pagead\/js\/adsbygoogle.js?client=ca-pub-8864793242727901\"\r\n     crossorigin=\"anonymous\"><\/script><br \/>\n<\/p>\n<div id=\"wtr-content\" data-bg=\"#FFFFFF\" data-fg=\"#006d91\" data-width=\"25\" data-mute=\"1\" data-fgopacity=\"1.00\" data-mutedopacity=\"0.5\" data-placement=\"bottom\" data-placement-offset=\"0\" data-content-offset=\"262\" data-placement-touch=\"bottom\" data-placement-offset-touch=\"0\" data-transparent=\"\" data-shadow=\"0\" data-touch=\"1\" data-non-touch=\"1\" data-comments=\"0\" data-commentsbg=\"transparent\" data-location=\"page\" data-mutedfg=\"#006d91\" data-endfg=\"#006d91\" data-rtl=\"\">\n<p>O ministro do Supremo Tribunal Federal (STF) Alexandre de Moraes deu 24 horas para que a defesa do ex-presidente Jair Bolsonaro (PL) explique uma fala em que o ex-deputado federal Eduardo Bolsonaro (PL) menciona que estaria em contato com seu pai por meio de um v\u00eddeo. A decis\u00e3o foi assinada neste domingo (29) e divulgada nesta segunda-feira (30).<\/p>\n<p>\u201cVoc\u00eas sabem por que eu estou fazendo esse v\u00eddeo? Porque eu\u00a0estou mostrando para o meu pai\u00a0e eu vou provar para todo mundo no Brasil que voc\u00ea n\u00e3o pode calar um movimento de forma injusta, tirando o seu l\u00edder, Jair Messias Bolsonaro. Muito obrigado\u201d, diz o ex-deputado federal, em ingl\u00eas. A fala ocorreu no \u00faltimo s\u00e1bado (28).<\/p>\n<p>Ao conceder a pris\u00e3o domiciliar humanit\u00e1ria a Bolsonaro, Moraes imp\u00f4s diversas restri\u00e7\u00f5es, entre elas a proibi\u00e7\u00e3o de utilizar \u201ccelular, telefone<br \/>ou qualquer outro meio de comunica\u00e7\u00e3o externa, diretamente ou por interm\u00e9dio de terceiros\u201d e a \u201cproibi\u00e7\u00e3o de grava\u00e7\u00e3o de v\u00eddeos ou \u00e1udios, diretamente ou por interm\u00e9dio de terceiros\u201d.<\/p>\n<h4 class=\"wp-block-heading\">Ministro usa postagem de internauta que pede para conte\u00fado chegar a seu conhecimento<\/h4>\n<figure class=\"wp-block-image aligncenter\"><\/figure>\n<p>No despacho, Moraes coloca uma captura de tela de um internauta que, ao divulgar um trecho da fala de Eduardo na Conservative Political Action Conference (CPAC), diz que \u201cesse v\u00eddeo precisa chegar ao ministro Alexandre de Moraes\u201d.<\/p>\n<p>\u201cEduardo Bolsonaro, no evento de extrema-direita nos Estados Unidos, estava fazendo uma transmiss\u00e3o ao vivo para mostrar o que tava acontecendo no evento ao Bolsonaro, que est\u00e1 em pris\u00e3o domiciliar sem poder ter acesso a nenhuma rede social. Isso pode ser considerado descumprimento das medidas judiciais que foram impostas\u201d, argumenta o internauta.<\/p>\n<p>Jair Bolsonaro deixou o hospital DF Star nesta sexta-feira (27). Com a alta, come\u00e7ou a contar o prazo de 90 dias da pris\u00e3o domiciliar humanit\u00e1ria tempor\u00e1ria. Moraes considerou o tempo para a recupera\u00e7\u00e3o da broncopneumonia bacteriana, mas o m\u00e9dico Brasil Caiado, que integra a equipe m\u00e9dica do ex-presidente, revelou que ele ainda deve passar por uma cirurgia no ombro direito, ainda sem previs\u00e3o para ocorrer.<\/p>\n<p><strong><a href=\"https:\/\/www.gazetadopovo.com.br\/republica\/moraes-cobra-explicacoes-sobre-fala-em-que-eduardo-diz-mostrar-video-a-bolsonaro\/\">Cr\u00e9dito Gazeta do Povo<\/a><\/strong><\/p>\n<\/div>\n<p><br \/>\n<br \/><a href=\"https:\/\/paulofigueiredoshow.com\/moraes-cobra-explicacoes-sobre-fala-em-que-eduardo-diz-mostrar-video-a-bolsonaro\/\">Source link <\/a><\/p>","protected":false},"excerpt":{"rendered":"<p>O ministro do Supremo Tribunal Federal (STF) Alexandre de Moraes deu 24 horas para que a defesa do ex-presidente Jair Bolsonaro (PL) explique uma fala em que o ex-deputado federal&hellip;<\/p>","protected":false},"author":1,"featured_media":128857,"comment_status":"closed","ping_status":"open","sticky":false,"template":"","format":"standard","meta":{"content-type":"","footnotes":""},"categories":[16],"tags":[],"class_list":["post-128856","post","type-post","status-publish","format-standard","has-post-thumbnail","hentry","category-noticias"],"_links":{"self":[{"href":"https:\/\/tvbrazilusa.com\/pt\/wp-json\/wp\/v2\/posts\/128856","targetHints":{"allow":["GET"]}}],"collection":[{"href":"https:\/\/tvbrazilusa.com\/pt\/wp-json\/wp\/v2\/posts"}],"about":[{"href":"https:\/\/tvbrazilusa.com\/pt\/wp-json\/wp\/v2\/types\/post"}],"author":[{"embeddable":true,"href":"https:\/\/tvbrazilusa.com\/pt\/wp-json\/wp\/v2\/users\/1"}],"replies":[{"embeddable":true,"href":"https:\/\/tvbrazilusa.com\/pt\/wp-json\/wp\/v2\/comments?post=128856"}],"version-history":[{"count":1,"href":"https:\/\/tvbrazilusa.com\/pt\/wp-json\/wp\/v2\/posts\/128856\/revisions"}],"predecessor-version":[{"id":128858,"href":"https:\/\/tvbrazilusa.com\/pt\/wp-json\/wp\/v2\/posts\/128856\/revisions\/128858"}],"wp:featuredmedia":[{"embeddable":true,"href":"https:\/\/tvbrazilusa.com\/pt\/wp-json\/wp\/v2\/media\/128857"}],"wp:attachment":[{"href":"https:\/\/tvbrazilusa.com\/pt\/wp-json\/wp\/v2\/media?parent=128856"}],"wp:term":[{"taxonomy":"category","embeddable":true,"href":"https:\/\/tvbrazilusa.com\/pt\/wp-json\/wp\/v2\/categories?post=128856"},{"taxonomy":"post_tag","embeddable":true,"href":"https:\/\/tvbrazilusa.com\/pt\/wp-json\/wp\/v2\/tags?post=128856"}],"curies":[{"name":"wp","href":"https:\/\/api.w.org\/{rel}","templated":true}]}}