{"id":128868,"date":"2026-03-31T20:39:58","date_gmt":"2026-03-31T20:39:58","guid":{"rendered":"https:\/\/tvbrazilusa.com\/2026\/03\/31\/cpi-do-crime-organizado-restabelece-quebras-de-sigilo-depois-de-decisao-de-moraes-paulo-figueiredo\/"},"modified":"2026-03-31T20:43:07","modified_gmt":"2026-03-31T20:43:07","slug":"cpi-do-crime-organizado-restabelece-quebras-de-sigilo-depois-de-decisao-de-moraes-paulo-figueiredo","status":"publish","type":"post","link":"https:\/\/tvbrazilusa.com\/pt\/2026\/03\/31\/cpi-do-crime-organizado-restabelece-quebras-de-sigilo-depois-de-decisao-de-moraes-paulo-figueiredo\/","title":{"rendered":"CPI do Crime Organizado restabelece quebras de sigilo, depois de decis\u00e3o de Moraes &#8211; Paulo Figueiredo"},"content":{"rendered":"<p> <script async src=\"https:\/\/pagead2.googlesyndication.com\/pagead\/js\/adsbygoogle.js?client=ca-pub-8864793242727901\"\r\n     crossorigin=\"anonymous\"><\/script><br \/>\n<\/p>\n<div id=\"wtr-content\" data-bg=\"#FFFFFF\" data-fg=\"#006d91\" data-width=\"25\" data-mute=\"1\" data-fgopacity=\"1.00\" data-mutedopacity=\"0.5\" data-placement=\"bottom\" data-placement-offset=\"0\" data-content-offset=\"262\" data-placement-touch=\"bottom\" data-placement-offset-touch=\"0\" data-transparent=\"\" data-shadow=\"0\" data-touch=\"1\" data-non-touch=\"1\" data-comments=\"0\" data-commentsbg=\"transparent\" data-location=\"page\" data-mutedfg=\"#006d91\" data-endfg=\"#006d91\" data-rtl=\"\">\n<h4 class=\"wp-block-heading\">Ministro do STF havia determinado que esse tipo de requerimento n\u00e3o pode ser votado em bloco<\/h4>\n<p>A\u00a0Comiss\u00e3o Parlamentar de Inqu\u00e9rito\u00a0(CPI) do Crime Organizado votou nesta ter\u00e7a-feira, 31, mais de dez quebras de sigilos banc\u00e1rios e fiscais de alvos das investiga\u00e7\u00f5es do Banco Master. Trata-se de restabelecimento de quebras j\u00e1 deliberadas anteriormente. Dentre os alvos, est\u00e3o Fabiano Zettel, cunhado de Daniel Vorcaro, dono do Master.<\/p>\n<p>Os requerimentos aprovados anteriormente pela comiss\u00e3o foram anulados pelo\u00a0Supremo Tribunal Federal\u00a0(STF) por ter sido analisados em bloco. Isso tamb\u00e9m ocorreu na CPMI do INSS, que aprovou a quebra de sigilo de F\u00e1bio Lu\u00eds Lula da Silva, o Lulinha, filho mais velho do presidente Luiz In\u00e1cio Lula da Silva (PT).<\/p>\n<p>O presidente do\u00a0colegiado, senador Fabiano Contarato (PT-ES), explicou que a decis\u00e3o do ministro do STF Alexandre de Moraes tem efeito retroativo. Ou seja, todas aquelas transfer\u00eancias \u201cque n\u00f3s aprovamos pelo \u00f3rg\u00e3o colegiado, com base em um requerimento fundamentado, est\u00e3o sob pena de nulidade\u201d. Por isso foi necess\u00e1ria uma nova vota\u00e7\u00e3o.<\/p>\n<p>Moraes ainda determinou que, para o colegiado ter acesso \u00e0 quebra de sigilo, precisa apresentar ao \u00f3rg\u00e3o destinat\u00e1rio a requisi\u00e7\u00e3o \u2014 no caso, o Conselho de Controle de Atividades Financeiras (Coaf) \u2014 para proceder \u00e0 verifica\u00e7\u00e3o da pertin\u00eancia tem\u00e1tica e da adequa\u00e7\u00e3o dos fundamentos apresentados pela comiss\u00e3o no momento da solicita\u00e7\u00e3o das informa\u00e7\u00f5es.<\/p>\n<p>Segundo Contarato, essa decis\u00e3o \u201cultrapassa o aspecto meramente operacional e atinge o n\u00facleo da autonomia institucional das CPIs e CPMIs, bem como a pr\u00f3pria arquitetura do sistema de freios e contrapesos prevista na Constitui\u00e7\u00e3o.\u201d<\/p>\n<p>Para evitar desacordos com a Suprema Corte, Contarato determinou que o colegiado repetisse todas as vota\u00e7\u00f5es de forma nominal. Os senadores aprovaram, novamente, todos os requerimentos.<\/p>\n<p>\u201cA institui\u00e7\u00e3o Supremo Tribunal Federal tem import\u00e2ncia central naquilo que chamo de espinha dorsal do Estado Democr\u00e1tico de Direito, que \u00e9 a Constitui\u00e7\u00e3o da Rep\u00fablica Federativa do Brasil\u201d, refor\u00e7ou o presidente da CPI. \u201cMas n\u00e3o podemos admitir certas situa\u00e7\u00f5es.\u201d<\/p>\n<h4 class=\"wp-block-heading\" id=\"h-cpi-reaprova-quebra-de-sigilo\">CPI reaprova quebra de sigilo<\/h4>\n<p>Nesta ter\u00e7a-feira, o\u00a0colegiado\u00a0aprovou o requerimento que pede ao Coaf o envio do Relat\u00f3rio de Intelig\u00eancia Financeira (RIF) dos sigilos banc\u00e1rio e fiscal de Fabiano Zettel.<\/p>\n<p>O requerimento, de autoria do senador Humberto Costa (PT-PE), se refere ao per\u00edodo de 1\u00b0 de janeiro de 2022 a 2 de mar\u00e7o de 2026.<\/p>\n<p>\u201cOs elementos colhidos at\u00e9 o momento apontam para a exist\u00eancia de uma rede de rela\u00e7\u00f5es financeiras que envolve fundos de investimento sob influ\u00eancia de Zettel \u2014 a exemplo do fundo Arleen \u2014, a Reag Investimentos e o Banco Master\u201d, afirma o texto. \u201cSugerindo a poss\u00edvel utiliza\u00e7\u00e3o dessas estruturas como canais para a circula\u00e7\u00e3o e oculta\u00e7\u00e3o de recursos de origem il\u00edcita.\u201d<\/p>\n<p>Segundo os parlamentares, \u201ctais ind\u00edcios, embora ainda em fase de apura\u00e7\u00e3o, s\u00e3o suficientemente relevantes para justificar a ado\u00e7\u00e3o de medidas que permitam esclarecer o alcance e a din\u00e2mica dessas opera\u00e7\u00f5es\u201d.<\/p>\n<p>De acordo com informa\u00e7\u00f5es do Coaf, Zettel movimentou R$ 99,2 milh\u00f5es entre junho de 2021 e janeiro de 2022. Segundo o \u00f3rg\u00e3o, o valor \u00e9 \u201cincompat\u00edvel com a capacidade financeira\u201d do empres\u00e1rio.<\/p>\n<p><strong>Veja a lista de requerimentos de quebra de sigilo aprovados nesta ter\u00e7a-feira, 31:<\/strong><\/p>\n<ul class=\"wp-block-list\">\n<li>Kairos FIP EE: solicita transfer\u00eancia de sigilos (banc\u00e1rio, fiscal, telef\u00f4nico e telem\u00e1tico);<\/li>\n<li>Artur Martins de Figueiredo: solicita transfer\u00eancia de sigilos (banc\u00e1rio, fiscal, telef\u00f4nico e telem\u00e1tico);<\/li>\n<li>Marcus Vinicius da Mata: solicita transfer\u00eancia de sigilos (banc\u00e1rio, fiscal, telef\u00f4nico e telem\u00e1tico);<\/li>\n<li>Prime Aviation Participa\u00e7\u00f5es e Servi\u00e7os S.A.: solicita transfer\u00eancia de sigilos (banc\u00e1rio, fiscal, telef\u00f4nico e telem\u00e1tico);<\/li>\n<li>Cl\u00ednica Mais M\u00e9dicos S.A.: solicita transfer\u00eancia de sigilos (banc\u00e1rio, fiscal, telef\u00f4nico e telem\u00e1tico);<\/li>\n<li>Laguz I FIDC-NP: solicita transfer\u00eancia de sigilos (banc\u00e1rio, fiscal, telef\u00f4nico e telem\u00e1tico);<\/li>\n<li>Ahmed Mohamad Oliveira: solicita transfer\u00eancia de sigilos (banc\u00e1rio e fiscal);<\/li>\n<li>Fabiano Campos Zettel: solicita transfer\u00eancia de sigilos (banc\u00e1rio e fiscal);<\/li>\n<li>Fraction 024 Administra\u00e7\u00e3o de Bem Pr\u00f3prio S.A.: solicita transfer\u00eancia de sigilos (banc\u00e1rio, fiscal, telef\u00f4nico e telem\u00e1tico);<\/li>\n<li>BNDES (Nova Rota do Oeste): solicita informa\u00e7\u00f5es sobre opera\u00e7\u00e3o de R$ 5,05 bilh\u00f5es, para apurar poss\u00edveis irregularidades em financiamento p\u00fablico;<\/li>\n<li>For\u00e7a A\u00e9rea Brasileira (aeronaves espec\u00edficas): solicita dados de planos de voo, para mapear deslocamentos e conex\u00f5es entre investigados.<\/li>\n<\/ul>\n<p><strong><a href=\"https:\/\/revistaoeste.com\/politica\/cpi-do-crime-organizado-restabelece-quebras-de-sigilo-depois-de-decisao-de-moraes\/\">Cr\u00e9dito Revista Oeste<\/a><\/strong><\/p>\n<\/div>\n<p><br \/>\n<br \/><a href=\"https:\/\/paulofigueiredoshow.com\/cpi-do-crime-organizado-restabelece-quebras-de-sigilo-depois-de-decisao-de-moraes\/\">Source link <\/a><\/p>","protected":false},"excerpt":{"rendered":"<p>Ministro do STF havia determinado que esse tipo de requerimento n\u00e3o pode ser votado em bloco A\u00a0Comiss\u00e3o Parlamentar de Inqu\u00e9rito\u00a0(CPI) do Crime Organizado votou nesta ter\u00e7a-feira, 31, mais de dez&hellip;<\/p>","protected":false},"author":1,"featured_media":128869,"comment_status":"closed","ping_status":"open","sticky":false,"template":"","format":"standard","meta":{"content-type":"","footnotes":""},"categories":[16],"tags":[],"class_list":["post-128868","post","type-post","status-publish","format-standard","has-post-thumbnail","hentry","category-noticias"],"_links":{"self":[{"href":"https:\/\/tvbrazilusa.com\/pt\/wp-json\/wp\/v2\/posts\/128868","targetHints":{"allow":["GET"]}}],"collection":[{"href":"https:\/\/tvbrazilusa.com\/pt\/wp-json\/wp\/v2\/posts"}],"about":[{"href":"https:\/\/tvbrazilusa.com\/pt\/wp-json\/wp\/v2\/types\/post"}],"author":[{"embeddable":true,"href":"https:\/\/tvbrazilusa.com\/pt\/wp-json\/wp\/v2\/users\/1"}],"replies":[{"embeddable":true,"href":"https:\/\/tvbrazilusa.com\/pt\/wp-json\/wp\/v2\/comments?post=128868"}],"version-history":[{"count":1,"href":"https:\/\/tvbrazilusa.com\/pt\/wp-json\/wp\/v2\/posts\/128868\/revisions"}],"predecessor-version":[{"id":128870,"href":"https:\/\/tvbrazilusa.com\/pt\/wp-json\/wp\/v2\/posts\/128868\/revisions\/128870"}],"wp:featuredmedia":[{"embeddable":true,"href":"https:\/\/tvbrazilusa.com\/pt\/wp-json\/wp\/v2\/media\/128869"}],"wp:attachment":[{"href":"https:\/\/tvbrazilusa.com\/pt\/wp-json\/wp\/v2\/media?parent=128868"}],"wp:term":[{"taxonomy":"category","embeddable":true,"href":"https:\/\/tvbrazilusa.com\/pt\/wp-json\/wp\/v2\/categories?post=128868"},{"taxonomy":"post_tag","embeddable":true,"href":"https:\/\/tvbrazilusa.com\/pt\/wp-json\/wp\/v2\/tags?post=128868"}],"curies":[{"name":"wp","href":"https:\/\/api.w.org\/{rel}","templated":true}]}}