{"id":128871,"date":"2026-03-31T13:00:00","date_gmt":"2026-03-31T13:00:00","guid":{"rendered":"https:\/\/tvbrazilusa.com\/2026\/03\/31\/entidades-pressionam-para-que-ze-trovao-seja-relator-da-mp-dos-caminhoneiros\/"},"modified":"2026-03-31T20:48:59","modified_gmt":"2026-03-31T20:48:59","slug":"entidades-pressionam-para-que-ze-trovao-seja-relator-da-mp-dos-caminhoneiros","status":"publish","type":"post","link":"https:\/\/tvbrazilusa.com\/pt\/2026\/03\/31\/entidades-pressionam-para-que-ze-trovao-seja-relator-da-mp-dos-caminhoneiros\/","title":{"rendered":"Entidades pressionam para que Z\u00e9 Trov\u00e3o seja relator da MP dos caminhoneiros"},"content":{"rendered":"<p> <script async src=\"https:\/\/pagead2.googlesyndication.com\/pagead\/js\/adsbygoogle.js?client=ca-pub-8864793242727901\"\r\n     crossorigin=\"anonymous\"><\/script><br \/>\n<\/p>\n<div id=\"cd-article-content\">\n<p>Entidades representativas do <strong><a href=\"https:\/\/www.gov.br\/transportes\/pt-br\/assuntos\/transporte-terrestre\/transporte-rodoviario-de-cargas\" target=\"_blank\" rel=\"noopener\">Transporte Rodovi\u00e1rio de Cargas (TRC)<\/a><\/strong> formalizaram manifesto nesta manh\u00e3 (31) em defesa da indica\u00e7\u00e3o do deputado federal <strong><a href=\"https:\/\/claudiodantas.com.br\/tag\/ze-trovao-2\/\" data-type=\"post_tag\" data-id=\"14548\">Z\u00e9 Trov\u00e3o (PL-SC)<\/a><\/strong> para a relatoria da <strong><a href=\"https:\/\/claudiodantas.com.br\/tag\/caminhoneiros\/\" data-type=\"post_tag\" data-id=\"10874\">MP dos caminhoneiros<\/a><\/strong>, editada recentemente pelo <strong>governo Lula (PT)<\/strong>.<\/p>\n<p><a href=\"https:\/\/whatsapp.com\/channel\/0029VaTFkH2HVvTbkE883x1x\" target=\"_blank\" class=\"whatsapp-channel-message\" rel=\"noopener\">\u2705 Siga o canal do Claudio Dantas no WhatsApp<\/a><\/p>\n<p>A proposta altera a Lei n\u00ba 13.703\/2018 e visa ao endurecimento da fiscaliza\u00e7\u00e3o do piso m\u00ednimo do frete, estabelecendo a obrigatoriedade do CIOT em todas as opera\u00e7\u00f5es para garantir transpar\u00eancia e identificar o valor efetivamente pago aos motoristas.<\/p>\n<p>Para o setor, o tema \u00e9 considerado urgente e vital para a sustentabilidade econ\u00f4mica da atividade, uma vez que busca equilibrar as rela\u00e7\u00f5es contratuais e proteger a renda de caminhoneiros aut\u00f4nomos e transportadores.<\/p>\n<p>O documento pr\u00f3-Z\u00e9 Trov\u00e3o j\u00e1 conta com as assinaturas de: Diumar Bueno, presidente da Confedera\u00e7\u00e3o Nacional dos Transportadores Aut\u00f4nomos; Janderson Ma\u00e7aneiro, presidente da Associa\u00e7\u00e3o Catarinense dos Transportadores Rodovi\u00e1rios de Carga (ACTRC); e Jo\u00e3o Batista Diniz, presidente da CEBRASSE.<\/p>\n<p>No texto, os l\u00edderes argumentam que a complexidade da mat\u00e9ria exige um parlamentar que re\u00fana legitimidade de origem e conhecimento pr\u00e1tico do dia a dia das estradas. O setor defende que Z\u00e9 Trov\u00e3o \u00e9 o nome mais adequado para conduzir o debate na C\u00e2mara por ser o \u00fanico parlamentar com trajet\u00f3ria direta na categoria.<\/p>\n<p>O deputado federal estar\u00e1 nesta ter\u00e7a (31) no Porto de Santos (SP), conversando com lideran\u00e7as do transporte, como o SINDICAM, sobre a MP do governo.<\/p>\n<p>No pedido pr\u00f3-Z\u00e9 Trov\u00e3o , as entidades destacam a capacidade de interlocu\u00e7\u00e3o do deputado com sindicatos e federa\u00e7\u00f5es em todo o Brasil. Segundo o manifesto, essa representatividade facilitaria a constru\u00e7\u00e3o de solu\u00e7\u00f5es legislativas que atendam \u00e0s reais necessidades do transporte brasileiro e garantam a seguran\u00e7a jur\u00eddica necess\u00e1ria para o fortalecimento da atividade econ\u00f4mica.<\/p>\n<p>A expectativa \u00e9 que outras entidades do transporte rodovi\u00e1rio devam aderir ao manifesto no decorrer do dia.<\/p>\n<div class=\"wp-block-image\">\n<figure class=\"aligncenter size-full is-resized\"><figcaption class=\"wp-element-caption\"><strong>Foto: Divulga\u00e7\u00e3o\/Governo Federal<\/strong><\/figcaption><\/figure>\n<\/div>\n<\/div>\n<p><script type=\"60714ea42c716482850283e4-text\/javascript\">!function(f,b,e,v,n,t,s){if(f.fbq)return;n=f.fbq=function(){n.callMethod?n.callMethod.apply(n,arguments):n.queue.push(arguments)};if(!f._fbq)f._fbq=n;n.push=n;n.loaded=!0;n.version='2.0';n.queue=[];t=b.createElement(e);t.async=!0;t.src=v;s=b.getElementsByTagName(e)[0];s.parentNode.insertBefore(t,s)}(window,document,'script','https:\/\/connect.facebook.net\/en_US\/fbevents.js');fbq('init','1423865622537930');fbq('track','PageView');<\/script><br \/>\n<br \/><br \/>\n<br \/><a href=\"https:\/\/claudiodantas.com.br\/entidades-ze-trovao-relator-mp-caminhoneiros\/\">Source link <\/a><\/p>","protected":false},"excerpt":{"rendered":"<p>Entidades representativas do Transporte Rodovi\u00e1rio de Cargas (TRC) formalizaram manifesto nesta manh\u00e3 (31) em defesa da indica\u00e7\u00e3o do deputado federal Z\u00e9 Trov\u00e3o (PL-SC) para a relatoria da MP dos caminhoneiros,&hellip;<\/p>","protected":false},"author":1,"featured_media":128872,"comment_status":"closed","ping_status":"open","sticky":false,"template":"","format":"standard","meta":{"content-type":"","footnotes":""},"categories":[16],"tags":[],"class_list":["post-128871","post","type-post","status-publish","format-standard","has-post-thumbnail","hentry","category-noticias"],"_links":{"self":[{"href":"https:\/\/tvbrazilusa.com\/pt\/wp-json\/wp\/v2\/posts\/128871","targetHints":{"allow":["GET"]}}],"collection":[{"href":"https:\/\/tvbrazilusa.com\/pt\/wp-json\/wp\/v2\/posts"}],"about":[{"href":"https:\/\/tvbrazilusa.com\/pt\/wp-json\/wp\/v2\/types\/post"}],"author":[{"embeddable":true,"href":"https:\/\/tvbrazilusa.com\/pt\/wp-json\/wp\/v2\/users\/1"}],"replies":[{"embeddable":true,"href":"https:\/\/tvbrazilusa.com\/pt\/wp-json\/wp\/v2\/comments?post=128871"}],"version-history":[{"count":1,"href":"https:\/\/tvbrazilusa.com\/pt\/wp-json\/wp\/v2\/posts\/128871\/revisions"}],"predecessor-version":[{"id":128873,"href":"https:\/\/tvbrazilusa.com\/pt\/wp-json\/wp\/v2\/posts\/128871\/revisions\/128873"}],"wp:featuredmedia":[{"embeddable":true,"href":"https:\/\/tvbrazilusa.com\/pt\/wp-json\/wp\/v2\/media\/128872"}],"wp:attachment":[{"href":"https:\/\/tvbrazilusa.com\/pt\/wp-json\/wp\/v2\/media?parent=128871"}],"wp:term":[{"taxonomy":"category","embeddable":true,"href":"https:\/\/tvbrazilusa.com\/pt\/wp-json\/wp\/v2\/categories?post=128871"},{"taxonomy":"post_tag","embeddable":true,"href":"https:\/\/tvbrazilusa.com\/pt\/wp-json\/wp\/v2\/tags?post=128871"}],"curies":[{"name":"wp","href":"https:\/\/api.w.org\/{rel}","templated":true}]}}