{"id":128906,"date":"2026-04-01T12:20:00","date_gmt":"2026-04-01T12:20:00","guid":{"rendered":"https:\/\/tvbrazilusa.com\/2026\/04\/01\/apos-denuncia-da-pgr-almeida-diz-ser-vitima-de-racismo\/"},"modified":"2026-04-01T12:39:05","modified_gmt":"2026-04-01T12:39:05","slug":"apos-denuncia-da-pgr-almeida-diz-ser-vitima-de-racismo","status":"publish","type":"post","link":"https:\/\/tvbrazilusa.com\/pt\/2026\/04\/01\/apos-denuncia-da-pgr-almeida-diz-ser-vitima-de-racismo\/","title":{"rendered":"Ap\u00f3s den\u00fancia da PGR, Almeida diz ser v\u00edtima de racismo"},"content":{"rendered":"<p> <script async src=\"https:\/\/pagead2.googlesyndication.com\/pagead\/js\/adsbygoogle.js?client=ca-pub-8864793242727901\"\r\n     crossorigin=\"anonymous\"><\/script><br \/>\n<\/p>\n<div id=\"cd-article-content\">\n<p>O ex-ministro dos Direitos Humanos <strong><a href=\"https:\/\/www.instagram.com\/silviolual\/reel\/DWkSvs4kZXm\/\" target=\"_blank\" rel=\"noopener\">Silvio Almeida<\/a><\/strong> se manifestou pela 1\u00aa vez ap\u00f3s a <strong><a href=\"https:\/\/claudiodantas.com.br\/tag\/pgr\/\" data-type=\"post_tag\" data-id=\"187\">Procuradoria-Geral da Rep\u00fablica (PGR)<\/a><\/strong> denunci\u00e1-lo ao Supremo Tribunal Federal (STF) por importuna\u00e7\u00e3o sexual contra a ministra da Igualdade Racial, <strong><a href=\"https:\/\/claudiodantas.com.br\/tag\/anielle-franco\/\" data-type=\"post_tag\" data-id=\"165\">Anielle Franco (PT)<\/a><\/strong>.<\/p>\n<p><a href=\"https:\/\/whatsapp.com\/channel\/0029VaTFkH2HVvTbkE883x1x\" target=\"_blank\" class=\"whatsapp-channel-message\" rel=\"noopener\">\u2705 Siga o canal do Claudio Dantas no WhatsApp<\/a><\/p>\n<p>Em v\u00eddeo publicado ontem (31) nas redes sociais, Almeida afirmou que as acusa\u00e7\u00f5es s\u00e3o mentiras, sugeriu uso pol\u00edtico do caso e criticou sua demiss\u00e3o, que, de acordo com ele, ocorreu sem direito de defesa.<\/p>\n<p>Ele foi indiciado pela Pol\u00edcia Federal (PF) em 14 de novembro de 2025 e denunciado pela PGR em 4 de mar\u00e7o. Almeida havia sido demitido do governo Lula em setembro de 2024, ap\u00f3s acusa\u00e7\u00f5es de ass\u00e9dio envolvendo v\u00e1rias mulheres.<\/p>\n<p>Na grava\u00e7\u00e3o, o ex-ministro diz que \u00e9 \u201cinocente\u201d e que permaneceu em sil\u00eancio por respeito \u00e0 fam\u00edlia e \u00e0s investiga\u00e7\u00f5es, que correm sob sigilo. \u201cO que tenho a dizer sobre esse caso, eu direi no lugar certo, na Justi\u00e7a, diante de um juiz, com meus advogados. E \u00e9 l\u00e1 que eu poderei me defender de verdade, apresentando provas e mostrando como uma causa t\u00e3o importante foi usada para me tirar da vida pol\u00edtica. Durante o inqu\u00e9rito, na pr\u00e1tica, eu n\u00e3o pude me defender. Agora poderei\u201d, afirmou.<\/p>\n<p>Sem citar nomes, Almeida rebateu cr\u00edticas e negou ter influ\u00eancia para evitar sua sa\u00edda do cargo. Tamb\u00e9m afirmou que o epis\u00f3dio envolve racismo. \u201cSobre n\u00f3s \u00e9 mais f\u00e1cil projetar o mal que se quer expurgar. Somos tratados como problema de pol\u00edcia, n\u00e3o como sujeitos pol\u00edticos\u201d, disse.<\/p>\n<p>O ex-ministro de Lula declarou ainda que sofreu \u201clinchamento p\u00fablico\u201d e criticou a atua\u00e7\u00e3o da organiza\u00e7\u00e3o Me Too Brasil, que reuniu den\u00fancias contra ele.<\/p>\n<p>\u201cA organiza\u00e7\u00e3o que tornou p\u00fablicas as supostas den\u00fancias contra mim at\u00e9 agora n\u00e3o apresentou \u00e0s investigadoras nem as informa\u00e7\u00f5es mais elementares, mais b\u00e1sicas, para atestar que essas den\u00fancias existiam de fato\u201d, afirmou.<\/p>\n<p>\u201cEu tenho quase 30 anos de trabalho no Brasil e no exterior sem uma \u00fanica reclama\u00e7\u00e3o\u201d, completou.<\/p>\n<p><strong>*Clique aqui para assistir ao v\u00eddeo de Almeida: <\/strong><a href=\"https:\/\/www.instagram.com\/silviolual\/reel\/DWkSvs4kZXm\/\" target=\"_blank\" rel=\"noopener\">https:\/\/www.instagram.com\/silviolual\/reel\/DWkSvs4kZXm\/<\/a><\/p>\n<div class=\"wp-block-image\">\n<figure class=\"aligncenter size-full is-resized\"><figcaption class=\"wp-element-caption\"><strong>Foto: Reprodu\u00e7\u00e3o\/Instagram<\/strong><\/figcaption><\/figure>\n<\/div>\n<\/div>\n<p><script type=\"f160cbbc2e9cceb447d07e7a-text\/javascript\">!function(f,b,e,v,n,t,s){if(f.fbq)return;n=f.fbq=function(){n.callMethod?n.callMethod.apply(n,arguments):n.queue.push(arguments)};if(!f._fbq)f._fbq=n;n.push=n;n.loaded=!0;n.version='2.0';n.queue=[];t=b.createElement(e);t.async=!0;t.src=v;s=b.getElementsByTagName(e)[0];s.parentNode.insertBefore(t,s)}(window,document,'script','https:\/\/connect.facebook.net\/en_US\/fbevents.js');fbq('init','1423865622537930');fbq('track','PageView');<\/script><script async src=\"\/\/www.instagram.com\/embed.js\"><\/script><br \/>\n<br \/><br \/>\n<br \/><a href=\"https:\/\/claudiodantas.com.br\/denuncia-pgr-almeida-vitima-de-racismo\/\">Source link <\/a><\/p>","protected":false},"excerpt":{"rendered":"<p>O ex-ministro dos Direitos Humanos Silvio Almeida se manifestou pela 1\u00aa vez ap\u00f3s a Procuradoria-Geral da Rep\u00fablica (PGR) denunci\u00e1-lo ao Supremo Tribunal Federal (STF) por importuna\u00e7\u00e3o sexual contra a ministra&hellip;<\/p>","protected":false},"author":1,"featured_media":128907,"comment_status":"closed","ping_status":"open","sticky":false,"template":"","format":"standard","meta":{"content-type":"","footnotes":""},"categories":[16],"tags":[],"class_list":["post-128906","post","type-post","status-publish","format-standard","has-post-thumbnail","hentry","category-noticias"],"_links":{"self":[{"href":"https:\/\/tvbrazilusa.com\/pt\/wp-json\/wp\/v2\/posts\/128906","targetHints":{"allow":["GET"]}}],"collection":[{"href":"https:\/\/tvbrazilusa.com\/pt\/wp-json\/wp\/v2\/posts"}],"about":[{"href":"https:\/\/tvbrazilusa.com\/pt\/wp-json\/wp\/v2\/types\/post"}],"author":[{"embeddable":true,"href":"https:\/\/tvbrazilusa.com\/pt\/wp-json\/wp\/v2\/users\/1"}],"replies":[{"embeddable":true,"href":"https:\/\/tvbrazilusa.com\/pt\/wp-json\/wp\/v2\/comments?post=128906"}],"version-history":[{"count":1,"href":"https:\/\/tvbrazilusa.com\/pt\/wp-json\/wp\/v2\/posts\/128906\/revisions"}],"predecessor-version":[{"id":128908,"href":"https:\/\/tvbrazilusa.com\/pt\/wp-json\/wp\/v2\/posts\/128906\/revisions\/128908"}],"wp:featuredmedia":[{"embeddable":true,"href":"https:\/\/tvbrazilusa.com\/pt\/wp-json\/wp\/v2\/media\/128907"}],"wp:attachment":[{"href":"https:\/\/tvbrazilusa.com\/pt\/wp-json\/wp\/v2\/media?parent=128906"}],"wp:term":[{"taxonomy":"category","embeddable":true,"href":"https:\/\/tvbrazilusa.com\/pt\/wp-json\/wp\/v2\/categories?post=128906"},{"taxonomy":"post_tag","embeddable":true,"href":"https:\/\/tvbrazilusa.com\/pt\/wp-json\/wp\/v2\/tags?post=128906"}],"curies":[{"name":"wp","href":"https:\/\/api.w.org\/{rel}","templated":true}]}}