{"id":128912,"date":"2026-04-01T14:37:00","date_gmt":"2026-04-01T14:37:00","guid":{"rendered":"https:\/\/tvbrazilusa.com\/2026\/04\/01\/trump-diz-que-ira-pediu-cessar-fogo-aos-eua\/"},"modified":"2026-04-01T14:45:08","modified_gmt":"2026-04-01T14:45:08","slug":"trump-diz-que-ira-pediu-cessar-fogo-aos-eua","status":"publish","type":"post","link":"https:\/\/tvbrazilusa.com\/pt\/2026\/04\/01\/trump-diz-que-ira-pediu-cessar-fogo-aos-eua\/","title":{"rendered":"Trump diz que Ir\u00e3 pediu cessar-fogo aos EUA"},"content":{"rendered":"<p> <script async src=\"https:\/\/pagead2.googlesyndication.com\/pagead\/js\/adsbygoogle.js?client=ca-pub-8864793242727901\"\r\n     crossorigin=\"anonymous\"><\/script><br \/>\n<\/p>\n<div id=\"cd-article-content\">\n<p>O presidente dos EUA, <strong><a href=\"https:\/\/claudiodantas.com.br\/tag\/donald-trump\/\" data-type=\"post_tag\" data-id=\"4\">Donald Trump<\/a><\/strong>, afirmou nesta manh\u00e3 (1\u00ba) que o <strong><a href=\"https:\/\/claudiodantas.com.br\/mauro-vieira-presta-solidariedade-ao-ira\/\" data-type=\"post\" data-id=\"92474\">Ir\u00e3<\/a><\/strong> acabou de pedir um cessar-fogo na guerra entre os dois pa\u00edses, que entrou em seu 2\u00ba m\u00eas. A declara\u00e7\u00e3o foi feita em post na <a href=\"https:\/\/truthsocial.com\/@realDonaldTrump\/posts\/116329512466946656\" target=\"_blank\" rel=\"noopener\"><strong>Truth Social<\/strong><\/a>, sua rede social.<\/p>\n<p><a href=\"https:\/\/whatsapp.com\/channel\/0029VaTFkH2HVvTbkE883x1x\" target=\"_blank\" class=\"whatsapp-channel-message\" rel=\"noopener\">\u2705 Siga o canal do Claudio Dantas no WhatsApp<\/a><\/p>\n<p>\u201cO presidente do novo regime do Ir\u00e3, muito menos radicalizado e muito mais inteligente do que seus antecessores, acaba de pedir um CESSAR-FOGO aos Estados Unidos da Am\u00e9rica!\u201d, escreveu o republicano.<\/p>\n<p>\u201cVamos considerar [a proposta] quando o Estreito de Ormuz estiver aberto, livre e desobstru\u00eddo\u201d, continuou Trump. \u201cAt\u00e9 l\u00e1, estamos bombardeando o Ir\u00e3 at\u00e9 sua completa destrui\u00e7\u00e3o ou, como se diz, de volta \u00e0 Idade da Pedra!\u201d.<\/p>\n<p>Ormuz, fechado pelo regime dos aiatol\u00e1s desde o in\u00edcio da guerra, \u00e9 a via mar\u00edtima por onde passa cerca de 20% do fluxo mundial do petr\u00f3leo.<\/p>\n<p>Ap\u00f3s a fala de Trump, a Guarda Revolucion\u00e1ria do Ir\u00e3 afirmou que o estreito permanecer\u00e1 fechado \u201cpara os inimigos\u201d, em refer\u00eancia aos EUA e a Israel. O regime iraniano, no entanto, ainda n\u00e3o se manifestou oficialmente sobre a proposta de cessar-fogo. <\/p>\n<p>A rede de TV Al-Jazeera, estatal do Catar, diz que o Ir\u00e3 negou ter feito o pedido. Teer\u00e3 j\u00e1 havia negado estar em negocia\u00e7\u00f5es diretas com os EUA e j\u00e1 havia recusado uma proposta de cessar-fogo feita por Washington na semana passada.<\/p>\n<p>Na noite de hoje, Trump realizar\u00e1 um pronunciamento \u00e0 na\u00e7\u00e3o com \u201catualiza\u00e7\u00e3o importante\u201d sobre a guerra no Oriente M\u00e9dio. \u00c0 ag\u00eancia de not\u00edcias Reuters, o presidente norte-americano disse nesta manh\u00e3 que vai expressar, no discurso, o \u201cnojo\u201d que tem atualmente com a Otan, principal alian\u00e7a militar do Ocidente.<\/p>\n<p>Em outra entrevista, tamb\u00e9m realizada nesta manh\u00e3, disse que est\u00e1 considerando \u201cseriamente\u201d retirar os EUA da alian\u00e7a. As declara\u00e7\u00f5es acontecem em meio a cr\u00edticas que Trump tem feito contra a Otan e outros aliados por n\u00e3o ajudarem os EUA e Israel na guerra contra o Ir\u00e3.<\/p>\n<div class=\"wp-block-image\">\n<figure class=\"aligncenter size-full is-resized\"><\/figure>\n<\/div>\n<\/div>\n<p><script type=\"3ca2c6c93bae93ea6bea2e74-text\/javascript\">!function(f,b,e,v,n,t,s){if(f.fbq)return;n=f.fbq=function(){n.callMethod?n.callMethod.apply(n,arguments):n.queue.push(arguments)};if(!f._fbq)f._fbq=n;n.push=n;n.loaded=!0;n.version='2.0';n.queue=[];t=b.createElement(e);t.async=!0;t.src=v;s=b.getElementsByTagName(e)[0];s.parentNode.insertBefore(t,s)}(window,document,'script','https:\/\/connect.facebook.net\/en_US\/fbevents.js');fbq('init','1423865622537930');fbq('track','PageView');<\/script><br \/>\n<br \/><br \/>\n<br \/><a href=\"https:\/\/claudiodantas.com.br\/trump-diz-que-ira-pediu-cessar-fogo-aos-eua\/\">Source link <\/a><\/p>","protected":false},"excerpt":{"rendered":"<p>O presidente dos EUA, Donald Trump, afirmou nesta manh\u00e3 (1\u00ba) que o Ir\u00e3 acabou de pedir um cessar-fogo na guerra entre os dois pa\u00edses, que entrou em seu 2\u00ba m\u00eas.&hellip;<\/p>","protected":false},"author":1,"featured_media":128913,"comment_status":"closed","ping_status":"open","sticky":false,"template":"","format":"standard","meta":{"content-type":"","footnotes":""},"categories":[16],"tags":[],"class_list":["post-128912","post","type-post","status-publish","format-standard","has-post-thumbnail","hentry","category-noticias"],"_links":{"self":[{"href":"https:\/\/tvbrazilusa.com\/pt\/wp-json\/wp\/v2\/posts\/128912","targetHints":{"allow":["GET"]}}],"collection":[{"href":"https:\/\/tvbrazilusa.com\/pt\/wp-json\/wp\/v2\/posts"}],"about":[{"href":"https:\/\/tvbrazilusa.com\/pt\/wp-json\/wp\/v2\/types\/post"}],"author":[{"embeddable":true,"href":"https:\/\/tvbrazilusa.com\/pt\/wp-json\/wp\/v2\/users\/1"}],"replies":[{"embeddable":true,"href":"https:\/\/tvbrazilusa.com\/pt\/wp-json\/wp\/v2\/comments?post=128912"}],"version-history":[{"count":1,"href":"https:\/\/tvbrazilusa.com\/pt\/wp-json\/wp\/v2\/posts\/128912\/revisions"}],"predecessor-version":[{"id":128914,"href":"https:\/\/tvbrazilusa.com\/pt\/wp-json\/wp\/v2\/posts\/128912\/revisions\/128914"}],"wp:featuredmedia":[{"embeddable":true,"href":"https:\/\/tvbrazilusa.com\/pt\/wp-json\/wp\/v2\/media\/128913"}],"wp:attachment":[{"href":"https:\/\/tvbrazilusa.com\/pt\/wp-json\/wp\/v2\/media?parent=128912"}],"wp:term":[{"taxonomy":"category","embeddable":true,"href":"https:\/\/tvbrazilusa.com\/pt\/wp-json\/wp\/v2\/categories?post=128912"},{"taxonomy":"post_tag","embeddable":true,"href":"https:\/\/tvbrazilusa.com\/pt\/wp-json\/wp\/v2\/tags?post=128912"}],"curies":[{"name":"wp","href":"https:\/\/api.w.org\/{rel}","templated":true}]}}