{"id":128915,"date":"2026-04-01T16:16:15","date_gmt":"2026-04-01T16:16:15","guid":{"rendered":"https:\/\/tvbrazilusa.com\/2026\/04\/01\/moraes-nega-voos-em-jatinhos-ligados-a-daniel-vorcaro-paulo-figueiredo\/"},"modified":"2026-04-01T16:17:08","modified_gmt":"2026-04-01T16:17:08","slug":"moraes-nega-voos-em-jatinhos-ligados-a-daniel-vorcaro-paulo-figueiredo","status":"publish","type":"post","link":"https:\/\/tvbrazilusa.com\/pt\/2026\/04\/01\/moraes-nega-voos-em-jatinhos-ligados-a-daniel-vorcaro-paulo-figueiredo\/","title":{"rendered":"Moraes nega voos em jatinhos ligados a Daniel Vorcaro &#8211; Paulo Figueiredo"},"content":{"rendered":"<p> <script async src=\"https:\/\/pagead2.googlesyndication.com\/pagead\/js\/adsbygoogle.js?client=ca-pub-8864793242727901\"\r\n     crossorigin=\"anonymous\"><\/script><br \/>\n<\/p>\n<div id=\"wtr-content\" data-bg=\"#FFFFFF\" data-fg=\"#006d91\" data-width=\"25\" data-mute=\"1\" data-fgopacity=\"1.00\" data-mutedopacity=\"0.5\" data-placement=\"bottom\" data-placement-offset=\"0\" data-content-offset=\"262\" data-placement-touch=\"bottom\" data-placement-offset-touch=\"0\" data-transparent=\"\" data-shadow=\"0\" data-touch=\"1\" data-non-touch=\"1\" data-comments=\"0\" data-commentsbg=\"transparent\" data-location=\"page\" data-mutedfg=\"#006d91\" data-endfg=\"#006d91\" data-rtl=\"\">\n<h4 class=\"wp-block-heading\">Gabinete do ministro do STF contesta reportagem da\u00a0<em>Folha<\/em>\u00a0e classifica relato como falso<\/h4>\n<p>O ministro Alexandre de Moraes, do\u00a0Supremo Tribunal Federal (STF), negou ter utilizado aeronaves ligadas ao ex-banqueiro Daniel Vorcaro. A manifesta\u00e7\u00e3o ocorreu nesta ter\u00e7a-feira, 31, em resposta a uma reportagem publicada pelo jornal\u00a0<em>Folha de S.Paulo<\/em>.<\/p>\n<p>A publica\u00e7\u00e3o afirma que Moraes e sua mulher, a advogada Viviane Barci de Moraes, teriam realizado pelo menos sete viagens em jatinhos vinculados \u00e0 empresa Prime Aviation ao longo de 2025. O jornal tamb\u00e9m mencionou um oitavo voo em aeronave associada a Fabiano Zettel, cunhado de Vorcaro.<\/p>\n<p>O gabinete do ministro rejeitou as informa\u00e7\u00f5es e classificou o conte\u00fado divulgado como falso. A nota afirma que Moraes nunca utilizou aeronaves de Vorcaro nem manteve contato com Zettel.<\/p>\n<p>\u201cAs ila\u00e7\u00f5es da fantasiosa mat\u00e9ria s\u00e3o absolutamente falsas\u201d, declarou o gabinete. \u201cO ministro Alexandre de Moraes jamais viajou em nenhum avi\u00e3o de Daniel Vorcaro ou em sua companhia e de Fabiano Zettel, a quem nem conhece.\u201d<\/p>\n<p>Por sua vez, o escrit\u00f3rio Barci de Moraes informou que contratou servi\u00e7os de t\u00e1xi a\u00e9reo, incluindo opera\u00e7\u00f5es realizadas pela Prime Aviation. No entanto, a banca argumentou que os voos ocorreram dentro de contratos regulares de presta\u00e7\u00e3o de servi\u00e7os.<\/p>\n<p>\u201cEm nenhum dos voos em aeronaves da Prime Aviation em que viajaram integrantes do escrit\u00f3rio, no entanto, estiveram presentes Daniel Vorcaro ou Fabiano Zettel\u201d, diz a nota. \u201cAl\u00e9m disso, todos os valores eram pagos compensando os honor\u00e1rios advocat\u00edcios nos termos contratuais.\u201d<\/p>\n<h4 class=\"wp-block-heading\" id=\"h-o-que-mostram-as-viagens-atribuidas-a-moraes\"><strong>O que mostram as viagens atribu\u00eddas a Moraes<\/strong><\/h4>\n<p>Segundo a\u00a0<em>Folha<\/em>, a identifica\u00e7\u00e3o dos voos ocorreu por meio do cruzamento de tr\u00eas bases de dados. Os registros incluem embarques no terminal executivo do Aeroporto de Bras\u00edlia, mantidos pela\u00a0Ag\u00eancia Nacional de Avia\u00e7\u00e3o Civil; dados de decolagens compilados pelo Departamento de Controle do Espa\u00e7o A\u00e9reo, \u00f3rg\u00e3o ligado ao Comando da Aeron\u00e1utica; e informa\u00e7\u00f5es do Registro Aeron\u00e1utico Brasileiro.<\/p>\n<p>Os registros descrevem uma sequ\u00eancia de viagens com origem em Bras\u00edlia, em sua maioria com destino a aeroportos executivos em S\u00e3o Paulo. Em alguns casos, segundo o jornal, o ministro viajou apenas com a mulher; em outros, houve a presen\u00e7a de poucos passageiros adicionais. H\u00e1 tamb\u00e9m um voo em que Moraes embarcou sem Viviane.<\/p>\n<p>O epis\u00f3dio ocorre no contexto de uma rela\u00e7\u00e3o contratual entre o escrit\u00f3rio de Viviane e o Banco Master. Em 2024, a banca firmou um acordo que previa honor\u00e1rios de cerca de R$ 130 milh\u00f5es ao longo de tr\u00eas anos. A liquida\u00e7\u00e3o da institui\u00e7\u00e3o de Vorcaro levou ao encerramento do contrato em novembro de 2025.<\/p>\n<p><strong><a href=\"https:\/\/revistaoeste.com\/politica\/moraes-nega-voos-em-jatinhos-ligados-a-daniel-vorcaro\/\">Cr\u00e9dito Revista Oeste<\/a><\/strong><\/p>\n<\/div>\n<p><br \/>\n<br \/><a href=\"https:\/\/paulofigueiredoshow.com\/moraes-nega-voos-em-jatinhos-ligados-a-daniel-vorcaro\/\">Source link <\/a><\/p>","protected":false},"excerpt":{"rendered":"<p>Gabinete do ministro do STF contesta reportagem da\u00a0Folha\u00a0e classifica relato como falso O ministro Alexandre de Moraes, do\u00a0Supremo Tribunal Federal (STF), negou ter utilizado aeronaves ligadas ao ex-banqueiro Daniel Vorcaro.&hellip;<\/p>","protected":false},"author":1,"featured_media":128916,"comment_status":"closed","ping_status":"open","sticky":false,"template":"","format":"standard","meta":{"content-type":"","footnotes":""},"categories":[16],"tags":[],"class_list":["post-128915","post","type-post","status-publish","format-standard","has-post-thumbnail","hentry","category-noticias"],"_links":{"self":[{"href":"https:\/\/tvbrazilusa.com\/pt\/wp-json\/wp\/v2\/posts\/128915","targetHints":{"allow":["GET"]}}],"collection":[{"href":"https:\/\/tvbrazilusa.com\/pt\/wp-json\/wp\/v2\/posts"}],"about":[{"href":"https:\/\/tvbrazilusa.com\/pt\/wp-json\/wp\/v2\/types\/post"}],"author":[{"embeddable":true,"href":"https:\/\/tvbrazilusa.com\/pt\/wp-json\/wp\/v2\/users\/1"}],"replies":[{"embeddable":true,"href":"https:\/\/tvbrazilusa.com\/pt\/wp-json\/wp\/v2\/comments?post=128915"}],"version-history":[{"count":1,"href":"https:\/\/tvbrazilusa.com\/pt\/wp-json\/wp\/v2\/posts\/128915\/revisions"}],"predecessor-version":[{"id":128917,"href":"https:\/\/tvbrazilusa.com\/pt\/wp-json\/wp\/v2\/posts\/128915\/revisions\/128917"}],"wp:featuredmedia":[{"embeddable":true,"href":"https:\/\/tvbrazilusa.com\/pt\/wp-json\/wp\/v2\/media\/128916"}],"wp:attachment":[{"href":"https:\/\/tvbrazilusa.com\/pt\/wp-json\/wp\/v2\/media?parent=128915"}],"wp:term":[{"taxonomy":"category","embeddable":true,"href":"https:\/\/tvbrazilusa.com\/pt\/wp-json\/wp\/v2\/categories?post=128915"},{"taxonomy":"post_tag","embeddable":true,"href":"https:\/\/tvbrazilusa.com\/pt\/wp-json\/wp\/v2\/tags?post=128915"}],"curies":[{"name":"wp","href":"https:\/\/api.w.org\/{rel}","templated":true}]}}