{"id":12895,"date":"2024-07-30T23:02:47","date_gmt":"2024-07-30T23:02:47","guid":{"rendered":"https:\/\/tvbrazilusa.com\/2024\/07\/30\/maior-faccao-criminosa-da-venezuela-da-72-horas-para-maduro-renunciar-veja-video\/"},"modified":"2024-07-31T04:07:57","modified_gmt":"2024-07-31T04:07:57","slug":"maior-faccao-criminosa-da-venezuela-da-72-horas-para-maduro-renunciar-veja-video","status":"publish","type":"post","link":"https:\/\/tvbrazilusa.com\/pt\/2024\/07\/30\/maior-faccao-criminosa-da-venezuela-da-72-horas-para-maduro-renunciar-veja-video\/","title":{"rendered":"Maior fac\u00e7\u00e3o criminosa da Venezuela d\u00e1 72 horas para maduro renunciar; VEJA V\u00cdDEO"},"content":{"rendered":"<p> <script async src=\"https:\/\/pagead2.googlesyndication.com\/pagead\/js\/adsbygoogle.js?client=ca-pub-8864793242727901\"\r\n     crossorigin=\"anonymous\"><\/script><br \/>\n<\/p>\n<div>\n<p><em>foto: reprodu\u00e7\u00e3o <\/em><\/p>\n<p>Em meio \u00e0 crescente tens\u00e3o na Venezuela, mais um v\u00eddeo pol\u00eamico emergiu, atribu\u00eddo a fac\u00e7\u00f5es locais. Divulgado por jornalistas independentes, o material audiovisual intensifica a crise vivida pelo presidente Nicol\u00e1s Maduro, cuja gest\u00e3o \u00e9 alvo constante de controv\u00e9rsias.<\/p>\n<blockquote class=\"instagram-media\" data-instgrm-captioned=\"\" data-instgrm-permalink=\"https:\/\/www.instagram.com\/p\/C-DkixfRI-a\/?utm_source=ig_embed&#038;utm_campaign=loading\" data-instgrm-version=\"14\" style=\" background:#FFF; border:0; border-radius:3px; box-shadow:0 0 1px 0 rgba(0,0,0,0.5),0 1px 10px 0 rgba(0,0,0,0.15); margin: 1px; max-width:540px; min-width:326px; padding:0; width:99.375%; width:-webkit-calc(100% - 2px); width:calc(100% - 2px);\"\/>\n<p>Os v\u00eddeos v\u00eam se tornando uma ferramenta poderosa e, muitas vezes, perigosa na luta pelo poder no pa\u00eds. A evid\u00eancia capturada nessas grava\u00e7\u00f5es adiciona uma nova camada de complexidade \u00e0 j\u00e1 tumultuada situa\u00e7\u00e3o pol\u00edtica da Venezuela.<\/p>\n<h2 class=\"wp-block-heading\">A Crise Venezuelana Sob o Foco das C\u00e2meras<\/h2>\n<p>Muitos se perguntam como a divulga\u00e7\u00e3o desses v\u00eddeos impacta a administra\u00e7\u00e3o de Nicol\u00e1s Maduro. A resposta \u00e9 direta: cada grava\u00e7\u00e3o evidencia mais as falhas e os desafios enfrentados pelo governo. A oposi\u00e7\u00e3o utiliza essas imagens como prova das alega\u00e7\u00f5es contra o governo, enquanto os apoiadores de Maduro tentam desqualificar o conte\u00fado.<\/p>\n<p>Nos \u00faltimos meses, a divulga\u00e7\u00e3o de v\u00eddeos tornou-se uma pr\u00e1tica comum entre fac\u00e7\u00f5es e grupos opositores. Em muitos casos, esses v\u00eddeos s\u00e3o divulgados como forma de den\u00fancia, mostrando a\u00e7\u00f5es violentas ou abusivas das for\u00e7as de seguran\u00e7a.<\/p>\n<h2 class=\"wp-block-heading\">Por Que Esses V\u00eddeos S\u00e3o T\u00e3o Importantes?<\/h2>\n<p>A import\u00e2ncia desses v\u00eddeos reside no fato de que eles fornecem uma vis\u00e3o realista e muitas vezes crua da situa\u00e7\u00e3o no terreno. Eles trazem \u00e0 tona a\u00e7\u00f5es que podem estar sendo encobertas pelos meios de comunica\u00e7\u00e3o tradicionais. A seguir, alguns motivos pelos quais esses v\u00eddeos s\u00e3o t\u00e3o significativos:<\/p>\n<ul class=\"wp-block-list\">\n<li><strong>Prova Visual:<\/strong> V\u00eddeos servem como prova visual de abusos e viol\u00eancia.\u00a0<\/li>\n<li><strong>Mobiliza\u00e7\u00e3o:<\/strong> Ajudam a mobilizar a opini\u00e3o p\u00fablica contra ou a favor de certos movimentos.<\/li>\n<li><strong>Press\u00e3o Internacional:<\/strong> Podem influenciar a press\u00e3o internacional sobre o governo.<\/li>\n<li><strong>Transpar\u00eancia:<\/strong> Fornecem um n\u00edvel de transpar\u00eancia que muitas vezes falta em relat\u00f3rios oficiais.<\/li>\n<\/ul>\n<p>\u00a0<\/p>\n<h2 class=\"wp-block-heading\">Quais S\u00e3o as Consequ\u00eancias Para Nicol\u00e1s Maduro?<\/h2>\n<p>As consequ\u00eancias para Nicol\u00e1s Maduro v\u00e3o al\u00e9m da imagem p\u00fablica. Cada v\u00eddeo divulgado aumenta a press\u00e3o interna e externa sobre sua administra\u00e7\u00e3o. Seguem algumas das repercuss\u00f5es poss\u00edveis:<\/p>\n<ol class=\"wp-block-list\">\n<li><strong>San\u00e7\u00f5es Internacionais:<\/strong> Com maior visibilidade de abusos, pa\u00edses estrangeiros podem impor novas san\u00e7\u00f5es.<\/li>\n<li><strong>Perda de Apoio:<\/strong> At\u00e9 mesmo entre seus apoiadores, a confian\u00e7a pode se abalar.<\/li>\n<li><strong>Movimentos de Protesto:<\/strong> Incita\u00e7\u00e3o de movimentos de protesto mais intensos e frequentes.<\/li>\n<li><strong>Investiga\u00e7\u00f5es:<\/strong> Abertura de investiga\u00e7\u00f5es internacionais sobre os eventos capturados nos v\u00eddeos.<\/li>\n<\/ol>\n<p>\u00a0<\/p>\n<p>\u00c9 evidente que a situa\u00e7\u00e3o de Nicol\u00e1s Maduro est\u00e1, a cada hora, mais complicada. Com a dissemina\u00e7\u00e3o de v\u00eddeos atribu\u00eddos a fac\u00e7\u00f5es, a press\u00e3o aumenta, colocando em xeque sua capacidade de governar de forma est\u00e1vel e eficaz.<\/p>\n<h2 class=\"wp-block-heading\">Situa\u00e7\u00e3o do Pa\u00eds e Perspectivas Futuras<\/h2>\n<p>A situa\u00e7\u00e3o na Venezuela \u00e9, sem d\u00favida, cr\u00edtica e complexa. A divulga\u00e7\u00e3o constante de v\u00eddeos pol\u00eamicos apenas adiciona mais elementos \u00e0 j\u00e1 vol\u00e1til arena pol\u00edtica. A pergunta que fica \u00e9: at\u00e9 onde pode ir esse conflito antes que alguma resolu\u00e7\u00e3o comece a tomar forma?<\/p>\n<p>Para muitos venezuelanos, a esperan\u00e7a reside na possibilidade de que a exposi\u00e7\u00e3o constante das mazelas do pa\u00eds possa levar a uma mudan\u00e7a real. No entanto, a verdade \u00e9 que o futuro ainda \u00e9 incerto.<\/p>\n<p>Nicol\u00e1s Maduro enfrenta uma batalha \u00e1rdua, n\u00e3o apenas contra as fac\u00e7\u00f5es e a oposi\u00e7\u00e3o, mas tamb\u00e9m contra a crescente descren\u00e7a de muitos que um dia o apoiaram. E enquanto novos v\u00eddeos continuarem a surgir, sua posi\u00e7\u00e3o continuar\u00e1 a ser constantemente desafiada.<\/p>\n<\/p><\/div>\n<p><script async src=\"\/\/www.instagram.com\/embed.js\"><\/script><br \/>\n<br \/><br \/>\n<br \/><a href=\"https:\/\/terrabrasilnoticias.com\/2024\/07\/maior-faccao-criminosa-da-venezuela-da-72-horas-para-maduro-renunciar-veja-video\/\">Source link <\/a><\/p>","protected":false},"excerpt":{"rendered":"<p>foto: reprodu\u00e7\u00e3o Em meio \u00e0 crescente tens\u00e3o na Venezuela, mais um v\u00eddeo pol\u00eamico emergiu, atribu\u00eddo a fac\u00e7\u00f5es locais. Divulgado por jornalistas independentes, o material audiovisual intensifica a crise vivida pelo&hellip;<\/p>","protected":false},"author":1,"featured_media":12896,"comment_status":"closed","ping_status":"open","sticky":false,"template":"","format":"standard","meta":{"content-type":"","footnotes":""},"categories":[16],"tags":[],"class_list":["post-12895","post","type-post","status-publish","format-standard","has-post-thumbnail","hentry","category-noticias"],"_links":{"self":[{"href":"https:\/\/tvbrazilusa.com\/pt\/wp-json\/wp\/v2\/posts\/12895","targetHints":{"allow":["GET"]}}],"collection":[{"href":"https:\/\/tvbrazilusa.com\/pt\/wp-json\/wp\/v2\/posts"}],"about":[{"href":"https:\/\/tvbrazilusa.com\/pt\/wp-json\/wp\/v2\/types\/post"}],"author":[{"embeddable":true,"href":"https:\/\/tvbrazilusa.com\/pt\/wp-json\/wp\/v2\/users\/1"}],"replies":[{"embeddable":true,"href":"https:\/\/tvbrazilusa.com\/pt\/wp-json\/wp\/v2\/comments?post=12895"}],"version-history":[{"count":1,"href":"https:\/\/tvbrazilusa.com\/pt\/wp-json\/wp\/v2\/posts\/12895\/revisions"}],"predecessor-version":[{"id":12897,"href":"https:\/\/tvbrazilusa.com\/pt\/wp-json\/wp\/v2\/posts\/12895\/revisions\/12897"}],"wp:featuredmedia":[{"embeddable":true,"href":"https:\/\/tvbrazilusa.com\/pt\/wp-json\/wp\/v2\/media\/12896"}],"wp:attachment":[{"href":"https:\/\/tvbrazilusa.com\/pt\/wp-json\/wp\/v2\/media?parent=12895"}],"wp:term":[{"taxonomy":"category","embeddable":true,"href":"https:\/\/tvbrazilusa.com\/pt\/wp-json\/wp\/v2\/categories?post=12895"},{"taxonomy":"post_tag","embeddable":true,"href":"https:\/\/tvbrazilusa.com\/pt\/wp-json\/wp\/v2\/tags?post=12895"}],"curies":[{"name":"wp","href":"https:\/\/api.w.org\/{rel}","templated":true}]}}