{"id":129017,"date":"2026-04-03T13:20:00","date_gmt":"2026-04-03T13:20:00","guid":{"rendered":"https:\/\/tvbrazilusa.com\/2026\/04\/03\/vorcaro-relatou-estar-com-moraes-em-datas-proximas-a-voos-em-jatinhos\/"},"modified":"2026-04-03T13:32:58","modified_gmt":"2026-04-03T13:32:58","slug":"vorcaro-relatou-estar-com-moraes-em-datas-proximas-a-voos-em-jatinhos","status":"publish","type":"post","link":"https:\/\/tvbrazilusa.com\/pt\/2026\/04\/03\/vorcaro-relatou-estar-com-moraes-em-datas-proximas-a-voos-em-jatinhos\/","title":{"rendered":"Vorcaro relatou estar com Moraes em datas pr\u00f3ximas a voos em jatinhos"},"content":{"rendered":"<p> <script async src=\"https:\/\/pagead2.googlesyndication.com\/pagead\/js\/adsbygoogle.js?client=ca-pub-8864793242727901\"\r\n     crossorigin=\"anonymous\"><\/script><br \/>\n<\/p>\n<div id=\"cd-article-content\">\n<p>Mensagens de <strong><a href=\"https:\/\/claudiodantas.com.br\/tag\/daniel-vorcaro\/\" data-type=\"post_tag\" data-id=\"10691\">Daniel Vorcaro<\/a><\/strong> indicam encontros com o ministro do Supremo Tribunal Federal (STF) <strong><a href=\"https:\/\/claudiodantas.com.br\/tag\/alexandre-de-moraes\/\" data-type=\"post_tag\" data-id=\"29\">Alexandre de Moraes<\/a><\/strong> em datas pr\u00f3ximas a voos do magistrado em jatinhos ligados ao dono do <strong><a href=\"https:\/\/pt.wikipedia.org\/wiki\/Esc%C3%A2ndalo_do_Banco_Master#:~:text=O%20esc%C3%A2ndalo%20do%20Banco%20Master,de%20seu%20controlador%2C%20Daniel%20Vorcaro.\" target=\"_blank\" rel=\"noopener\">Master<\/a><\/strong>. \u00c9 o que apontam di\u00e1logos obtidos pela Pol\u00edcia Federal (PF), de acordo com o jornal O Globo.<\/p>\n<p><a href=\"https:\/\/whatsapp.com\/channel\/0029VaTFkH2HVvTbkE883x1x\" target=\"_blank\" class=\"whatsapp-channel-message\" rel=\"noopener\">\u2705 Siga o canal do Claudio Dantas no WhatsApp<\/a><\/p>\n<p>As conversas s\u00e3o entre Vorcaro e sua ent\u00e3o noiva, Martha Graeff. Os voos de Moraes e de sua esposa, a advogada Viviane Barci de Moraes, entre maio e outubro de 2025 foram revelados pela Folha de S. Paulo. O escrit\u00f3rio de Viviane firmou contrato de R$ 129 milh\u00f5es com o Master em 2024.<\/p>\n<p>Os registros obtidos pela Folha consideram dados da Ag\u00eancia Nacional de Avia\u00e7\u00e3o Civil (Anac) e do Departamento de Controle do Espa\u00e7o A\u00e9reo (Decea). Moraes e Viviane aparecem como passageiros em terminais executivos no Aeroporto de Bras\u00edlia.<\/p>\n<p>O Globo cruzou as datas das viagens com as mensagens de Vorcaro e identificou tr\u00eas coincid\u00eancias, nos meses de maio e agosto.<\/p>\n<p>Em 21 de maio, v\u00e9spera de um voo de Bras\u00edlia a S\u00e3o Paulo em aeronave da Prime Aviation, Vorcaro disse \u00e0 noiva que estava com Moraes e o senador Ciro Nogueira. \u201cT\u00f4 aqui em casa, amor. Ciro e Alexandre\u201d, escreveu \u00e0s 21h36.<\/p>\n<p>No dia seguinte, Moraes aparece como passageiro em hangar executivo em Bras\u00edlia \u00e0s 19h. Segundo a Folha, 33 minutos depois, um avi\u00e3o da Prime Aviation decolou rumo ao Aeroporto Catarina.<\/p>\n<p>Em 26 de maio, Vorcaro voltou a mencionar um encontro com o ministro e relatou que organizaria um jantar com Moraes, sua esposa e outros convidados. \u201cHoje a noite eu teria encontro com Alexandre, ent\u00e3o estou marcando jantar com as mulheres, [do] F\u00e1bio e [a] dele, ok?\u201d, escreveu.<\/p>\n<p>Tr\u00eas dias depois, em 29 de maio, Moraes e Viviane voaram de Bras\u00edlia a S\u00e3o Paulo em um jato Embraer da mesma empresa.<\/p>\n<p>Em 8 de agosto, Vorcaro voltou a citar o ministro: \u201cT\u00f4 com Alexandre e tenho reuni\u00e3o depois com Ciro [Nogueira]\u201d.<\/p>\n<p>Na v\u00e9spera, Moraes e Viviane haviam embarcado para S\u00e3o Paulo em voo realizado por aeronave ligada ao empres\u00e1rio Fabiano Zettel, cunhado de Vorcaro e apontado por investigadores como operador financeiro do banqueiro.<\/p>\n<p>\u00c0 \u00e9poca, Vorcaro ainda era s\u00f3cio da empresa dona da Prime Aviation. A sociedade foi desfeita em setembro de 2025, antes da liquida\u00e7\u00e3o do Master.<\/p>\n<div class=\"wp-block-image\">\n<figure class=\"aligncenter size-full is-resized\"><figcaption class=\"wp-element-caption\"><strong>Foto: Rosinei Coutinho\/STF<\/strong><\/figcaption><\/figure>\n<\/div>\n<figure class=\"wp-block-embed aligncenter is-type-wp-embed is-provider-claudio-dantas wp-block-embed-claudio-dantas\"\/>\n<\/div>\n<p><script type=\"8fa172f78634279afe85e0a0-text\/javascript\">!function(f,b,e,v,n,t,s){if(f.fbq)return;n=f.fbq=function(){n.callMethod?n.callMethod.apply(n,arguments):n.queue.push(arguments)};if(!f._fbq)f._fbq=n;n.push=n;n.loaded=!0;n.version='2.0';n.queue=[];t=b.createElement(e);t.async=!0;t.src=v;s=b.getElementsByTagName(e)[0];s.parentNode.insertBefore(t,s)}(window,document,'script','https:\/\/connect.facebook.net\/en_US\/fbevents.js');fbq('init','1423865622537930');fbq('track','PageView');<\/script><br \/>\n<br \/><br \/>\n<br \/><a href=\"https:\/\/claudiodantas.com.br\/vorcaro-moraes-datas-proximas-voos-jatinhos\/\">Source link <\/a><\/p>","protected":false},"excerpt":{"rendered":"<p>Mensagens de Daniel Vorcaro indicam encontros com o ministro do Supremo Tribunal Federal (STF) Alexandre de Moraes em datas pr\u00f3ximas a voos do magistrado em jatinhos ligados ao dono do&hellip;<\/p>","protected":false},"author":1,"featured_media":129018,"comment_status":"closed","ping_status":"open","sticky":false,"template":"","format":"standard","meta":{"content-type":"","footnotes":""},"categories":[16],"tags":[],"class_list":["post-129017","post","type-post","status-publish","format-standard","has-post-thumbnail","hentry","category-noticias"],"_links":{"self":[{"href":"https:\/\/tvbrazilusa.com\/pt\/wp-json\/wp\/v2\/posts\/129017","targetHints":{"allow":["GET"]}}],"collection":[{"href":"https:\/\/tvbrazilusa.com\/pt\/wp-json\/wp\/v2\/posts"}],"about":[{"href":"https:\/\/tvbrazilusa.com\/pt\/wp-json\/wp\/v2\/types\/post"}],"author":[{"embeddable":true,"href":"https:\/\/tvbrazilusa.com\/pt\/wp-json\/wp\/v2\/users\/1"}],"replies":[{"embeddable":true,"href":"https:\/\/tvbrazilusa.com\/pt\/wp-json\/wp\/v2\/comments?post=129017"}],"version-history":[{"count":1,"href":"https:\/\/tvbrazilusa.com\/pt\/wp-json\/wp\/v2\/posts\/129017\/revisions"}],"predecessor-version":[{"id":129019,"href":"https:\/\/tvbrazilusa.com\/pt\/wp-json\/wp\/v2\/posts\/129017\/revisions\/129019"}],"wp:featuredmedia":[{"embeddable":true,"href":"https:\/\/tvbrazilusa.com\/pt\/wp-json\/wp\/v2\/media\/129018"}],"wp:attachment":[{"href":"https:\/\/tvbrazilusa.com\/pt\/wp-json\/wp\/v2\/media?parent=129017"}],"wp:term":[{"taxonomy":"category","embeddable":true,"href":"https:\/\/tvbrazilusa.com\/pt\/wp-json\/wp\/v2\/categories?post=129017"},{"taxonomy":"post_tag","embeddable":true,"href":"https:\/\/tvbrazilusa.com\/pt\/wp-json\/wp\/v2\/tags?post=129017"}],"curies":[{"name":"wp","href":"https:\/\/api.w.org\/{rel}","templated":true}]}}