{"id":129020,"date":"2026-04-03T14:46:00","date_gmt":"2026-04-03T14:46:00","guid":{"rendered":"https:\/\/tvbrazilusa.com\/2026\/04\/03\/governo-exonera-rui-costa-jader-filho-e-marcio-franca\/"},"modified":"2026-04-03T15:01:06","modified_gmt":"2026-04-03T15:01:06","slug":"governo-exonera-rui-costa-jader-filho-e-marcio-franca","status":"publish","type":"post","link":"https:\/\/tvbrazilusa.com\/pt\/2026\/04\/03\/governo-exonera-rui-costa-jader-filho-e-marcio-franca\/","title":{"rendered":"Governo exonera Rui Costa, Jader Filho e M\u00e1rcio Fran\u00e7a"},"content":{"rendered":"<p> <script async src=\"https:\/\/pagead2.googlesyndication.com\/pagead\/js\/adsbygoogle.js?client=ca-pub-8864793242727901\"\r\n     crossorigin=\"anonymous\"><\/script><br \/>\n<\/p>\n<div id=\"cd-article-content\">\n<p>O <strong><a href=\"https:\/\/www.gov.br\/planalto\/pt-br\/conheca-a-presidencia\/palacios-e-residencias\/palacio-do-planalto\" target=\"_blank\" rel=\"noopener\">Pal\u00e1cio do Planalto<\/a><\/strong> oficializou a sa\u00edda dos ministros Rui Costa (Casa Civil), Jader Filho (Cidades) e M\u00e1rcio Fran\u00e7a (Empreendedorismo). Eles deixam os cargos para disputar as <strong><a href=\"https:\/\/claudiodantas.com.br\/tag\/eleicoes\/\" data-type=\"post_tag\" data-id=\"21\">elei\u00e7\u00f5es<\/a><\/strong> de outubro, conforme a legisla\u00e7\u00e3o eleitoral, que exige o afastamento do <strong><a href=\"https:\/\/claudiodantas.com.br\/tag\/executivo\/\" data-type=\"post_tag\" data-id=\"84\">Executivo<\/a><\/strong> 6 meses antes do pleito.<\/p>\n<p><a href=\"https:\/\/whatsapp.com\/channel\/0029VaTFkH2HVvTbkE883x1x\" target=\"_blank\" class=\"whatsapp-channel-message\" rel=\"noopener\">\u2705 Siga o canal do Claudio Dantas no WhatsApp<\/a><\/p>\n<p>As exonera\u00e7\u00f5es foram publicadas na noite de ontem (02). Rui Costa deve disputar uma vaga no Senado pela Bahia. Para o lugar, foi nomeada Miriam Belchior, ent\u00e3o secret\u00e1ria-executiva da Casa Civil.<\/p>\n<p>No Minist\u00e9rio das Cidades, Jader Filho deixa o cargo para concorrer a deputado federal pelo Par\u00e1. A pasta passa a ser ocupada por Ant\u00f4nio Vladimir Moura Lima.<\/p>\n<p>M\u00e1rcio Fran\u00e7a, por sua vez, sai do Minist\u00e9rio do Empreendedorismo para disputar o Senado por S\u00e3o Paulo.<\/p>\n<p>As mudan\u00e7as incluem movimenta\u00e7\u00f5es no 2\u00ba escal\u00e3o: Iraj\u00e1 Rezende de Lacerda deixou a Secretaria-Executiva do Minist\u00e9rio da Agricultura, enquanto Bruno Leit\u00e3o Praxedes foi nomeado secret\u00e1rio-executivo do Minist\u00e9rio dos Transportes.<\/p>\n<div class=\"wp-block-image\">\n<figure class=\"aligncenter size-large\"><figcaption class=\"wp-element-caption\"><strong>Foto: Marcelo Camargo\/Ag\u00eancia Brasil<\/strong><\/figcaption><\/figure>\n<\/div>\n<figure class=\"wp-block-embed aligncenter is-type-wp-embed is-provider-claudio-dantas wp-block-embed-claudio-dantas\"\/>\n<\/div>\n<p><script type=\"58cb80da4dc05bfa7b11d894-text\/javascript\">!function(f,b,e,v,n,t,s){if(f.fbq)return;n=f.fbq=function(){n.callMethod?n.callMethod.apply(n,arguments):n.queue.push(arguments)};if(!f._fbq)f._fbq=n;n.push=n;n.loaded=!0;n.version='2.0';n.queue=[];t=b.createElement(e);t.async=!0;t.src=v;s=b.getElementsByTagName(e)[0];s.parentNode.insertBefore(t,s)}(window,document,'script','https:\/\/connect.facebook.net\/en_US\/fbevents.js');fbq('init','1423865622537930');fbq('track','PageView');<\/script><br \/>\n<br \/><br \/>\n<br \/><a href=\"https:\/\/claudiodantas.com.br\/eleicoes-governo-rui-costa-jader-marcio\/\">Source link <\/a><\/p>","protected":false},"excerpt":{"rendered":"<p>O Pal\u00e1cio do Planalto oficializou a sa\u00edda dos ministros Rui Costa (Casa Civil), Jader Filho (Cidades) e M\u00e1rcio Fran\u00e7a (Empreendedorismo). Eles deixam os cargos para disputar as elei\u00e7\u00f5es de outubro,&hellip;<\/p>","protected":false},"author":1,"featured_media":129021,"comment_status":"closed","ping_status":"open","sticky":false,"template":"","format":"standard","meta":{"content-type":"","footnotes":""},"categories":[16],"tags":[],"class_list":["post-129020","post","type-post","status-publish","format-standard","has-post-thumbnail","hentry","category-noticias"],"_links":{"self":[{"href":"https:\/\/tvbrazilusa.com\/pt\/wp-json\/wp\/v2\/posts\/129020","targetHints":{"allow":["GET"]}}],"collection":[{"href":"https:\/\/tvbrazilusa.com\/pt\/wp-json\/wp\/v2\/posts"}],"about":[{"href":"https:\/\/tvbrazilusa.com\/pt\/wp-json\/wp\/v2\/types\/post"}],"author":[{"embeddable":true,"href":"https:\/\/tvbrazilusa.com\/pt\/wp-json\/wp\/v2\/users\/1"}],"replies":[{"embeddable":true,"href":"https:\/\/tvbrazilusa.com\/pt\/wp-json\/wp\/v2\/comments?post=129020"}],"version-history":[{"count":1,"href":"https:\/\/tvbrazilusa.com\/pt\/wp-json\/wp\/v2\/posts\/129020\/revisions"}],"predecessor-version":[{"id":129022,"href":"https:\/\/tvbrazilusa.com\/pt\/wp-json\/wp\/v2\/posts\/129020\/revisions\/129022"}],"wp:featuredmedia":[{"embeddable":true,"href":"https:\/\/tvbrazilusa.com\/pt\/wp-json\/wp\/v2\/media\/129021"}],"wp:attachment":[{"href":"https:\/\/tvbrazilusa.com\/pt\/wp-json\/wp\/v2\/media?parent=129020"}],"wp:term":[{"taxonomy":"category","embeddable":true,"href":"https:\/\/tvbrazilusa.com\/pt\/wp-json\/wp\/v2\/categories?post=129020"},{"taxonomy":"post_tag","embeddable":true,"href":"https:\/\/tvbrazilusa.com\/pt\/wp-json\/wp\/v2\/tags?post=129020"}],"curies":[{"name":"wp","href":"https:\/\/api.w.org\/{rel}","templated":true}]}}