{"id":129023,"date":"2026-04-03T15:20:00","date_gmt":"2026-04-03T15:20:00","guid":{"rendered":"https:\/\/tvbrazilusa.com\/2026\/04\/03\/kuwait-acusa-ira-de-atacar-usina-de-dessalinizacao-e-refinaria-de-petroleo\/"},"modified":"2026-04-03T15:25:03","modified_gmt":"2026-04-03T15:25:03","slug":"kuwait-acusa-ira-de-atacar-usina-de-dessalinizacao-e-refinaria-de-petroleo","status":"publish","type":"post","link":"https:\/\/tvbrazilusa.com\/pt\/2026\/04\/03\/kuwait-acusa-ira-de-atacar-usina-de-dessalinizacao-e-refinaria-de-petroleo\/","title":{"rendered":"Kuwait acusa Ir\u00e3 de atacar usina de dessaliniza\u00e7\u00e3o e refinaria de petr\u00f3leo"},"content":{"rendered":"<p> <script async src=\"https:\/\/pagead2.googlesyndication.com\/pagead\/js\/adsbygoogle.js?client=ca-pub-8864793242727901\"\r\n     crossorigin=\"anonymous\"><\/script><br \/>\n<\/p>\n<div id=\"cd-article-content\">\n<p>O <strong><a href=\"https:\/\/pt.wikipedia.org\/wiki\/Kuwait\" target=\"_blank\" rel=\"noopener\">Kuwait<\/a><\/strong> acusou o <strong><a href=\"https:\/\/claudiodantas.com.br\/ira-acusa-eua-de-planejar-ofensiva-terrestre\/\" data-type=\"post\" data-id=\"92962\">Ir\u00e3<\/a><\/strong> de atacar nesta sexta-feira (03) uma usina de energia e dessaliniza\u00e7\u00e3o e a refinaria de Mina al-Ahmadi. Segundo a estatal de <strong><a href=\"https:\/\/claudiodantas.com.br\/tag\/petroleo-2\/\" data-type=\"post_tag\" data-id=\"13882\">petr\u00f3leo<\/a><\/strong> kuwaitiana, o bombardeio provocou inc\u00eandios em diversas \u00e1reas do complexo.<\/p>\n<p><a href=\"https:\/\/whatsapp.com\/channel\/0029VaTFkH2HVvTbkE883x1x\" target=\"_blank\" class=\"whatsapp-channel-message\" rel=\"noopener\">\u2705 Siga o canal do Claudio Dantas no WhatsApp<\/a><\/p>\n<p>N\u00e3o h\u00e1 informa\u00e7\u00f5es sobre feridos at\u00e9 o momento. O regime dos aiatol\u00e1s nega a responsabilidade e atribui o ataque a Israel.<\/p>\n<p>O Minist\u00e9rio da Eletricidade, \u00c1gua e Energias Renov\u00e1veis do Kuwait responsabilizou o Ir\u00e3 e afirmou que houve danos em v\u00e1rias unidades da usina. J\u00e1 a Guarda Revolucion\u00e1ria Isl\u00e2mica (IRGC) rejeitou a acusa\u00e7\u00e3o e classificou o epis\u00f3dio como \u201ceste ato desumano\u201d.<\/p>\n<p>Em comunicado, a IRGC declarou <em>\u201cque as bases e o pessoal militar americanos na regi\u00e3o, bem como os centros militares e de seguran\u00e7a do regime sionista nos territ\u00f3rios palestinos ocupados, s\u00e3o nossos alvos priorit\u00e1rios\u201d.<\/em><\/p>\n<p>O primeiro-ministro do Reino Unido, Keir Starmer, classificou o ataque iraniano como \u201cirrespons\u00e1vel\u201d ap\u00f3s conversa com o pr\u00edncipe herdeiro do Kuwait, Meshal al-Ahmad al-Sabah. Ap\u00f3s o di\u00e1logo, o Reino Unido anunciou o envio do sistema de defesa a\u00e9rea Rapid Sentry ao Kuwait para proteger interesses brit\u00e2nicos e locais e evitar escalada do conflito.<\/p>\n<p>A infraestrutura atingida \u00e9 considerada estrat\u00e9gica. No Kuwait, cerca de 90% da \u00e1gua pot\u00e1vel depende de dessaliniza\u00e7\u00e3o, o que torna ataques desse tipo uma amea\u00e7a direta ao abastecimento.<\/p>\n<p>A ofensiva iraniana ocorre um dia ap\u00f3s os EUA atacarem uma ponte no Ir\u00e3, em meio \u00e0 escalada do conflito iniciado ap\u00f3s bombardeios conjuntos com Israel em fevereiro. O presidente Donald Trump tamb\u00e9m voltou a amea\u00e7ar atingir instala\u00e7\u00f5es el\u00e9tricas iranianas. <\/p>\n<p>Em resposta, o porta-voz militar iraniano, Ebrahim Zolfaghari, afirmou que Teer\u00e3 poder\u00e1 atacar infraestrutura energ\u00e9tica regional e ativos ligados a EUA e Israel. Segundo ele, caso as amea\u00e7as se concretizem, o Ir\u00e3 atingir\u00e1 instala\u00e7\u00f5es de energia, combust\u00edvel e telecomunica\u00e7\u00f5es com participa\u00e7\u00e3o norte-americana na regi\u00e3o.<\/p>\n<p>Desde o in\u00edcio da guerra no Oriente M\u00e9dio, em 28 de fevereiro, for\u00e7as iranianas t\u00eam retaliado com ataques a estruturas energ\u00e9ticas em pa\u00edses aliados dos EUA no Golfo, como Ras Laffan, no Catar.<\/p>\n<div class=\"wp-block-image\">\n<figure class=\"aligncenter size-large\"><figcaption class=\"wp-element-caption\"><strong>Foto: Jorono\/Pixabay<\/strong><\/figcaption><\/figure>\n<\/div>\n<\/div>\n<p><script type=\"438732372c3b71437f662163-text\/javascript\">!function(f,b,e,v,n,t,s){if(f.fbq)return;n=f.fbq=function(){n.callMethod?n.callMethod.apply(n,arguments):n.queue.push(arguments)};if(!f._fbq)f._fbq=n;n.push=n;n.loaded=!0;n.version='2.0';n.queue=[];t=b.createElement(e);t.async=!0;t.src=v;s=b.getElementsByTagName(e)[0];s.parentNode.insertBefore(t,s)}(window,document,'script','https:\/\/connect.facebook.net\/en_US\/fbevents.js');fbq('init','1423865622537930');fbq('track','PageView');<\/script><br \/>\n<br \/><br \/>\n<br \/><a href=\"https:\/\/claudiodantas.com.br\/kuwait-ira-dessalinizacao-refinaria-petroleo\/\">Source link <\/a><\/p>","protected":false},"excerpt":{"rendered":"<p>O Kuwait acusou o Ir\u00e3 de atacar nesta sexta-feira (03) uma usina de energia e dessaliniza\u00e7\u00e3o e a refinaria de Mina al-Ahmadi. Segundo a estatal de petr\u00f3leo kuwaitiana, o bombardeio&hellip;<\/p>","protected":false},"author":1,"featured_media":129024,"comment_status":"closed","ping_status":"open","sticky":false,"template":"","format":"standard","meta":{"content-type":"","footnotes":""},"categories":[16],"tags":[],"class_list":["post-129023","post","type-post","status-publish","format-standard","has-post-thumbnail","hentry","category-noticias"],"_links":{"self":[{"href":"https:\/\/tvbrazilusa.com\/pt\/wp-json\/wp\/v2\/posts\/129023","targetHints":{"allow":["GET"]}}],"collection":[{"href":"https:\/\/tvbrazilusa.com\/pt\/wp-json\/wp\/v2\/posts"}],"about":[{"href":"https:\/\/tvbrazilusa.com\/pt\/wp-json\/wp\/v2\/types\/post"}],"author":[{"embeddable":true,"href":"https:\/\/tvbrazilusa.com\/pt\/wp-json\/wp\/v2\/users\/1"}],"replies":[{"embeddable":true,"href":"https:\/\/tvbrazilusa.com\/pt\/wp-json\/wp\/v2\/comments?post=129023"}],"version-history":[{"count":1,"href":"https:\/\/tvbrazilusa.com\/pt\/wp-json\/wp\/v2\/posts\/129023\/revisions"}],"predecessor-version":[{"id":129025,"href":"https:\/\/tvbrazilusa.com\/pt\/wp-json\/wp\/v2\/posts\/129023\/revisions\/129025"}],"wp:featuredmedia":[{"embeddable":true,"href":"https:\/\/tvbrazilusa.com\/pt\/wp-json\/wp\/v2\/media\/129024"}],"wp:attachment":[{"href":"https:\/\/tvbrazilusa.com\/pt\/wp-json\/wp\/v2\/media?parent=129023"}],"wp:term":[{"taxonomy":"category","embeddable":true,"href":"https:\/\/tvbrazilusa.com\/pt\/wp-json\/wp\/v2\/categories?post=129023"},{"taxonomy":"post_tag","embeddable":true,"href":"https:\/\/tvbrazilusa.com\/pt\/wp-json\/wp\/v2\/tags?post=129023"}],"curies":[{"name":"wp","href":"https:\/\/api.w.org\/{rel}","templated":true}]}}