{"id":129035,"date":"2026-04-03T21:56:54","date_gmt":"2026-04-03T21:56:54","guid":{"rendered":"https:\/\/tvbrazilusa.com\/2026\/04\/03\/moraes-vota-para-manter-restricoes-a-daniel-silveira-no-regime-aberto-paulo-figueiredo\/"},"modified":"2026-04-03T22:00:02","modified_gmt":"2026-04-03T22:00:02","slug":"moraes-vota-para-manter-restricoes-a-daniel-silveira-no-regime-aberto-paulo-figueiredo","status":"publish","type":"post","link":"https:\/\/tvbrazilusa.com\/pt\/2026\/04\/03\/moraes-vota-para-manter-restricoes-a-daniel-silveira-no-regime-aberto-paulo-figueiredo\/","title":{"rendered":"Moraes vota para manter restri\u00e7\u00f5es a Daniel Silveira no regime aberto &#8211; Paulo Figueiredo"},"content":{"rendered":"<p> <script async src=\"https:\/\/pagead2.googlesyndication.com\/pagead\/js\/adsbygoogle.js?client=ca-pub-8864793242727901\"\r\n     crossorigin=\"anonymous\"><\/script><br \/>\n<\/p>\n<div id=\"wtr-content\" data-bg=\"#FFFFFF\" data-fg=\"#006d91\" data-width=\"25\" data-mute=\"1\" data-fgopacity=\"1.00\" data-mutedopacity=\"0.5\" data-placement=\"bottom\" data-placement-offset=\"0\" data-content-offset=\"262\" data-placement-touch=\"bottom\" data-placement-offset-touch=\"0\" data-transparent=\"\" data-shadow=\"0\" data-touch=\"1\" data-non-touch=\"1\" data-comments=\"0\" data-commentsbg=\"transparent\" data-location=\"page\" data-mutedfg=\"#006d91\" data-endfg=\"#006d91\" data-rtl=\"\">\n<h4 class=\"wp-block-heading\">Ex-deputado cumpre pena com limita\u00e7\u00f5es de circula\u00e7\u00e3o \u00e0 noite, aos fins de semana e feriados<\/h4>\n<p>O ministro do\u00a0STF\u00a0(Supremo Tribunal Federal) Alexandre de Moraes votou nesta 6\u00aa feira para manter as restri\u00e7\u00f5es impostas ao ex-deputado\u00a0Daniel Silveira\u00a0no regime aberto.<\/p>\n<p>O caso est\u00e1 no plen\u00e1rio virtual da 1\u00aa Turma do STF at\u00e9 13 de abril. At\u00e9 agora, s\u00f3 Moraes, relator do caso, votou. Faltam Fl\u00e1vio Dino, Cristiano Zanin e C\u00e1rmen L\u00facia.<\/p>\n<p>A defesa de Silveira\u00a0havia pedido\u00a0a flexibiliza\u00e7\u00e3o das condi\u00e7\u00f5es do regime, como a amplia\u00e7\u00e3o do hor\u00e1rio de circula\u00e7\u00e3o e ajustes na rotina para viabilizar a realiza\u00e7\u00e3o de um curso de Direito.\u00a0<\/p>\n<p>O ex-deputado cumpre pena em regime aberto com restri\u00e7\u00f5es de movimenta\u00e7\u00e3o \u00e0 noite, aos s\u00e1bados, domingos e feriados.<\/p>\n<p>Os advogados haviam solicitado:<\/p>\n<ul class=\"wp-block-list\">\n<li>que o hor\u00e1rio de circula\u00e7\u00e3o seja estendido das 6h \u00e0s 22h para que Silveira frequente regularmente o curso de Direito no per\u00edodo noturno, sem preju\u00edzo do monitoramento eletr\u00f4nico;\u00a0<\/li>\n<li>que o mesmo hor\u00e1rio aplicado aos dias \u00fateis seja estendido aos finais de semana e feriados, possibilitando o conv\u00edvio familiar e social, especialmente com a mulher e as filhas, permitindo atividades ordin\u00e1rias da vida em sociedade, como frequentar igreja, shopping, cinema e demais atividades familiares.<\/li>\n<\/ul>\n<p>Segundo Moraes, por\u00e9m, Silveira pode estudar, mas deve se adaptar \u00e0s regras da pena, j\u00e1 que ainda n\u00e3o cumpriu metade da\u00a0condena\u00e7\u00e3o\u00a0de 8 anos e 9 meses. Ele foi condenado por supostas amea\u00e7as ao Estado Democr\u00e1tico de Direito e incita\u00e7\u00e3o \u00e0 viol\u00eancia contra ministros do Supremo.<\/p>\n<p><em>\u201cO argumento de que as restri\u00e7\u00f5es atuais inviabilizam o acesso \u00e0 educa\u00e7\u00e3o n\u00e3o se sustenta. A decis\u00e3o agravada n\u00e3o pro\u00edbe o agravante de estudar. Apenas exige que ele encontre uma alternativa de curso cujo hor\u00e1rio seja compat\u00edvel com as condi\u00e7\u00f5es do regime aberto\u201d<\/em>, declarou Moraes.<\/p>\n<p><em>\u201cConforme apontado pelo Minist\u00e9rio P\u00fablico Federal, h\u00e1 no mercado uma ampla oferta de cursos na \u00e1rea de Direito, inclusive em turnos diversos do noturno, o que permite ao apenado conciliar seu projeto acad\u00eamico com o cumprimento da pena\u201d<\/em>, afirmou.<\/p>\n<p>Moraes declarou tamb\u00e9m que o pedido para flexibilizar o hor\u00e1rio de circula\u00e7\u00e3o para fins de semana e feriados \u00e9\u00a0<em>\u201cmanifestamente incompat\u00edvel com a disciplina do regime aberto\u201d<\/em>.<\/p>\n<p><em>\u201cAutorizar a livre circula\u00e7\u00e3o nos dias de repouso descaracterizaria por completo a natureza do regime, aproximando-o indevidamente da liberdade plena e esvaziando o car\u00e1ter sancionat\u00f3rio da pena.\u201d<\/em><\/p>\n<p><a href=\"https:\/\/www.poder360.com.br\/poder-justica\/moraes-vota-para-manter-restricoes-a-daniel-silveira-no-regime-aberto\/\">Cr\u00e9dito Poder360<\/a><\/p>\n<\/div>\n<p><br \/>\n<br \/><a href=\"https:\/\/paulofigueiredoshow.com\/moraes-vota-para-manter-restricoes-a-daniel-silveira-no-regime-aberto\/\">Source link <\/a><\/p>","protected":false},"excerpt":{"rendered":"<p>Ex-deputado cumpre pena com limita\u00e7\u00f5es de circula\u00e7\u00e3o \u00e0 noite, aos fins de semana e feriados O ministro do\u00a0STF\u00a0(Supremo Tribunal Federal) Alexandre de Moraes votou nesta 6\u00aa feira para manter as&hellip;<\/p>","protected":false},"author":1,"featured_media":8302,"comment_status":"closed","ping_status":"open","sticky":false,"template":"","format":"standard","meta":{"content-type":"","footnotes":""},"categories":[16],"tags":[],"class_list":["post-129035","post","type-post","status-publish","format-standard","has-post-thumbnail","hentry","category-noticias"],"_links":{"self":[{"href":"https:\/\/tvbrazilusa.com\/pt\/wp-json\/wp\/v2\/posts\/129035","targetHints":{"allow":["GET"]}}],"collection":[{"href":"https:\/\/tvbrazilusa.com\/pt\/wp-json\/wp\/v2\/posts"}],"about":[{"href":"https:\/\/tvbrazilusa.com\/pt\/wp-json\/wp\/v2\/types\/post"}],"author":[{"embeddable":true,"href":"https:\/\/tvbrazilusa.com\/pt\/wp-json\/wp\/v2\/users\/1"}],"replies":[{"embeddable":true,"href":"https:\/\/tvbrazilusa.com\/pt\/wp-json\/wp\/v2\/comments?post=129035"}],"version-history":[{"count":1,"href":"https:\/\/tvbrazilusa.com\/pt\/wp-json\/wp\/v2\/posts\/129035\/revisions"}],"predecessor-version":[{"id":129036,"href":"https:\/\/tvbrazilusa.com\/pt\/wp-json\/wp\/v2\/posts\/129035\/revisions\/129036"}],"wp:featuredmedia":[{"embeddable":true,"href":"https:\/\/tvbrazilusa.com\/pt\/wp-json\/wp\/v2\/media\/8302"}],"wp:attachment":[{"href":"https:\/\/tvbrazilusa.com\/pt\/wp-json\/wp\/v2\/media?parent=129035"}],"wp:term":[{"taxonomy":"category","embeddable":true,"href":"https:\/\/tvbrazilusa.com\/pt\/wp-json\/wp\/v2\/categories?post=129035"},{"taxonomy":"post_tag","embeddable":true,"href":"https:\/\/tvbrazilusa.com\/pt\/wp-json\/wp\/v2\/tags?post=129035"}],"curies":[{"name":"wp","href":"https:\/\/api.w.org\/{rel}","templated":true}]}}