{"id":129046,"date":"2026-04-03T22:19:46","date_gmt":"2026-04-03T22:19:46","guid":{"rendered":"https:\/\/tvbrazilusa.com\/2026\/04\/03\/sem-maioria-no-senado-lula-diz-que-senador-pensa-que-e-deus-paulo-figueiredo\/"},"modified":"2026-04-03T22:25:05","modified_gmt":"2026-04-03T22:25:05","slug":"sem-maioria-no-senado-lula-diz-que-senador-pensa-que-e-deus-paulo-figueiredo","status":"publish","type":"post","link":"https:\/\/tvbrazilusa.com\/pt\/2026\/04\/03\/sem-maioria-no-senado-lula-diz-que-senador-pensa-que-e-deus-paulo-figueiredo\/","title":{"rendered":"Sem maioria no Senado, Lula diz que senador \u201cpensa que \u00e9 Deus\u201d &#8211; Paulo Figueiredo"},"content":{"rendered":"<p> <script async src=\"https:\/\/pagead2.googlesyndication.com\/pagead\/js\/adsbygoogle.js?client=ca-pub-8864793242727901\"\r\n     crossorigin=\"anonymous\"><\/script><br \/>\n<\/p>\n<div id=\"wtr-content\" data-bg=\"#FFFFFF\" data-fg=\"#006d91\" data-width=\"25\" data-mute=\"1\" data-fgopacity=\"1.00\" data-mutedopacity=\"0.5\" data-placement=\"bottom\" data-placement-offset=\"0\" data-content-offset=\"262\" data-placement-touch=\"bottom\" data-placement-offset-touch=\"0\" data-transparent=\"\" data-shadow=\"0\" data-touch=\"1\" data-non-touch=\"1\" data-comments=\"0\" data-commentsbg=\"transparent\" data-location=\"page\" data-mutedfg=\"#006d91\" data-endfg=\"#006d91\" data-rtl=\"\">\n<p>O presidente\u00a0Luiz In\u00e1cio Lula da Silva\u00a0(PT) afirmou que senadores podem criar problemas para o governo e, por isso, o objetivo de sua campanha \u00e9 formar maioria no Congresso. Para Lula, um senador com mandato de oito anos \u201cpensa que \u00e9 Deus\u201d.<\/p>\n<p>\u201cUm governador mant\u00e9m rela\u00e7\u00e3o civilizada com o presidente da Rep\u00fablica porque o governador tamb\u00e9m precisa do presidente. Mas um senador com mandato de oito anos pensa que \u00e9 Deus. E ele pode criar muito problema se voc\u00ea n\u00e3o tiver uma base de sustenta\u00e7\u00e3o dentro do senado. E isso \u00e9 o que n\u00f3s fazemos\u201d, disse o petista, em entrevista \u00e0\u00a0<em>TV Cidade<\/em>, no Cear\u00e1, nesta quarta-feira (1\u00ba).<\/p>\n<p>Nas elei\u00e7\u00f5es deste ano, 54 das 81 vagas do Senado est\u00e3o em jogo. O governo aposta na candidatura de diversos ministros na disputa pela Casa Alta. Lula defendeu a necessidade de fazer alian\u00e7as com outros partidos para o pleito.<\/p>\n<p>\u201cN\u00e3o se faz composi\u00e7\u00e3o apenas com quem voc\u00ea gosta. Quem voc\u00ea gosta j\u00e1 est\u00e1 com voc\u00ea. Tem que fazer composi\u00e7\u00e3o com as pessoas que pensam diferente, mas que s\u00e3o capazes de construir minimamente um projeto para o pa\u00eds\u201d, afirmou.<\/p>\n<p>Dos 18 ministros que est\u00e3o de sa\u00edda da Esplanada, ao menos sete devem disputar uma vaga ao Senado. Entre eles, Rui Costa (PT-BA), da Casa Civil; Gleisi Hoffmann (PT-PR), da Secretaria de Rela\u00e7\u00f5es Institucionais; Simone Tebet (PSB-SP), do Planejamento; e Marina Silva (Rede-SP), do Meio Ambiente.<\/p>\n<h4 class=\"wp-block-heading\">Fala de Lula pode dificultar apoio a Messias<\/h4>\n<p>A declara\u00e7\u00e3o do presidente ocorreu no mesmo dia em que o governo enviou ao Senado a\u00a0mensagem\u00a0oficializando a indica\u00e7\u00e3o do advogado-geral da Uni\u00e3o, Jorge Messias, ao Supremo Tribunal Federal (STF).<\/p>\n<p>Lula indicou Messias ao STF em novembro do ano passado, mas decidiu n\u00e3o mandar a mensagem ao presidente do Senado, Davi Alcolumbre (Uni\u00e3o-AP), diante da resist\u00eancia ao nome do AGU.<\/p>\n<p>N\u00e3o h\u00e1 prazo para Alcolumbre encaminhar o documento \u00e0 Comiss\u00e3o de Constitui\u00e7\u00e3o e Justi\u00e7a (CCJ), respons\u00e1vel por organizar a sabatina do indicado.<\/p>\n<p>Para ser aprovado na CCJ, Messias precisa do apoio de 14 dos 27 senadores que comp\u00f5em o colegiado. J\u00e1 no plen\u00e1rio do Senado, s\u00e3o necess\u00e1rios ao menos 41 votos para a aprova\u00e7\u00e3o.<\/p>\n<p><strong><a href=\"https:\/\/www.gazetadopovo.com.br\/eleicoes\/2026\/sem-maioria-no-senado-lula-diz-que-senador-pensa-que-e-deus\/?utm_source=twitter&#038;utm_medium=midia-social&#038;utm_campaign=gazeta-do-povo\">Cr\u00e9dito Gazeta do Povo<\/a><\/strong><\/p>\n<\/div>\n<p><br \/>\n<br \/><a href=\"https:\/\/paulofigueiredoshow.com\/sem-maioria-no-senado-lula-diz-que-senador-pensa-que-e-deus\/\">Source link <\/a><\/p>","protected":false},"excerpt":{"rendered":"<p>O presidente\u00a0Luiz In\u00e1cio Lula da Silva\u00a0(PT) afirmou que senadores podem criar problemas para o governo e, por isso, o objetivo de sua campanha \u00e9 formar maioria no Congresso. Para Lula,&hellip;<\/p>","protected":false},"author":1,"featured_media":129047,"comment_status":"closed","ping_status":"open","sticky":false,"template":"","format":"standard","meta":{"content-type":"","footnotes":""},"categories":[16],"tags":[],"class_list":["post-129046","post","type-post","status-publish","format-standard","has-post-thumbnail","hentry","category-noticias"],"_links":{"self":[{"href":"https:\/\/tvbrazilusa.com\/pt\/wp-json\/wp\/v2\/posts\/129046","targetHints":{"allow":["GET"]}}],"collection":[{"href":"https:\/\/tvbrazilusa.com\/pt\/wp-json\/wp\/v2\/posts"}],"about":[{"href":"https:\/\/tvbrazilusa.com\/pt\/wp-json\/wp\/v2\/types\/post"}],"author":[{"embeddable":true,"href":"https:\/\/tvbrazilusa.com\/pt\/wp-json\/wp\/v2\/users\/1"}],"replies":[{"embeddable":true,"href":"https:\/\/tvbrazilusa.com\/pt\/wp-json\/wp\/v2\/comments?post=129046"}],"version-history":[{"count":1,"href":"https:\/\/tvbrazilusa.com\/pt\/wp-json\/wp\/v2\/posts\/129046\/revisions"}],"predecessor-version":[{"id":129048,"href":"https:\/\/tvbrazilusa.com\/pt\/wp-json\/wp\/v2\/posts\/129046\/revisions\/129048"}],"wp:featuredmedia":[{"embeddable":true,"href":"https:\/\/tvbrazilusa.com\/pt\/wp-json\/wp\/v2\/media\/129047"}],"wp:attachment":[{"href":"https:\/\/tvbrazilusa.com\/pt\/wp-json\/wp\/v2\/media?parent=129046"}],"wp:term":[{"taxonomy":"category","embeddable":true,"href":"https:\/\/tvbrazilusa.com\/pt\/wp-json\/wp\/v2\/categories?post=129046"},{"taxonomy":"post_tag","embeddable":true,"href":"https:\/\/tvbrazilusa.com\/pt\/wp-json\/wp\/v2\/tags?post=129046"}],"curies":[{"name":"wp","href":"https:\/\/api.w.org\/{rel}","templated":true}]}}