{"id":129049,"date":"2026-04-03T22:30:25","date_gmt":"2026-04-03T22:30:25","guid":{"rendered":"https:\/\/tvbrazilusa.com\/2026\/04\/03\/flavio-bolsonaro-chama-pt-de-especialista-em-mentir-sobre-pix-paulo-figueiredo\/"},"modified":"2026-04-03T22:31:03","modified_gmt":"2026-04-03T22:31:03","slug":"flavio-bolsonaro-chama-pt-de-especialista-em-mentir-sobre-pix-paulo-figueiredo","status":"publish","type":"post","link":"https:\/\/tvbrazilusa.com\/pt\/2026\/04\/03\/flavio-bolsonaro-chama-pt-de-especialista-em-mentir-sobre-pix-paulo-figueiredo\/","title":{"rendered":"Fl\u00e1vio Bolsonaro chama PT de \u201cespecialista em mentir\u201d sobre Pix &#8211; Paulo Figueiredo"},"content":{"rendered":"<p> <script async src=\"https:\/\/pagead2.googlesyndication.com\/pagead\/js\/adsbygoogle.js?client=ca-pub-8864793242727901\"\r\n     crossorigin=\"anonymous\"><\/script><br \/>\n<\/p>\n<div id=\"wtr-content\" data-bg=\"#FFFFFF\" data-fg=\"#006d91\" data-width=\"25\" data-mute=\"1\" data-fgopacity=\"1.00\" data-mutedopacity=\"0.5\" data-placement=\"bottom\" data-placement-offset=\"0\" data-content-offset=\"262\" data-placement-touch=\"bottom\" data-placement-offset-touch=\"0\" data-transparent=\"\" data-shadow=\"0\" data-touch=\"1\" data-non-touch=\"1\" data-comments=\"0\" data-commentsbg=\"transparent\" data-location=\"page\" data-mutedfg=\"#006d91\" data-endfg=\"#006d91\" data-rtl=\"\">\n<h4 class=\"wp-block-heading\">Senador reagiu a falas de Lula e Lindbergh Farias sobre suposto fim do Pix<\/h4>\n<p>O senador e pr\u00e9-candidato \u00e0 Presid\u00eancia\u00a0Fl\u00e1vio Bolsonaro\u00a0(PL-RJ)\u00a0publicou um v\u00eddeo no Instagram\u00a0nessa 5\u00aa feira no qual chama o PT (Partido dos Trabalhadores) de\u00a0<em>\u201cespecialista em mentir<\/em>\u201d.<\/p>\n<p>A postagem \u00e9 uma rea\u00e7\u00e3o\u00a0\u00e0s declara\u00e7\u00f5es\u00a0do presidente\u00a0Luiz In\u00e1cio Lula da Silva\u00a0(PT) e do deputado federal\u00a0Lindbergh Farias\u00a0(PT-RJ) sobre a confiabilidade do Pix. As falas dos petistas se deram um dia depois de os EUA\u00a0publicarem um relat\u00f3rio\u00a0que critica o Pix. O governo Trump\u00a0 argumenta que o meio de pagamento brasileiro cria poss\u00edveis distor\u00e7\u00f5es no com\u00e9rcio internacional.<\/p>\n<p>No v\u00eddeo, Fl\u00e1vio Bolsonaro simula perguntas sobre o futuro do sistema de pagamentos no ChatGPT. Ao ser questionado se\u00a0<em>\u201cFl\u00e1vio Bolsonaro vai acabar com o Pix?\u201d<\/em>, o chatbot responde que a afirma\u00e7\u00e3o \u00e9 baseada em fake news.<\/p>\n<h4 class=\"wp-block-heading\">Entenda<\/h4>\n<p>O deputado Lindbergh Farias afirmou nesta nesta 5\u00aa feira (2.abr) em suas redes sociais que o filho do ex-presidente\u00a0Jair Bolsonaro\u00a0(PL), se eleito, acabar\u00e1 com o Pix a mando do presidente dos EUA,\u00a0Donald Trump\u00a0(Partido Republicano, direita).\u00a0<\/p>\n<p>Lula tamb\u00e9m\u00a0tratou do assunto\u00a0nessa 5\u00aa feira durante evento na Bahia. O presidente afirmou que o\u00a0<em>\u201cPix \u00e9 do Brasil\u201d<\/em>\u00a0e que ningu\u00e9m mudar\u00e1 o sistema.<\/p>\n<p><strong><a href=\"https:\/\/www.poder360.com.br\/poder-governo\/flavio-bolsonaro-chama-pt-de-especialista-em-mentir-sobre-pix\/\">Cr\u00e9dito Poder360<\/a><\/strong><\/p>\n<\/div>\n<p><br \/>\n<br \/><a href=\"https:\/\/paulofigueiredoshow.com\/flavio-bolsonaro-chama-pt-de-especialista-em-mentir-sobre-pix\/\">Source link <\/a><\/p>","protected":false},"excerpt":{"rendered":"<p>Senador reagiu a falas de Lula e Lindbergh Farias sobre suposto fim do Pix O senador e pr\u00e9-candidato \u00e0 Presid\u00eancia\u00a0Fl\u00e1vio Bolsonaro\u00a0(PL-RJ)\u00a0publicou um v\u00eddeo no Instagram\u00a0nessa 5\u00aa feira no qual chama&hellip;<\/p>","protected":false},"author":1,"featured_media":129050,"comment_status":"closed","ping_status":"open","sticky":false,"template":"","format":"standard","meta":{"content-type":"","footnotes":""},"categories":[16],"tags":[],"class_list":["post-129049","post","type-post","status-publish","format-standard","has-post-thumbnail","hentry","category-noticias"],"_links":{"self":[{"href":"https:\/\/tvbrazilusa.com\/pt\/wp-json\/wp\/v2\/posts\/129049","targetHints":{"allow":["GET"]}}],"collection":[{"href":"https:\/\/tvbrazilusa.com\/pt\/wp-json\/wp\/v2\/posts"}],"about":[{"href":"https:\/\/tvbrazilusa.com\/pt\/wp-json\/wp\/v2\/types\/post"}],"author":[{"embeddable":true,"href":"https:\/\/tvbrazilusa.com\/pt\/wp-json\/wp\/v2\/users\/1"}],"replies":[{"embeddable":true,"href":"https:\/\/tvbrazilusa.com\/pt\/wp-json\/wp\/v2\/comments?post=129049"}],"version-history":[{"count":1,"href":"https:\/\/tvbrazilusa.com\/pt\/wp-json\/wp\/v2\/posts\/129049\/revisions"}],"predecessor-version":[{"id":129051,"href":"https:\/\/tvbrazilusa.com\/pt\/wp-json\/wp\/v2\/posts\/129049\/revisions\/129051"}],"wp:featuredmedia":[{"embeddable":true,"href":"https:\/\/tvbrazilusa.com\/pt\/wp-json\/wp\/v2\/media\/129050"}],"wp:attachment":[{"href":"https:\/\/tvbrazilusa.com\/pt\/wp-json\/wp\/v2\/media?parent=129049"}],"wp:term":[{"taxonomy":"category","embeddable":true,"href":"https:\/\/tvbrazilusa.com\/pt\/wp-json\/wp\/v2\/categories?post=129049"},{"taxonomy":"post_tag","embeddable":true,"href":"https:\/\/tvbrazilusa.com\/pt\/wp-json\/wp\/v2\/tags?post=129049"}],"curies":[{"name":"wp","href":"https:\/\/api.w.org\/{rel}","templated":true}]}}