{"id":129055,"date":"2026-04-03T22:35:32","date_gmt":"2026-04-03T22:35:32","guid":{"rendered":"https:\/\/tvbrazilusa.com\/2026\/04\/03\/vorcaro-dividiu-jatinho-com-politicos-diz-jornal-paulo-figueiredo\/"},"modified":"2026-04-03T22:42:58","modified_gmt":"2026-04-03T22:42:58","slug":"vorcaro-dividiu-jatinho-com-politicos-diz-jornal-paulo-figueiredo","status":"publish","type":"post","link":"https:\/\/tvbrazilusa.com\/pt\/2026\/04\/03\/vorcaro-dividiu-jatinho-com-politicos-diz-jornal-paulo-figueiredo\/","title":{"rendered":"Vorcaro dividiu jatinho com pol\u00edticos, diz jornal &#8211; Paulo Figueiredo"},"content":{"rendered":"<p> <script async src=\"https:\/\/pagead2.googlesyndication.com\/pagead\/js\/adsbygoogle.js?client=ca-pub-8864793242727901\"\r\n     crossorigin=\"anonymous\"><\/script><br \/>\n<\/p>\n<div id=\"wtr-content\" data-bg=\"#FFFFFF\" data-fg=\"#006d91\" data-width=\"25\" data-mute=\"1\" data-fgopacity=\"1.00\" data-mutedopacity=\"0.5\" data-placement=\"bottom\" data-placement-offset=\"0\" data-content-offset=\"262\" data-placement-touch=\"bottom\" data-placement-offset-touch=\"0\" data-transparent=\"\" data-shadow=\"0\" data-touch=\"1\" data-non-touch=\"1\" data-comments=\"0\" data-commentsbg=\"transparent\" data-location=\"page\" data-mutedfg=\"#006d91\" data-endfg=\"#006d91\" data-rtl=\"\">\n<h4 class=\"wp-block-heading\">Ex-banqueiro viajou a S\u00e3o Paulo acompanhado por tr\u00eas parlamentares e dois ex-ministros em agosto de 2025<\/h4>\n<p>Os registros do hangar de avia\u00e7\u00e3o executiva do\u00a0Aeroporto de Bras\u00edlia\u00a0revelam que Daniel Vorcaro, ex-banqueiro, esteve em um voo para S\u00e3o Paulo acompanhado por tr\u00eas parlamentares e dois ex-ministros em agosto de 2025. A informa\u00e7\u00e3o foi divulgada pelo jornal\u00a0<em>O Globo<\/em>, nesta quarta-feira, 1\u00ba.<\/p>\n<p>Nesse deslocamento estavam presentes o\u00a0senador\u00a0Ciro Nogueira (PP-PI), os deputados Isnaldo Bulh\u00f5es (MDB-AL) e Rodrigo Gambale (Podemos-SP), al\u00e9m de F\u00e1bio Faria (ex-ministro das Comunica\u00e7\u00f5es) e Bruno Bianco (ex-advogado-geral da Uni\u00e3o). A aeronave utilizada era um Embraer Phenom 300, prefixo PR-NGM, operado pelas empresas Aviation Management Services e Voar.<\/p>\n<h4 class=\"wp-block-heading\" id=\"h-detalhes-do-voo-entre-vorcaro-e-os-politicos\">Detalhes do voo entre Vorcaro e os pol\u00edticos<\/h4>\n<p>Os dados do hangar mostram que o grupo acessou as instala\u00e7\u00f5es \u00e0s 15h do dia 28 daquele m\u00eas. A decolagem foi registrada \u00e0s 15h36 e o pouso em S\u00e3o Paulo \u00e0s 16h57. At\u00e9 as 19h do mesmo dia, n\u00e3o h\u00e1 registro de outros voos executivos para S\u00e3o Paulo.<\/p>\n<p>Gambale afirmou \u00e0 CNN Brasil que \u201cn\u00e3o sabia quem era Vorcaro, nem que estava com ele no voo\u201d. O deputado tamb\u00e9m declarou que s\u00f3 posteriormente tomou conhecimento de quem se tratava e negou qualquer rela\u00e7\u00e3o com o ex-banqueiro. Os demais envolvidos n\u00e3o responderam aos contatos da emissora.<\/p>\n<h4 class=\"wp-block-heading\" id=\"h-acusacoes-contra-o-ministro-alexandre-de-moraes\">Acusa\u00e7\u00f5es contra o ministro Alexandre de Moraes<\/h4>\n<p>Paralelamente, o jornal\u00a0<em>Folha de S.Paulo<\/em>\u00a0publicou na ter\u00e7a-feira 31, que Alexandre de Moraes, ministro do Supremo Tribunal Federal, teria utilizado pelo menos oito voos em aeronaves de empresas associadas a Vorcaro entre maio e outubro de 2025, acompanhado de sua mulher, Viviane Barci de Moraes.<\/p>\n<p>Em resposta, o gabinete do magistrado negou as informa\u00e7\u00f5es. A equipe do ministro afirmou que as \u201cila\u00e7\u00f5es da fantasiosa mat\u00e9ria s\u00e3o absolutamente falsas\u201d, e acrescentou que o ministro \u201cjamais viajou em nenhum avi\u00e3o de Vorcaro ou em sua companhia\u201d.<\/p>\n<p><strong><a href=\"https:\/\/revistaoeste.com\/politica\/vorcaro-dividiu-jatinho-com-politicos-diz-jornal\/\">Cr\u00e9dito Revista Oeste<\/a><\/strong><\/p>\n<\/div>\n<p><br \/>\n<br \/><a href=\"https:\/\/paulofigueiredoshow.com\/vorcaro-dividiu-jatinho-com-politicos-diz-jornal\/\">Source link <\/a><\/p>","protected":false},"excerpt":{"rendered":"<p>Ex-banqueiro viajou a S\u00e3o Paulo acompanhado por tr\u00eas parlamentares e dois ex-ministros em agosto de 2025 Os registros do hangar de avia\u00e7\u00e3o executiva do\u00a0Aeroporto de Bras\u00edlia\u00a0revelam que Daniel Vorcaro, ex-banqueiro,&hellip;<\/p>","protected":false},"author":1,"featured_media":129056,"comment_status":"closed","ping_status":"open","sticky":false,"template":"","format":"standard","meta":{"content-type":"","footnotes":""},"categories":[16],"tags":[],"class_list":["post-129055","post","type-post","status-publish","format-standard","has-post-thumbnail","hentry","category-noticias"],"_links":{"self":[{"href":"https:\/\/tvbrazilusa.com\/pt\/wp-json\/wp\/v2\/posts\/129055","targetHints":{"allow":["GET"]}}],"collection":[{"href":"https:\/\/tvbrazilusa.com\/pt\/wp-json\/wp\/v2\/posts"}],"about":[{"href":"https:\/\/tvbrazilusa.com\/pt\/wp-json\/wp\/v2\/types\/post"}],"author":[{"embeddable":true,"href":"https:\/\/tvbrazilusa.com\/pt\/wp-json\/wp\/v2\/users\/1"}],"replies":[{"embeddable":true,"href":"https:\/\/tvbrazilusa.com\/pt\/wp-json\/wp\/v2\/comments?post=129055"}],"version-history":[{"count":1,"href":"https:\/\/tvbrazilusa.com\/pt\/wp-json\/wp\/v2\/posts\/129055\/revisions"}],"predecessor-version":[{"id":129057,"href":"https:\/\/tvbrazilusa.com\/pt\/wp-json\/wp\/v2\/posts\/129055\/revisions\/129057"}],"wp:featuredmedia":[{"embeddable":true,"href":"https:\/\/tvbrazilusa.com\/pt\/wp-json\/wp\/v2\/media\/129056"}],"wp:attachment":[{"href":"https:\/\/tvbrazilusa.com\/pt\/wp-json\/wp\/v2\/media?parent=129055"}],"wp:term":[{"taxonomy":"category","embeddable":true,"href":"https:\/\/tvbrazilusa.com\/pt\/wp-json\/wp\/v2\/categories?post=129055"},{"taxonomy":"post_tag","embeddable":true,"href":"https:\/\/tvbrazilusa.com\/pt\/wp-json\/wp\/v2\/tags?post=129055"}],"curies":[{"name":"wp","href":"https:\/\/api.w.org\/{rel}","templated":true}]}}