{"id":129058,"date":"2026-04-03T22:28:52","date_gmt":"2026-04-03T22:28:52","guid":{"rendered":"https:\/\/tvbrazilusa.com\/2026\/04\/03\/saiba-tudo-que-diz-o-relatorio-the-attack-on-free-speech-abroad-the-case-of-brazil-part-iii-paulo-figueiredo\/"},"modified":"2026-04-03T22:49:16","modified_gmt":"2026-04-03T22:49:16","slug":"saiba-tudo-que-diz-o-relatorio-the-attack-on-free-speech-abroad-the-case-of-brazil-part-iii-paulo-figueiredo","status":"publish","type":"post","link":"https:\/\/tvbrazilusa.com\/pt\/2026\/04\/03\/saiba-tudo-que-diz-o-relatorio-the-attack-on-free-speech-abroad-the-case-of-brazil-part-iii-paulo-figueiredo\/","title":{"rendered":"Saiba tudo que diz o relat\u00f3rio \u201cThe Attack on Free Speech Abroad: The Case of Brazil \u2013 Part III\u201d &#8211; Paulo Figueiredo"},"content":{"rendered":"<p> <script async src=\"https:\/\/pagead2.googlesyndication.com\/pagead\/js\/adsbygoogle.js?client=ca-pub-8864793242727901\"\r\n     crossorigin=\"anonymous\"><\/script><br \/>\n<\/p>\n<div id=\"wtr-content\" data-bg=\"#FFFFFF\" data-fg=\"#006d91\" data-width=\"25\" data-mute=\"1\" data-fgopacity=\"1.00\" data-mutedopacity=\"0.5\" data-placement=\"bottom\" data-placement-offset=\"0\" data-content-offset=\"262\" data-placement-touch=\"bottom\" data-placement-offset-touch=\"0\" data-transparent=\"\" data-shadow=\"0\" data-touch=\"1\" data-non-touch=\"1\" data-comments=\"0\" data-commentsbg=\"transparent\" data-location=\"page\" data-mutedfg=\"#006d91\" data-endfg=\"#006d91\" data-rtl=\"\">\n<p>\u201cThe Attack on Free Speech Abroad: The Case of Brazil \u2013 Part III\u201d \u00e9 um documento oficial elaborado pelo Comit\u00ea Judici\u00e1rio da C\u00e2mara dos Representantes dos Estados Unidos, respons\u00e1vel por supervisionar quest\u00f5es legais e constitucionais no pa\u00eds. Trata-se de um relat\u00f3rio interino baseado em documentos obtidos por meio de intima\u00e7\u00f5es a empresas de tecnologia, com o objetivo de investigar at\u00e9 que ponto leis, decis\u00f5es judiciais e a\u00e7\u00f5es de governos estrangeiros, especialmente do Brasil, estariam influenciando, pressionando ou for\u00e7ando a censura de conte\u00fados dentro dos pr\u00f3prios Estados Unidos, afetando diretamente a liberdade de express\u00e3o protegida pela Constitui\u00e7\u00e3o americana.<\/p>\n<p>Entrando no n\u00facleo do relat\u00f3rio, o primeiro grande ponto \u00e9 o das ordens de censura extraterritoriais. O documento afirma que autoridades brasileiras, especialmente o ministro Alexandre de Moraes, passaram a emitir decis\u00f5es com alcance global, ou seja, n\u00e3o apenas bloqueando conte\u00fado dentro do Brasil, mas exigindo sua remo\u00e7\u00e3o em todo o mundo. Isso inclui conte\u00fados acess\u00edveis nos Estados Unidos. H\u00e1 exemplos concretos, como ordens desde 2020 para remo\u00e7\u00e3o global de contas cr\u00edticas ao Supremo Tribunal Federal, com justificativas ligadas a \u201cfake news\u201d, ataques institucionais ou amea\u00e7as. O ponto central aqui \u00e9 que o crit\u00e9rio utilizado frequentemente envolve discurso pol\u00edtico.<\/p>\n<p>O segundo ponto trata do alvo direto em cidad\u00e3os e discursos baseados nos Estados Unidos. O relat\u00f3rio apresenta casos detalhados de indiv\u00edduos residentes em territ\u00f3rio americano que foram alvo dessas decis\u00f5es. Um dos exemplos \u00e9 o de Bruno Aiub (Monark), que vive na Fl\u00f3rida e teve dezenas de contas removidas em diversas plataformas simultaneamente, al\u00e9m de exig\u00eancias de entrega de dados pessoais. Outro caso \u00e9 o jornalista Allan dos Santos, que tamb\u00e9m reside nos EUA e foi alvo de bloqueios, multas contra plataformas e medidas extremas contra empresas que se recusaram a censur\u00e1-lo. Para o Comit\u00ea, isso configura uma tentativa direta de um governo estrangeiro de regular o discurso dentro dos Estados Unidos.<\/p>\n<p>Ainda dentro desse ponto, o relat\u00f3rio revela algo ainda mais sens\u00edvel: pedidos de remo\u00e7\u00e3o de conte\u00fados envolvendo pol\u00edtica americana. H\u00e1 registros de solicita\u00e7\u00f5es para retirada de postagens que mencionavam Donald Trump, Joe Biden e a USAID. Em alguns casos, o simples fato de o conte\u00fado alegar \u201cfraude eleitoral\u201d foi suficiente para justificar a tentativa de remo\u00e7\u00e3o. Isso amplia o alcance do problema: n\u00e3o se trata apenas de pol\u00edtica brasileira, mas de interfer\u00eancia potencial no debate pol\u00edtico americano.<\/p>\n<p>O terceiro ponto aborda a coordena\u00e7\u00e3o internacional da censura. O documento aponta que o Brasil n\u00e3o atua isoladamente, mas participa de um ambiente global de coopera\u00e7\u00e3o com outros governos e institui\u00e7\u00f5es. Um exemplo citado \u00e9 um encontro organizado por Stanford em 2025, reunindo representantes do Brasil, Uni\u00e3o Europeia, Reino Unido e Austr\u00e1lia. Segundo o relat\u00f3rio, esses encontros funcionam como f\u00f3runs de troca de estrat\u00e9gias de modera\u00e7\u00e3o e enforcement digital. Para os autores, isso configura um \u201ccomplexo internacional de censura\u201d, no qual diferentes pa\u00edses alinham pr\u00e1ticas que podem afetar o fluxo global de informa\u00e7\u00e3o.<\/p>\n<p>O quarto ponto trata da tentativa de atingir opositores pol\u00edticos. O relat\u00f3rio afirma que muitas decis\u00f5es judiciais t\u00eam como alvo indiv\u00edduos alinhados \u00e0 oposi\u00e7\u00e3o, especialmente ligados \u00e0 fam\u00edlia Bolsonaro. O caso mais detalhado \u00e9 o de Eduardo Bolsonaro, residente nos Estados Unidos, que foi alvo de ordens sigilosas para coleta de dados e restri\u00e7\u00f5es digitais. Essas ordens inclu\u00edam cl\u00e1usulas que impediam as plataformas de informar o pr\u00f3prio alvo sobre as medidas. Ao mesmo tempo, ele foi colocado sob investiga\u00e7\u00e3o e levado a julgamento por sua atua\u00e7\u00e3o pol\u00edtica no exterior.<\/p>\n<p>Esse ponto se conecta diretamente ao contexto eleitoral. O relat\u00f3rio destaca que Fl\u00e1vio Bolsonaro aparece em empate t\u00e9cnico com Lula nas pesquisas para 2026. Diante disso, os autores levantam a hip\u00f3tese de que o uso do Judici\u00e1rio pode impactar o equil\u00edbrio pol\u00edtico, especialmente ao limitar a atua\u00e7\u00e3o digital de determinados grupos em per\u00edodo pr\u00e9-eleitoral.<\/p>\n<p>O quinto ponto \u00e9 o do silenciamento permanente e estrutural. O documento mostra que n\u00e3o se trata apenas de remover conte\u00fados espec\u00edficos, mas de impedir que certos indiv\u00edduos voltem a se expressar. H\u00e1 ordens exigindo que plataformas bloqueiem a cria\u00e7\u00e3o de novas contas por determinados usu\u00e1rios. Em outros casos, a reativa\u00e7\u00e3o de perfis s\u00f3 ocorre mediante condi\u00e7\u00f5es: apagar conte\u00fados, pagar multas e prometer n\u00e3o repetir determinadas opini\u00f5es. Isso cria, segundo o relat\u00f3rio, um sistema de autocensura for\u00e7ada.<\/p>\n<p>O sexto ponto aborda o combate ao uso de VPNs, que s\u00e3o ferramentas usadas para acessar conte\u00fados bloqueados. O relat\u00f3rio afirma que autoridades brasileiras passaram a aplicar multas a usu\u00e1rios que utilizam VPNs para contornar restri\u00e7\u00f5es. Al\u00e9m disso, o documento alerta para um efeito mais amplo: governos passam a usar a exist\u00eancia de VPNs como justificativa para exigir remo\u00e7\u00f5es globais, argumentando que bloqueios locais n\u00e3o s\u00e3o suficientes. Isso, na pr\u00e1tica, amplia o alcance da censura para al\u00e9m das fronteiras nacionais.<\/p>\n<p>O s\u00e9timo ponto trata de uma mudan\u00e7a estrutural: a remo\u00e7\u00e3o de prote\u00e7\u00f5es legais das plataformas digitais. Em decis\u00e3o de 2025, o Supremo Tribunal Federal passou a responsabilizar empresas por conte\u00fados de usu\u00e1rios caso n\u00e3o removam material considerado problem\u00e1tico. Segundo o relat\u00f3rio, isso cria um incentivo direto para que plataformas adotem remo\u00e7\u00f5es preventivas em massa, inclusive fora do Brasil, para evitar riscos jur\u00eddicos. Um ministro do pr\u00f3prio STF \u00e9 citado afirmando que essa decis\u00e3o pode servir de \u201cparadigma global\u201d.<\/p>\n<p>Por fim, o relat\u00f3rio apresenta sua conclus\u00e3o geral, que sintetiza todos esses elementos: o Brasil, segundo o Comit\u00ea, n\u00e3o est\u00e1 apenas regulando sua internet dom\u00e9stica, mas desenvolvendo um modelo com impacto global. A combina\u00e7\u00e3o de ordens extraterritoriais, press\u00e3o sobre empresas, coordena\u00e7\u00e3o internacional e mudan\u00e7as legais cria, na vis\u00e3o dos autores, um sistema capaz de influenciar o que pode ou n\u00e3o ser dito em escala mundial, incluindo nos Estados Unidos.<\/p>\n<p>A resposta institucional americana, segundo o documento, j\u00e1 est\u00e1 em curso. O Congresso afirma que continuar\u00e1 investigando e considera poss\u00edveis medidas legislativas para proteger a liberdade de express\u00e3o dos cidad\u00e3os americanos frente a esse tipo de interfer\u00eancia estrangeira. O caso brasileiro, portanto, deixa de ser apenas um tema dom\u00e9stico e passa a ocupar o centro do debate global sobre soberania digital e liberdade de express\u00e3o.<\/p>\n<\/div>\n<p><br \/>\n<br \/><a href=\"https:\/\/paulofigueiredoshow.com\/saiba-tudo-que-diz-o-relatorio-the-attack-on-free-speech-abroad-the-case-of-brazil-part-iii\/\">Source link <\/a><\/p>","protected":false},"excerpt":{"rendered":"<p>\u201cThe Attack on Free Speech Abroad: The Case of Brazil \u2013 Part III\u201d \u00e9 um documento oficial elaborado pelo Comit\u00ea Judici\u00e1rio da C\u00e2mara dos Representantes dos Estados Unidos, respons\u00e1vel por&hellip;<\/p>","protected":false},"author":1,"featured_media":129059,"comment_status":"closed","ping_status":"open","sticky":false,"template":"","format":"standard","meta":{"content-type":"","footnotes":""},"categories":[16],"tags":[],"class_list":["post-129058","post","type-post","status-publish","format-standard","has-post-thumbnail","hentry","category-noticias"],"_links":{"self":[{"href":"https:\/\/tvbrazilusa.com\/pt\/wp-json\/wp\/v2\/posts\/129058","targetHints":{"allow":["GET"]}}],"collection":[{"href":"https:\/\/tvbrazilusa.com\/pt\/wp-json\/wp\/v2\/posts"}],"about":[{"href":"https:\/\/tvbrazilusa.com\/pt\/wp-json\/wp\/v2\/types\/post"}],"author":[{"embeddable":true,"href":"https:\/\/tvbrazilusa.com\/pt\/wp-json\/wp\/v2\/users\/1"}],"replies":[{"embeddable":true,"href":"https:\/\/tvbrazilusa.com\/pt\/wp-json\/wp\/v2\/comments?post=129058"}],"version-history":[{"count":1,"href":"https:\/\/tvbrazilusa.com\/pt\/wp-json\/wp\/v2\/posts\/129058\/revisions"}],"predecessor-version":[{"id":129060,"href":"https:\/\/tvbrazilusa.com\/pt\/wp-json\/wp\/v2\/posts\/129058\/revisions\/129060"}],"wp:featuredmedia":[{"embeddable":true,"href":"https:\/\/tvbrazilusa.com\/pt\/wp-json\/wp\/v2\/media\/129059"}],"wp:attachment":[{"href":"https:\/\/tvbrazilusa.com\/pt\/wp-json\/wp\/v2\/media?parent=129058"}],"wp:term":[{"taxonomy":"category","embeddable":true,"href":"https:\/\/tvbrazilusa.com\/pt\/wp-json\/wp\/v2\/categories?post=129058"},{"taxonomy":"post_tag","embeddable":true,"href":"https:\/\/tvbrazilusa.com\/pt\/wp-json\/wp\/v2\/tags?post=129058"}],"curies":[{"name":"wp","href":"https:\/\/api.w.org\/{rel}","templated":true}]}}